{"id":101831,"date":"2022-01-27T22:59:35","date_gmt":"2022-01-28T03:59:35","guid":{"rendered":"http:\/\/elcuartopoder.com.mx\/nw\/?p=101831"},"modified":"2022-01-27T22:59:37","modified_gmt":"2022-01-28T03:59:37","slug":"por-que-el-27-de-enero-se-celebra-el-dia-internacional-en-conmemoracion-de-las-victimas-del-holocausto","status":"publish","type":"post","link":"https:\/\/elcuartopoder.com.mx\/nw\/internacionales\/por-que-el-27-de-enero-se-celebra-el-dia-internacional-en-conmemoracion-de-las-victimas-del-holocausto\/","title":{"rendered":"\u00bfPor qu\u00e9 el 27 de enero se celebra el D\u00eda Internacional en Conmemoraci\u00f3n de las V\u00edctimas del Holocausto?"},"content":{"rendered":"\n<h2 class=\"wp-block-heading\">Fecha que busca no solo rendir homenaje a los cientos de personas que murieron en los campos de concentraci\u00f3n nazi.<\/h2>\n\n\n\n<p><strong>El 27 de enero se celebra el D\u00eda Internacional de Conmemoraci\u00f3n de las V\u00edctimas del Holocausto<\/strong>, una fecha que busca no solo rendir homenaje a los cientos de personas que murieron en los campos de concentraci\u00f3n nazi, sino tambi\u00e9n tomar medidas para ayudar a los m\u00e1s j\u00f3venes a crear resiliencia en cuanto a las ideolog\u00edas de odio.<\/p>\n\n\n\n<h2 class=\"wp-block-heading\" id=\"resTit_2\">\u00bfPor qu\u00e9 se recuerda a las v\u00edctimas del holocausto el 27 de enero?<\/h2>\n\n\n\n<p>La&nbsp;<strong>Asamblea General de la ONU<\/strong>&nbsp;decidi\u00f3 en 2005 declarar este d\u00eda teniendo en cuenta que fue el 27 de enero de 1945 cuando las tropas sovi\u00e9ticas liberaron el campo de concentraci\u00f3n y exterminio nazi de Auschwitz-Birkenau.<\/p>\n\n\n\n<p>Seis millones de hombres, mujeres y ni\u00f1os jud\u00edos perecieron en el Holocausto. Y este evento no solo afect\u00f3 a los pa\u00edses donde se cometieron cr\u00edmenes nazis sino tambi\u00e9n en otros muchos lugares del mundo, donde muchas personas tambi\u00e9n perdieron la vida.<\/p>\n\n\n\n<p>M\u00e1s de setenta y cinco a\u00f1os despu\u00e9s, los Estados comparten la responsabilidad colectiva de abordar los traumas a\u00fan vivos, conmemorar los hechos, cuidar de los lugares hist\u00f3ricos para guardar la memoria y promover la educaci\u00f3n, documentaci\u00f3n y la investigaci\u00f3n.<\/p>\n\n\n\n<h2 class=\"wp-block-heading\" id=\"resTit_3\">Campa\u00f1a para 2022: Memoria, dignidad y justicia<\/h2>\n\n\n\n<p>Es el lema de las Naciones Unidas para la Semana de Conmemoraci\u00f3n del Holocausto en 2022. La campa\u00f1a se centra en recordar y escribir la historia para aportar dignidad y justicia a qui\u00e9nes vivieron aquella barbarie y a qui\u00e9nes murieron. Las acciones conmemorativas y educativas que se van a desarrollar se centran en destacar las acciones emprendidas por los supervivientes en los a\u00f1os posteriores a la devastaci\u00f3n, para as\u00ed reclamar sus derechos, su patrimonio cultural y su historia, adem\u00e1s de su dignidad.<\/p>\n\n\n\n<p>Se van a desarrollar actos y eventos relacionados:<\/p>\n\n\n\n<ol class=\"wp-block-list\"><li>Exposici\u00f3n \u201cDespu\u00e9s del fin del mundo: desplazados y campos de desplazados\u201d.&nbsp;<em>Del 20 de enero al 20 de febrero 2022.<\/em><\/li><li>Ceremonia de las Naciones Unidas en el D\u00eda Internacional de Conmemoraci\u00f3n en memoria de las v\u00edctimas del Holocausto. 2<em>7 de enero 2022, de 11:00 a.m. \u2013 12:30 p.m. (UTC -5).<\/em>Se retransmitir\u00e1 en directo en todo el mundo a trav\u00e9s de la Web TV de la ONU.<\/li><li><em>3 de febrero de 2022.<\/em>Sesi\u00f3n informativa para la sociedad civil \u201cEl futuro de la memoria: memoria del Holocausto, historia y nuevos medios de comunicaci\u00f3n\u201d. De 11:00 a.m. \u2013 12:30 p.m. (UTC -5).<\/li><li>10 de febrero de 2022.Debate virtual sobre la pel\u00edcula \u201cLos \u00faltimos supervivientes\u201d.<\/li><\/ol>\n\n\n\n<h2 class=\"wp-block-heading\" id=\"resTit_4\">G\u00e9rmenes del odio: xenofobia, antisemitismo y discriminaci\u00f3n de g\u00e9nero<\/h2>\n\n\n\n<p>Actualmente, se han propagado en la sociedad otros tipos de discriminaci\u00f3n, m\u00e1s all\u00e1 de aquellas promovidas por grupos neonazis o de supremacistas blancos. Hoy el mundo tiene que lidiar con problemas como la xenofobia, la discriminaci\u00f3n de g\u00e9nero u orientaci\u00f3n sexual.<\/p>\n\n\n\n<h2 class=\"wp-block-heading\" id=\"resTit_5\">\u00bfQu\u00e9 es la xenofobia?<\/h2>\n\n\n\n<p>La xenofobia es un temor irracional hacia los extranjeros, lo cual provoca rechazos e incluso puede conducir a actos violentos como maltrato, violaci\u00f3n de los derechos b\u00e1sicos de la persona e incluso la muerte del individuo.<\/p>\n\n\n\n<p>Se dice que es irracional, puesto que no necesariamente existen bases que justifiquen el odio o rechazo hacia la persona diferente, m\u00e1s all\u00e1 de su idioma, color de piel o condici\u00f3n de extranjero.<\/p>\n\n\n\n<p>La xenofobia es uno de los problemas de la actualidad que puede desencadenar cr\u00edmenes de odio, debido al alto n\u00famero de inmigrantes que se han visto en la necesidad de abandonar su pa\u00eds bien sea por situaciones b\u00e9licas, problemas pol\u00edticos o falta de oportunidades en el lugar de donde provienen.<\/p>\n\n\n\n<h2 class=\"wp-block-heading\" id=\"resTit_6\">El antisemitismo: otro problema de discriminaci\u00f3n<\/h2>\n\n\n\n<p>El antisemitismo fue el eje fundamental que desat\u00f3 el holocausto nazi. Se conoce como antisemitismo al rechazo hacia la comunidad jud\u00eda y su discriminaci\u00f3n social, econ\u00f3mica y pol\u00edtica.<\/p>\n\n\n\n<p>A\u00fan hoy en d\u00eda perviven ideales antisemitas, lo que ha llevado a muchos movimientos en pro de los derechos humanos y ONGs a ponerse manos a la obra para garantizar la igualdad de oportunidades para los jud\u00edos en varias \u00e1reas de trabajo y pa\u00edses del mundo.<\/p>\n\n\n\n<h2 class=\"wp-block-heading\" id=\"resTit_7\">Pel\u00edculas sobre el Holocausto que no te puedes perder<\/h2>\n\n\n\n<p>Hay mucha literatura y filmograf\u00eda basada en el Holocausto, y ser\u00eda imposible resumir todas las obras literarias, pel\u00edculas, series y documentales sobre ello, aunque te damos algunos t\u00edtulos que seguro que has visto m\u00e1s de una vez:<\/p>\n\n\n\n<ul class=\"wp-block-list\"><li><em><strong>La Lista de Schindler (EEUU. Director: Steven Spielberg. A\u00f1o 1993):&nbsp;<\/strong><\/em>Un empresario alem\u00e1n que contrata a jud\u00edos provenientes del campo de concentraci\u00f3n de Plaszow se da cuenta de que puede hacer algo m\u00e1s por salvar a estas personas de una muerte segura. Una obra maestra de Steven Spielberg que no deja a nadie indiferente.<\/li><li><em><strong>El pianista (Reino Unido. Director: Roman Polanski. A\u00f1o: 2002):<\/strong><\/em>&nbsp;un brillante pianista polaco de origen jud\u00edo vive con su familia en el ghetto de Varsovia, pero cuando los alemanes invaden Polonia consigue huir y esconderse gracias a algunos amigos, pero tendr\u00e1 que superar vivir en el aislamiento durante mucho tiempo y lidiar con peligros constantes. Cuenta con escenas que cortan el aliento a cualquiera.<\/li><li><em><strong>El ni\u00f1o con el pijama de rayas (Reino Unido. Director: Mark Herman. A\u00f1o: 2008):<\/strong><\/em>&nbsp;en Berl\u00edn, un ni\u00f1o alem\u00e1n hijo del comandante de un campo de concentraci\u00f3n entabla una tierna amistad con un ni\u00f1o jud\u00edo que vive al otro lado de la alambrada.<\/li><li><em><strong>El Diario de Ana Frank (Reino Unido. Director: Jon Jones. A\u00f1o: 2009):&nbsp;<\/strong><\/em>Miniserie de TV basada en la novela del mismo nombre, escrita por una ni\u00f1a holandesa que narra d\u00eda a d\u00eda el estallido de la guerra y la invasi\u00f3n de su pa\u00eds por los alemanes.<\/li><li><em><strong>La vida es bella (Italia. Director: Roberto Benigni. A\u00f1o: 1999):&nbsp;<\/strong><\/em>una familia jud\u00eda es internada en un campo de concentraci\u00f3n donde el padre hace lo imposible por hacer creer a su peque\u00f1o hijo que todo se trata de un juego, logrando esconderlo y protegerlo de las atrocidades del campo de exterminio.<\/li><\/ul>\n\n\n\n<h2 class=\"wp-block-heading\" id=\"resTit_8\">Conmemorar el D\u00eda de las V\u00edctimas del Holocausto<\/h2>\n\n\n\n<figure class=\"wp-block-image\"><a href=\"https:\/\/www.diainternacionalde.com\/ficha\/dia-internacional-victimas-holocausto#5088155b-6e16-48bc-87e5-a07a548daac8\"><img decoding=\"async\" src=\"https:\/\/www.diainternacionalde.com\/imagenes\/dias\/enero\/01-27_dia-victimas-holocausto_varsovia_m.jpg\" alt=\"Jud\u00edos polacos capturados por alemanes durante el Levantamiento del gueto de Varsovia, mayo de 1943\"\/><\/a><figcaption>Jud\u00edos polacos capturados por alemanes durante el Levantamiento del gueto de Varsovia, mayo de 1943<\/figcaption><\/figure>\n\n\n\n<p>Para conmemorar este d\u00eda lo mejor es&nbsp;<em>compartir frases de aceptaci\u00f3n y tolerancia hacia aquellos que son diferentes<\/em>. Todos los seres humanos padecemos los mismos miedos, so\u00f1amos con cosas similares. Buscamos ser felices de formas distintas, as\u00ed que no rechacemos a nadie por su color de piel, creencias religiosas, nacionalidad, g\u00e9nero o condici\u00f3n social.<\/p>\n\n\n\n<p>Comparte tus ideas sobre c\u00f3mo evitar un nuevo holocausto a trav\u00e9s de las redes sociales utilizando el hashtag<br><strong><em>#D\u00edaInternacionaldeConmemoraci\u00f3ndelasV\u00edctimasdelHolocausto<\/em><\/strong><\/p>\n\n\n\n<p><\/p>\n","protected":false},"excerpt":{"rendered":"<p>Fecha que busca no solo rendir homenaje a los cientos de personas que murieron en los campos de concentraci\u00f3n nazi. El 27 de enero se celebra el D\u00eda Internacional de Conmemoraci\u00f3n de las V\u00edctimas del Holocausto, una fecha que busca no solo rendir homenaje a los cientos de personas que murieron en los campos de [&hellip;]<\/p>\n","protected":false},"author":2,"featured_media":101832,"comment_status":"open","ping_status":"open","sticky":false,"template":"","format":"standard","meta":{"footnotes":""},"categories":[8],"tags":[],"class_list":["post-101831","post","type-post","status-publish","format-standard","has-post-thumbnail","hentry","category-internacionales"],"_links":{"self":[{"href":"https:\/\/elcuartopoder.com.mx\/nw\/wp-json\/wp\/v2\/posts\/101831","targetHints":{"allow":["GET"]}}],"collection":[{"href":"https:\/\/elcuartopoder.com.mx\/nw\/wp-json\/wp\/v2\/posts"}],"about":[{"href":"https:\/\/elcuartopoder.com.mx\/nw\/wp-json\/wp\/v2\/types\/post"}],"author":[{"embeddable":true,"href":"https:\/\/elcuartopoder.com.mx\/nw\/wp-json\/wp\/v2\/users\/2"}],"replies":[{"embeddable":true,"href":"https:\/\/elcuartopoder.com.mx\/nw\/wp-json\/wp\/v2\/comments?post=101831"}],"version-history":[{"count":1,"href":"https:\/\/elcuartopoder.com.mx\/nw\/wp-json\/wp\/v2\/posts\/101831\/revisions"}],"predecessor-version":[{"id":101833,"href":"https:\/\/elcuartopoder.com.mx\/nw\/wp-json\/wp\/v2\/posts\/101831\/revisions\/101833"}],"wp:featuredmedia":[{"embeddable":true,"href":"https:\/\/elcuartopoder.com.mx\/nw\/wp-json\/wp\/v2\/media\/101832"}],"wp:attachment":[{"href":"https:\/\/elcuartopoder.com.mx\/nw\/wp-json\/wp\/v2\/media?parent=101831"}],"wp:term":[{"taxonomy":"category","embeddable":true,"href":"https:\/\/elcuartopoder.com.mx\/nw\/wp-json\/wp\/v2\/categories?post=101831"},{"taxonomy":"post_tag","embeddable":true,"href":"https:\/\/elcuartopoder.com.mx\/nw\/wp-json\/wp\/v2\/tags?post=101831"}],"curies":[{"name":"wp","href":"https:\/\/api.w.org\/{rel}","templated":true}]}}