{"id":101834,"date":"2022-01-27T23:08:26","date_gmt":"2022-01-28T04:08:26","guid":{"rendered":"http:\/\/elcuartopoder.com.mx\/nw\/?p=101834"},"modified":"2022-01-27T23:08:29","modified_gmt":"2022-01-28T04:08:29","slug":"america-intento-fichar-a-carlos-vela-pero-no-les-alcanzo-para-pagar-lo-que-pedia-el-cancunense","status":"publish","type":"post","link":"https:\/\/elcuartopoder.com.mx\/nw\/entretenimiento\/deportes\/america-intento-fichar-a-carlos-vela-pero-no-les-alcanzo-para-pagar-lo-que-pedia-el-cancunense\/","title":{"rendered":"Am\u00e9rica intent\u00f3 fichar a Carlos Vela, pero no les alcanz\u00f3 para pagar lo que ped\u00eda el cancunense"},"content":{"rendered":"\n<h2 class=\"wp-block-heading\">Vela quer\u00eda ganar m\u00e1s de 6 millones de d\u00f3lares, algo que estaba fuera del alcance de los azulcremas.<\/h2>\n\n\n\n<p>Uno de los delanteros m\u00e1s cotizados por el futbol mexicano es Carlos Vela. El atacante nacional nunca ha jugado en nuestro pa\u00eds, y este mercado de fichajes de invierno estuvo cerca de arribar al Am\u00e9rica, pero al final su contrataci\u00f3n no se dio.<\/p>\n\n\n\n<p>El delantero mexicano termin\u00f3 su contrato con el LAFC el pasado mes de diciembre de 2021, despu\u00e9s de llegar al conjunto angelino en 2018. Tras tres a\u00f1os de \u00e9xitos, ninguna de las partes quiso separarse y llegaron a un acuerdo para renovar por un a\u00f1o m\u00e1s.<\/p>\n\n\n\n<p>En el poco tiempo que ha estado en el futbol de los Estados Unidos, Vela ha podido demostrar su calidad dentro de la cancha. En el 2019, gan\u00f3 el Jugador M\u00e1s Valioso de la MLS, adem\u00e1s de que rompi\u00f3 el r\u00e9cord de m\u00e1s goles en una sola temporada con 34 tantos.<\/p>\n\n\n\n<p>Su \u00fanica deuda con el equipo de Los Angeles es el campeonato, pues no ha podido levantar el t\u00edtulo con su equipo, pero con la renovaci\u00f3n para este 2022, espera poder cumplir con el objetivo de llevarse la copa.<\/p>\n\n\n\n<p>Antes de firmar su nuevo contrato con el LAFC, el Am\u00e9rica volte\u00f3 a la MLS y busc\u00f3 Vela para que reforzar\u00e1 al equipo, pero sus esperanzas terminaron cuando supieron las condiciones que puso el delantero.<\/p>\n\n\n\n<p>De acuerdo con ESPN, el atacante habr\u00eda pedido ganar lo mismo que en la MLS, 6.3 millones de d\u00f3lares, adem\u00e1s de una casa de lujo y un coche \u00faltimo modelo, motivo por el cual la directiva de los azulcremas decidi\u00f3 no ficharlo.<\/p>\n\n\n\n<p>El nuevo contrato entre Vela y su actual conjunto termina el 31 de diciembre de 2022, donde se volver\u00e1 a abrir una puerta que llegue al futbol mexicano.<\/p>\n\n\n\n<p>Texto: Azteca Deportes<\/p>\n","protected":false},"excerpt":{"rendered":"<p>Vela quer\u00eda ganar m\u00e1s de 6 millones de d\u00f3lares, algo que estaba fuera del alcance de los azulcremas. Uno de los delanteros m\u00e1s cotizados por el futbol mexicano es Carlos Vela. El atacante nacional nunca ha jugado en nuestro pa\u00eds, y este mercado de fichajes de invierno estuvo cerca de arribar al Am\u00e9rica, pero al [&hellip;]<\/p>\n","protected":false},"author":2,"featured_media":101835,"comment_status":"open","ping_status":"open","sticky":false,"template":"","format":"standard","meta":{"footnotes":""},"categories":[7],"tags":[],"class_list":["post-101834","post","type-post","status-publish","format-standard","has-post-thumbnail","hentry","category-deportes"],"_links":{"self":[{"href":"https:\/\/elcuartopoder.com.mx\/nw\/wp-json\/wp\/v2\/posts\/101834","targetHints":{"allow":["GET"]}}],"collection":[{"href":"https:\/\/elcuartopoder.com.mx\/nw\/wp-json\/wp\/v2\/posts"}],"about":[{"href":"https:\/\/elcuartopoder.com.mx\/nw\/wp-json\/wp\/v2\/types\/post"}],"author":[{"embeddable":true,"href":"https:\/\/elcuartopoder.com.mx\/nw\/wp-json\/wp\/v2\/users\/2"}],"replies":[{"embeddable":true,"href":"https:\/\/elcuartopoder.com.mx\/nw\/wp-json\/wp\/v2\/comments?post=101834"}],"version-history":[{"count":1,"href":"https:\/\/elcuartopoder.com.mx\/nw\/wp-json\/wp\/v2\/posts\/101834\/revisions"}],"predecessor-version":[{"id":101836,"href":"https:\/\/elcuartopoder.com.mx\/nw\/wp-json\/wp\/v2\/posts\/101834\/revisions\/101836"}],"wp:featuredmedia":[{"embeddable":true,"href":"https:\/\/elcuartopoder.com.mx\/nw\/wp-json\/wp\/v2\/media\/101835"}],"wp:attachment":[{"href":"https:\/\/elcuartopoder.com.mx\/nw\/wp-json\/wp\/v2\/media?parent=101834"}],"wp:term":[{"taxonomy":"category","embeddable":true,"href":"https:\/\/elcuartopoder.com.mx\/nw\/wp-json\/wp\/v2\/categories?post=101834"},{"taxonomy":"post_tag","embeddable":true,"href":"https:\/\/elcuartopoder.com.mx\/nw\/wp-json\/wp\/v2\/tags?post=101834"}],"curies":[{"name":"wp","href":"https:\/\/api.w.org\/{rel}","templated":true}]}}