{"id":101838,"date":"2022-01-27T23:15:48","date_gmt":"2022-01-28T04:15:48","guid":{"rendered":"http:\/\/elcuartopoder.com.mx\/nw\/?p=101838"},"modified":"2022-01-27T23:15:49","modified_gmt":"2022-01-28T04:15:49","slug":"el-principe-andres-reclama-un-juicio-con-jurado-en-la-causa-de-abuso-sexual-a-una-menor","status":"publish","type":"post","link":"https:\/\/elcuartopoder.com.mx\/nw\/internacionales\/el-principe-andres-reclama-un-juicio-con-jurado-en-la-causa-de-abuso-sexual-a-una-menor\/","title":{"rendered":"El pr\u00edncipe Andr\u00e9s reclama un juicio con jurado en la causa de abuso sexual a una menor"},"content":{"rendered":"\n<h2 class=\"wp-block-heading\">El equipo legal del duque de York niega ante una corte de Nueva York las acusaciones<\/h2>\n\n\n\n<p>El pr\u00edncipe Andr\u00e9s de Inglaterra ha dado comienzo a su particular traves\u00eda judicial del desierto, al presentar este mi\u00e9rcoles en un juzgado de Nueva York, a trav\u00e9s de su equipo legal, un documento en el que niega formalmente&nbsp;<a href=\"https:\/\/elpais.com\/internacional\/2022-01-16\/virginia-giuffre-la-mujer-que-lucha-por-llevar-al-banquillo-al-principe-andres-por-abusos-sexuales.html\">las acusaciones de abusos sexuales de Virginia Giuffre.<\/a>&nbsp;En ese escrito, los abogados del que se consideraba el hijo favorito de la reina Isabel II niegan que el pr\u00edncipe abusara de Giuffre (que era una menor la primera vez que mantuvo un encuentro sexual con el duque, seg\u00fan la denunciante) y reh\u00fasa que fuera c\u00f3mplice del multimillonario ped\u00f3filo Jeffrey Epstein, quien acab\u00f3 suicid\u00e1ndose en una celda policial de Nueva York.<\/p>\n\n\n\n<p>Los documentos, presentados este mi\u00e9rcoles por el asesor legal del pr\u00edncipe Andr\u00e9s, Andrew Brettler, contienen una refutaci\u00f3n detallada de todas las afirmaciones de Giuffre y solicitaban que se conceda al duque de York en un juicio con jurado.\u00a0<a href=\"https:\/\/elpais.com\/internacional\/2022-01-14\/el-principe-andres-se-enfrenta-a-un-largo-proceso-judicial-y-al-repudio-social-tras-ser-despojado-de-sus-titulos-militares.html\">La batalla a la que se enfrenta el pr\u00edncipe,<\/a>\u00a061 a\u00f1os, se prev\u00e9 larga y dura, ya que los intentos llevados a cabo hasta ahora por su equipo legal para cerrar el caso han sido en vano. El pasado 12 de enero, un juez de EE UU\u00a0<a href=\"https:\/\/elpais.com\/sociedad\/2022-01-12\/un-juez-de-ee-uu-rechaza-archivar-la-peticion-del-principe-andres-de-inglaterra-por-abuso-sexual.html\">rechazaba archivar la causa contra el pr\u00edncipe Andr\u00e9s por abuso sexual.\u00a0<\/a>Al d\u00eda siguiente, el Palacio de Buckingham tomaba distancia para preservar el Jubileo de Platino de la reina y le retiraba, \u201ccon la aprobaci\u00f3n y consentimiento de la reina\u201d, todos los t\u00edtulos militares y patronatos reales.<\/p>\n\n\n\n<p>El pr\u00edncipe, que niega los hechos, enfrenta una demanda civil por parte de Giuffre por tres casos de abuso sexual y violaci\u00f3n: en el apartamento londinense de&nbsp;<a href=\"https:\/\/elpais.com\/sociedad\/2021-12-29\/la-justicia-declara-a-ghislaine-maxwell-culpable-de-trafico-sexual-de-menores.html\">la que fuera novia de Epstein, Ghislaine Maxwell,&nbsp;<\/a>cuando era menor de edad, en la mansi\u00f3n del multimillonario en la Quinta Avenida de Nueva York, y en una de sus islas privadas del Caribe. Lo \u00fanico que admite el duque, en el documento presentado en la corte este mi\u00e9rcoles, es que \u201cen alrededor de 1999\u2033 conoci\u00f3 a Epstein.<\/p>\n\n\n\n<p>La v\u00edctima, que hoy tiene 38 a\u00f1os, est\u00e1 casada y reside en Australia, es una de las 30 mujeres que alzaron la voz para denunciar los delitos de tr\u00e1fico de menores de Epstein, quien&nbsp;<a href=\"https:\/\/elpais.com\/gente\/2020-08-07\/los-cabos-sueltos-del-caso-epstein-un-ano-despues-de-su-muerte.html\">se suicid\u00f3 en 2019 a los 66 a\u00f1os<\/a>&nbsp;en su celda a la espera de un proceso judicial por delitos de sexo con menores. Maxwell ha sido declarada culpable de cinco delitos de tr\u00e1ficos sexual de menores por un jurado popular estadounidense.<\/p>\n\n\n\n<p>El juicio contra el pr\u00edncipe de Inglaterra debe comenzar en oto\u00f1o. Andr\u00e9s ha vendido su chalet en los Alpes suizos, valorado en unos 20 millones de d\u00f3lares, para hacer frente al enorme costo que supone entablar una batalla judicial as\u00ed en los tribunales estadounidenses. El \u00faltimo mazazo del Palacio de Buckingham fue cuando estableci\u00f3 que quien una vez fue considerado \u201ch\u00e9roe de las Malvinas\u201d deb\u00eda defender su caso \u201ccomo un ciudadano privado\u201d.<a href=\"https:\/\/plus.elpais.com\/newsletters\/lnp\/1\/346\">Suscr\u00edbase aqu\u00ed<\/a>&nbsp;a la newsletter de EL PA\u00cdS Am\u00e9rica y reciba todas las claves informativas de la actualidad de la regi\u00f3n<\/p>\n","protected":false},"excerpt":{"rendered":"<p>El equipo legal del duque de York niega ante una corte de Nueva York las acusaciones El pr\u00edncipe Andr\u00e9s de Inglaterra ha dado comienzo a su particular traves\u00eda judicial del desierto, al presentar este mi\u00e9rcoles en un juzgado de Nueva York, a trav\u00e9s de su equipo legal, un documento en el que niega formalmente&nbsp;las acusaciones [&hellip;]<\/p>\n","protected":false},"author":2,"featured_media":101839,"comment_status":"open","ping_status":"open","sticky":false,"template":"","format":"standard","meta":{"footnotes":""},"categories":[8],"tags":[],"class_list":["post-101838","post","type-post","status-publish","format-standard","has-post-thumbnail","hentry","category-internacionales"],"_links":{"self":[{"href":"https:\/\/elcuartopoder.com.mx\/nw\/wp-json\/wp\/v2\/posts\/101838","targetHints":{"allow":["GET"]}}],"collection":[{"href":"https:\/\/elcuartopoder.com.mx\/nw\/wp-json\/wp\/v2\/posts"}],"about":[{"href":"https:\/\/elcuartopoder.com.mx\/nw\/wp-json\/wp\/v2\/types\/post"}],"author":[{"embeddable":true,"href":"https:\/\/elcuartopoder.com.mx\/nw\/wp-json\/wp\/v2\/users\/2"}],"replies":[{"embeddable":true,"href":"https:\/\/elcuartopoder.com.mx\/nw\/wp-json\/wp\/v2\/comments?post=101838"}],"version-history":[{"count":1,"href":"https:\/\/elcuartopoder.com.mx\/nw\/wp-json\/wp\/v2\/posts\/101838\/revisions"}],"predecessor-version":[{"id":101840,"href":"https:\/\/elcuartopoder.com.mx\/nw\/wp-json\/wp\/v2\/posts\/101838\/revisions\/101840"}],"wp:featuredmedia":[{"embeddable":true,"href":"https:\/\/elcuartopoder.com.mx\/nw\/wp-json\/wp\/v2\/media\/101839"}],"wp:attachment":[{"href":"https:\/\/elcuartopoder.com.mx\/nw\/wp-json\/wp\/v2\/media?parent=101838"}],"wp:term":[{"taxonomy":"category","embeddable":true,"href":"https:\/\/elcuartopoder.com.mx\/nw\/wp-json\/wp\/v2\/categories?post=101838"},{"taxonomy":"post_tag","embeddable":true,"href":"https:\/\/elcuartopoder.com.mx\/nw\/wp-json\/wp\/v2\/tags?post=101838"}],"curies":[{"name":"wp","href":"https:\/\/api.w.org\/{rel}","templated":true}]}}