{"id":101845,"date":"2022-01-28T07:53:00","date_gmt":"2022-01-28T12:53:00","guid":{"rendered":"http:\/\/elcuartopoder.com.mx\/nw\/?p=101845"},"modified":"2022-01-28T07:53:02","modified_gmt":"2022-01-28T12:53:02","slug":"juanita-alonso-se-reune-con-la-fematur","status":"publish","type":"post","link":"https:\/\/elcuartopoder.com.mx\/nw\/municipales\/juanita-alonso-se-reune-con-la-fematur\/","title":{"rendered":"JUANITA ALONSO SE RE\u00daNE CON LA FEMATUR."},"content":{"rendered":"\n<p>La presidenta municipal, Juanita Alonso Marrufo sostuvo una reuni\u00f3n de trabajo con la Federaci\u00f3n Mexicana de Asociaciones Tur\u00edsticas (FEMATUR), para trabajar en la agenta de proyectos de promoci\u00f3n tur\u00edstica para \u00e9ste a\u00f1o y continuar con la recuperaci\u00f3n econ\u00f3mica de la isla.<\/p>\n\n\n\n<p>En la reuni\u00f3n que se dio en la sala de juntas del Palacio Municipal, se habl\u00f3 de la agenda de proyectos para impulsar la reactivaci\u00f3n econ\u00f3mica de la isla que se podr\u00e1n en marcha una vez que el sem\u00e1foro epidemiol\u00f3gico lo permita, la Edil se\u00f1al\u00f3 que la pandemia sanitaria ha cambiado la forma de viajar de los turistas que ahora est\u00e1 eligiendo pernoctar en los destinos en lugar de los viajes de crucero.<\/p>\n\n\n\n<p>Margarita Carbajal Carmona, presidenta de la FEMATUR en Quinta Roo, dijo que los esfuerzos que se est\u00e1n haciendo para la reactivaci\u00f3n econ\u00f3mica en Cozumel por parte del gobierno de Juanita Alonso son acertados ya que los protocolos de seguridad sanitaria que se ha venido trabajando han reducido el impacto de la pandemia sanitaria, ante la llegada de la variable de la cepa de \u00f3micron.<\/p>\n\n\n\n<p>El n\u00famero de contagios se\u00f1al\u00f3 que se ha logrado amortiguar y agreg\u00f3 que est\u00e1n en espera que el n\u00famero de contagios baje hasta que el sem\u00e1foro epidemiol\u00f3gico regrese a color verde para reanudar los proyectos de promoci\u00f3n tur\u00edstica y continuar con la recuperaci\u00f3n econ\u00f3mica de la isla.<\/p>\n\n\n\n<p>Antes de que termine el a\u00f1o mencion\u00f3 que se espera una total recuperaci\u00f3n econ\u00f3mica, donde Cozumel resultar\u00e1 favorecido ya que se ha visto un cambio en la forma de viajar de los turistas, pues la gente est\u00e1 llegando a hospedarse incluso hay visitantes que contratan en Airbnb para evitar lugares concurridos.<\/p>\n\n\n\n<p>En la reuni\u00f3n Jorge Olivares representante de la FEMATUR en Cozumel dijo que el \u00edndice de vacunaci\u00f3n en la isla se ve reflejado en los centros de trabajo donde el personal que se contagia ya llega a ingresar a los hospitales, adem\u00e1s que la oferta de productos y servicios ya es m\u00e1s amplia que durante el primer a\u00f1o de la contingencia sanitaria.<\/p>\n\n\n\n<ul class=\"wp-block-gallery columns-3 is-cropped wp-block-gallery-1 is-layout-flex wp-block-gallery-is-layout-flex\"><li class=\"blocks-gallery-item\"><figure><img loading=\"lazy\" decoding=\"async\" width=\"1024\" height=\"694\" src=\"http:\/\/elcuartopoder.com.mx\/nw\/wp-content\/uploads\/2022\/01\/FEMATUR-1-1024x694.jpg\" alt=\"\" data-id=\"101846\" data-link=\"http:\/\/elcuartopoder.com.mx\/nw\/?attachment_id=101846\" class=\"wp-image-101846\" srcset=\"https:\/\/elcuartopoder.com.mx\/nw\/wp-content\/uploads\/2022\/01\/FEMATUR-1-1024x694.jpg 1024w, https:\/\/elcuartopoder.com.mx\/nw\/wp-content\/uploads\/2022\/01\/FEMATUR-1-300x203.jpg 300w, https:\/\/elcuartopoder.com.mx\/nw\/wp-content\/uploads\/2022\/01\/FEMATUR-1-768x521.jpg 768w, https:\/\/elcuartopoder.com.mx\/nw\/wp-content\/uploads\/2022\/01\/FEMATUR-1-696x472.jpg 696w, https:\/\/elcuartopoder.com.mx\/nw\/wp-content\/uploads\/2022\/01\/FEMATUR-1.jpg 1280w\" sizes=\"auto, (max-width: 1024px) 100vw, 1024px\" \/><\/figure><\/li><li class=\"blocks-gallery-item\"><figure><img loading=\"lazy\" decoding=\"async\" width=\"1024\" height=\"612\" src=\"http:\/\/elcuartopoder.com.mx\/nw\/wp-content\/uploads\/2022\/01\/FEMATUR-2-1024x612.jpg\" alt=\"\" data-id=\"101847\" data-link=\"http:\/\/elcuartopoder.com.mx\/nw\/?attachment_id=101847\" class=\"wp-image-101847\" srcset=\"https:\/\/elcuartopoder.com.mx\/nw\/wp-content\/uploads\/2022\/01\/FEMATUR-2-1024x612.jpg 1024w, https:\/\/elcuartopoder.com.mx\/nw\/wp-content\/uploads\/2022\/01\/FEMATUR-2-300x179.jpg 300w, https:\/\/elcuartopoder.com.mx\/nw\/wp-content\/uploads\/2022\/01\/FEMATUR-2-768x459.jpg 768w, https:\/\/elcuartopoder.com.mx\/nw\/wp-content\/uploads\/2022\/01\/FEMATUR-2-696x416.jpg 696w, https:\/\/elcuartopoder.com.mx\/nw\/wp-content\/uploads\/2022\/01\/FEMATUR-2.jpg 1280w\" sizes=\"auto, (max-width: 1024px) 100vw, 1024px\" \/><\/figure><\/li><li class=\"blocks-gallery-item\"><figure><img loading=\"lazy\" decoding=\"async\" width=\"1024\" height=\"570\" src=\"http:\/\/elcuartopoder.com.mx\/nw\/wp-content\/uploads\/2022\/01\/FEMATUR-3-1024x570.jpg\" alt=\"\" data-id=\"101848\" data-link=\"http:\/\/elcuartopoder.com.mx\/nw\/?attachment_id=101848\" class=\"wp-image-101848\" srcset=\"https:\/\/elcuartopoder.com.mx\/nw\/wp-content\/uploads\/2022\/01\/FEMATUR-3-1024x570.jpg 1024w, https:\/\/elcuartopoder.com.mx\/nw\/wp-content\/uploads\/2022\/01\/FEMATUR-3-300x167.jpg 300w, https:\/\/elcuartopoder.com.mx\/nw\/wp-content\/uploads\/2022\/01\/FEMATUR-3-768x427.jpg 768w, https:\/\/elcuartopoder.com.mx\/nw\/wp-content\/uploads\/2022\/01\/FEMATUR-3-696x387.jpg 696w, https:\/\/elcuartopoder.com.mx\/nw\/wp-content\/uploads\/2022\/01\/FEMATUR-3.jpg 1280w\" sizes=\"auto, (max-width: 1024px) 100vw, 1024px\" \/><\/figure><\/li><li class=\"blocks-gallery-item\"><figure><img loading=\"lazy\" decoding=\"async\" width=\"1024\" height=\"684\" src=\"http:\/\/elcuartopoder.com.mx\/nw\/wp-content\/uploads\/2022\/01\/FEMATUR-4-1024x684.jpg\" alt=\"\" data-id=\"101849\" data-link=\"http:\/\/elcuartopoder.com.mx\/nw\/?attachment_id=101849\" class=\"wp-image-101849\" srcset=\"https:\/\/elcuartopoder.com.mx\/nw\/wp-content\/uploads\/2022\/01\/FEMATUR-4-1024x684.jpg 1024w, https:\/\/elcuartopoder.com.mx\/nw\/wp-content\/uploads\/2022\/01\/FEMATUR-4-300x200.jpg 300w, https:\/\/elcuartopoder.com.mx\/nw\/wp-content\/uploads\/2022\/01\/FEMATUR-4-768x513.jpg 768w, https:\/\/elcuartopoder.com.mx\/nw\/wp-content\/uploads\/2022\/01\/FEMATUR-4-696x465.jpg 696w, https:\/\/elcuartopoder.com.mx\/nw\/wp-content\/uploads\/2022\/01\/FEMATUR-4.jpg 1280w\" sizes=\"auto, (max-width: 1024px) 100vw, 1024px\" \/><\/figure><\/li><\/ul>\n","protected":false},"excerpt":{"rendered":"<p>La presidenta municipal, Juanita Alonso Marrufo sostuvo una reuni\u00f3n de trabajo con la Federaci\u00f3n Mexicana de Asociaciones Tur\u00edsticas (FEMATUR), para trabajar en la agenta de proyectos de promoci\u00f3n tur\u00edstica para \u00e9ste a\u00f1o y continuar con la recuperaci\u00f3n econ\u00f3mica de la isla. En la reuni\u00f3n que se dio en la sala de juntas del Palacio Municipal, [&hellip;]<\/p>\n","protected":false},"author":2,"featured_media":101846,"comment_status":"open","ping_status":"open","sticky":false,"template":"","format":"standard","meta":{"footnotes":""},"categories":[6],"tags":[],"class_list":["post-101845","post","type-post","status-publish","format-standard","has-post-thumbnail","hentry","category-municipales"],"_links":{"self":[{"href":"https:\/\/elcuartopoder.com.mx\/nw\/wp-json\/wp\/v2\/posts\/101845","targetHints":{"allow":["GET"]}}],"collection":[{"href":"https:\/\/elcuartopoder.com.mx\/nw\/wp-json\/wp\/v2\/posts"}],"about":[{"href":"https:\/\/elcuartopoder.com.mx\/nw\/wp-json\/wp\/v2\/types\/post"}],"author":[{"embeddable":true,"href":"https:\/\/elcuartopoder.com.mx\/nw\/wp-json\/wp\/v2\/users\/2"}],"replies":[{"embeddable":true,"href":"https:\/\/elcuartopoder.com.mx\/nw\/wp-json\/wp\/v2\/comments?post=101845"}],"version-history":[{"count":1,"href":"https:\/\/elcuartopoder.com.mx\/nw\/wp-json\/wp\/v2\/posts\/101845\/revisions"}],"predecessor-version":[{"id":101850,"href":"https:\/\/elcuartopoder.com.mx\/nw\/wp-json\/wp\/v2\/posts\/101845\/revisions\/101850"}],"wp:featuredmedia":[{"embeddable":true,"href":"https:\/\/elcuartopoder.com.mx\/nw\/wp-json\/wp\/v2\/media\/101846"}],"wp:attachment":[{"href":"https:\/\/elcuartopoder.com.mx\/nw\/wp-json\/wp\/v2\/media?parent=101845"}],"wp:term":[{"taxonomy":"category","embeddable":true,"href":"https:\/\/elcuartopoder.com.mx\/nw\/wp-json\/wp\/v2\/categories?post=101845"},{"taxonomy":"post_tag","embeddable":true,"href":"https:\/\/elcuartopoder.com.mx\/nw\/wp-json\/wp\/v2\/tags?post=101845"}],"curies":[{"name":"wp","href":"https:\/\/api.w.org\/{rel}","templated":true}]}}