{"id":101994,"date":"2022-01-31T06:44:19","date_gmt":"2022-01-31T11:44:19","guid":{"rendered":"http:\/\/elcuartopoder.com.mx\/nw\/?p=101994"},"modified":"2022-01-31T06:44:21","modified_gmt":"2022-01-31T11:44:21","slug":"omicron-esta-es-la-duracion-de-cada-uno-de-los-sintomas","status":"publish","type":"post","link":"https:\/\/elcuartopoder.com.mx\/nw\/entretenimiento\/salud\/omicron-esta-es-la-duracion-de-cada-uno-de-los-sintomas\/","title":{"rendered":"\u00d3micron: Esta es la duraci\u00f3n de cada uno de los s\u00edntomas"},"content":{"rendered":"\n<h2 class=\"wp-block-heading\">\u00bfCu\u00e1nto duran los s\u00edntomas de \u00f3micron? Esto dice un estudio publicado por el Instituto Noruego de Salud P\u00fablica.<\/h2>\n\n\n\n<p>\u00d3micron se convirti\u00f3 r\u00e1pidamente en la variante del coronavirus&nbsp;<a href=\"https:\/\/www.elfinanciero.com.mx\/salud\/2022\/01\/18\/omicron-esta-barriendo-el-mundo-tedros-adhanom\/\" target=\"_blank\" rel=\"noreferrer noopener\">dominante<\/a>&nbsp;en M\u00e9xico y en el mundo. Los contagios se han disparado a niveles nunca antes vistos y la informaci\u00f3n sobre la mutaci\u00f3n y los s\u00edntomas que causa, cada d\u00eda es m\u00e1s grande.<\/p>\n\n\n\n<p>Hasta el momento, sabemos que \u00f3micron ya ha infectado a m\u00e1s de 18 millones de personas en todo el Planeta; sin embargo, se ha comprobado que es menos letal que las variantes anteriores. Tambi\u00e9n aprendimos que los cubrebocas de tela, caretasy lasdosis de refuerzo de vacunas de ARNm contra el COVID-19 no funcionan contra la nueva variante.<\/p>\n\n\n\n<p>Adem\u00e1s, diversos estudios han se\u00f1alado que \u00f3micron puede ser m\u00e1s peligrosa para los ni\u00f1os que las variantes anteriores de coronavirus y que el riesgo de contraer un cuadro grave de la enfermedad aumenta en las personas con el sistema inmunitario comprometido.<\/p>\n\n\n\n<p>Sobre los s\u00edntomas, sabemos que los m\u00e1s comunes entre los infectados con la nueva variantes son la fatiga, dolor de cabeza, dolor de garganta, tos ocasional, escurrimiento nasal y fiebre, todos parecidos a los de la gripe com\u00fan. Estos s\u00edntomas \u201centran y salen\u201d r\u00e1pido del cuerpo, asegura Alejandro Mac\u00edas, infect\u00f3logo y excomisionado contra la influenza AH1N1.<\/p>\n\n\n\n<p>Pero, \u00bfcu\u00e1nto duran exactamente?<\/p>\n\n\n\n<p>De acuerdo a un estudio publicado por la revista m\u00e9dica&nbsp;<a href=\"https:\/\/www.eurosurveillance.org\/content\/10.2807\/1560-7917.ES.2021.26.50.2101147\"><strong>Eurosurveillance<\/strong><\/a>, esta podr\u00eda ser la duraci\u00f3n de cada uno de los s\u00edntomas de \u00f3micron:<\/p>\n\n\n\n<ul class=\"wp-block-list\"><li><strong>Tos<\/strong>: Entre 3 y 5 d\u00edas.<\/li><li><strong>Congesti\u00f3n nasal<\/strong>: Entre 2 y 5 d\u00edas.<\/li><li><strong>Fatiga<\/strong>: Entre 2 y 5 d\u00edas.<\/li><li><strong>Dolor de garganta<\/strong>: Entre 2 y 5 d\u00edas.<\/li><li><strong>Falta de apetito<\/strong>: Entre 2 y 5 d\u00edas.<\/li><li><strong>Afectaci\u00f3n en el sabor<\/strong>: Entre 2 y 4 d\u00edas.<\/li><li><strong>Estornudos<\/strong>: Entre 2 y 4 d\u00edas.<\/li><li><strong>Dolor de cabeza<\/strong>: Entre 2 y 4 d\u00edas.<\/li><li><strong>Dolor muscular<\/strong>: Entre 2 y 4 d\u00edas.<\/li><\/ul>\n\n\n\n<p>Los investigadores llegaron a esta conclusi\u00f3n tras el estudio realizado a 80 personas infectadas en Noruega tras asistir a una fiesta de Navidad.<\/p>\n\n\n\n<p>El Instituto Noruego de Salud P\u00fablica (NIPH) confirm\u00f3 mediante una secuenciaci\u00f3n del genoma completo que los contagiados contrajeron \u00f3micron. La mayor\u00eda de los infectados estaban vacunados con un esquema completo contra COVID-19; sin embargo, ninguno inform\u00f3 haber recibido una dosis de refuerzo.<\/p>\n\n\n\n<p>Todos los encuestados informaron haber tenido una auto-prueba de ant\u00edgeno r\u00e1pida negativa realizada en casa o PCR 1 o 2 d\u00edas antes de asistir al evento y ocho asistentes declararon haber tenido previamente COVID-19.<\/p>\n\n\n\n<p>Suponiendo que la exposici\u00f3n se produjo en la fiesta,&nbsp;<strong>el per\u00edodo de incubaci\u00f3n de los casos sintom\u00e1ticos oscil\u00f3 entre 0 y 8 d\u00edas, con una mediana de 3 d\u00edas.<\/strong><\/p>\n\n\n\n<p>Entre los 81 casos, los s\u00edntomas m\u00e1s comunes fueron tos (83 por ciento), seguidos de secreci\u00f3n\/congesti\u00f3n nasal (78 por ciento), fatiga\/letargo (74 por ciento), dolor de garganta (72 por ciento), dolor de cabeza (68 por ciento) y fiebre (54 por ciento).<\/p>\n\n\n\n<p>Cuando se les pidi\u00f3 que calificaran la gravedad de los s\u00edntomas en una escala de 1 (sin s\u00edntomas) a 5 (s\u00edntomas significativos), el 42 % (33\/79) inform\u00f3 s\u00edntomas de nivel 3, mientras que el 11 % (9\/79) inform\u00f3 s\u00edntomas de nivel 4. Ninguno de los casos requiri\u00f3 hospitalizaci\u00f3n hasta el 13 de diciembre de 2021.<\/p>\n\n\n\n<figure class=\"wp-block-image\"><img decoding=\"async\" src=\"https:\/\/www.elfinanciero.com.mx\/resizer\/u8NoejnzSjDWOyfjflxR2Z4m200=\/1440x0\/filters:format(jpg):quality(70)\/cloudfront-us-east-1.images.arcpublishing.com\/elfinanciero\/23GPNUXL6VALDGSFN3GV7NBUEM.JPG\" alt=\"\"\/><figcaption>Duraci\u00f3n de s\u00edntomas de \u00f3micron en 81 pacientes en Oslo, Noruega.<\/figcaption><\/figure>\n\n\n\n<p>fuente: https:\/\/www.elfinanciero.com.mx\/salud\/2022\/01\/21\/omicron-esta-es-la-duracion-de-cada-uno-de-los-sintomas\/<\/p>\n","protected":false},"excerpt":{"rendered":"<p>\u00bfCu\u00e1nto duran los s\u00edntomas de \u00f3micron? Esto dice un estudio publicado por el Instituto Noruego de Salud P\u00fablica. \u00d3micron se convirti\u00f3 r\u00e1pidamente en la variante del coronavirus&nbsp;dominante&nbsp;en M\u00e9xico y en el mundo. Los contagios se han disparado a niveles nunca antes vistos y la informaci\u00f3n sobre la mutaci\u00f3n y los s\u00edntomas que causa, cada d\u00eda [&hellip;]<\/p>\n","protected":false},"author":2,"featured_media":101995,"comment_status":"open","ping_status":"open","sticky":false,"template":"","format":"standard","meta":{"footnotes":""},"categories":[56],"tags":[],"class_list":["post-101994","post","type-post","status-publish","format-standard","has-post-thumbnail","hentry","category-salud"],"_links":{"self":[{"href":"https:\/\/elcuartopoder.com.mx\/nw\/wp-json\/wp\/v2\/posts\/101994","targetHints":{"allow":["GET"]}}],"collection":[{"href":"https:\/\/elcuartopoder.com.mx\/nw\/wp-json\/wp\/v2\/posts"}],"about":[{"href":"https:\/\/elcuartopoder.com.mx\/nw\/wp-json\/wp\/v2\/types\/post"}],"author":[{"embeddable":true,"href":"https:\/\/elcuartopoder.com.mx\/nw\/wp-json\/wp\/v2\/users\/2"}],"replies":[{"embeddable":true,"href":"https:\/\/elcuartopoder.com.mx\/nw\/wp-json\/wp\/v2\/comments?post=101994"}],"version-history":[{"count":1,"href":"https:\/\/elcuartopoder.com.mx\/nw\/wp-json\/wp\/v2\/posts\/101994\/revisions"}],"predecessor-version":[{"id":101996,"href":"https:\/\/elcuartopoder.com.mx\/nw\/wp-json\/wp\/v2\/posts\/101994\/revisions\/101996"}],"wp:featuredmedia":[{"embeddable":true,"href":"https:\/\/elcuartopoder.com.mx\/nw\/wp-json\/wp\/v2\/media\/101995"}],"wp:attachment":[{"href":"https:\/\/elcuartopoder.com.mx\/nw\/wp-json\/wp\/v2\/media?parent=101994"}],"wp:term":[{"taxonomy":"category","embeddable":true,"href":"https:\/\/elcuartopoder.com.mx\/nw\/wp-json\/wp\/v2\/categories?post=101994"},{"taxonomy":"post_tag","embeddable":true,"href":"https:\/\/elcuartopoder.com.mx\/nw\/wp-json\/wp\/v2\/tags?post=101994"}],"curies":[{"name":"wp","href":"https:\/\/api.w.org\/{rel}","templated":true}]}}