{"id":102000,"date":"2022-01-31T06:51:01","date_gmt":"2022-01-31T11:51:01","guid":{"rendered":"http:\/\/elcuartopoder.com.mx\/nw\/?p=102000"},"modified":"2022-01-31T06:51:03","modified_gmt":"2022-01-31T11:51:03","slug":"ana-victoria-la-unica-hija-de-diego-verdaguer-y-amanda-miguel-manda-mensaje-de-despedida","status":"publish","type":"post","link":"https:\/\/elcuartopoder.com.mx\/nw\/entretenimiento\/espectaculos\/ana-victoria-la-unica-hija-de-diego-verdaguer-y-amanda-miguel-manda-mensaje-de-despedida\/","title":{"rendered":"Ana Victoria, la \u00fanica hija de Diego Verdaguer y Amanda Miguel, manda mensaje de despedida"},"content":{"rendered":"\n<h2 class=\"wp-block-heading\">La cantante ha desarrollado una carrera en la industria musical de la que se desprenden cuatro discos de estudio, adem\u00e1s de giras y duetos con sus padres.<\/h2>\n\n\n\n<p>La&nbsp;<strong>hija de Diego Verdaguer y Amanda Miguel, Ana Victoria<\/strong>, dedic\u00f3 un sentido homenaje a su padre tras el anuncio de su muerte a los 70 a\u00f1os de edad en Los Angeles derivado de complicaciones por el COVID-19 que le fue detectado en diciembre pasado.<\/p>\n\n\n\n<p>Por medio de sus redes sociales, la cantante y empresaria\u00a0<strong>comparti\u00f3 una fotograf\u00eda de su primog\u00e9nito Lucca, quien naci\u00f3 en noviembre de 2021, junto a su sonriente abuelo<\/strong>. \u201cPapi, gracias por todo, absolutamente todo lo que eres y con ello todo lo que nos diste. Estoy eternamente agradecida.\u00a0<strong>Esta imagen permanecer\u00e1 para siempre en mi coraz\u00f3n<\/strong>\u201d, escribi\u00f3.<\/p>\n\n\n\n<h2 class=\"wp-block-heading\">\u00bfQui\u00e9n es Ana Victoria?<\/h2>\n\n\n\n<p>La segunda hija de Diego y primera para Amanda\u00a0<strong>naci\u00f3 en 1983<\/strong>. Desde peque\u00f1a mostr\u00f3 inter\u00e9s por las artes, por lo que\u00a0<strong>desde los 13 a\u00f1os acompa\u00f1\u00f3 al argentino en algunos de sus conciertos como corista<\/strong>. Finalmente hizo su\u00a0<strong>debut oficial de la mano de Ver\u00f3nica Castro\u00a0<\/strong>en su programa\u00a0<em>La Noche de Navidad,<\/em>\u00a0emitido en 1994.<\/p>\n\n\n\n<p> Su trayectoria cuenta con\u00a0<strong>cuatro \u00e1lbumes de estudio\u00a0<\/strong>en los que trabaj\u00f3 tambi\u00e9n como productora y compositora bajo\u00a0<strong>el sello familiar Diam Music<\/strong>:\u00a0<em>Ready<\/em>\u00a0(2007),\u00a0<em>AV\u00a0<\/em>(2012),\u00a0<em>Color amor<\/em>\u00a0(2013) y\u00a0<em>Reina de mi mundo\u00a0<\/em>(2017). Entre sus sencillos se encuentran canciones como\u00a0<em>Siempre pude ver, Beso de consolaci\u00f3n<\/em>\u00a0o\u00a0<em>Yo no lloro por llorar<\/em>, un\u00a0<strong>homenaje que hizo a su padre con una versi\u00f3n moderna<\/strong>. <\/p>\n\n\n\n<p>Ana Victoria fue considerada para interpretar&nbsp;<strong>el tema en espa\u00f1ol de la pel\u00edcula animada de Disney,&nbsp;<\/strong><em><strong>Tinker Bell<\/strong><\/em>, con&nbsp;<em>A Las Hadas Reunir\u00e1n<\/em>. Adem\u00e1s, ha colaborado en&nbsp;<strong>duetos con artistas como Erik Rub\u00edn, Gian Marco, Carlos Cuevas o la Sonora Santanera<\/strong>. Asimismo ha demostrado su amor por la m\u00fasica de Juan Gabriel, Marco Antonio Sol\u00eds, Julio Iglesias, Ricardo Montaner o Jos\u00e9 Jos\u00e9, de quienes ha cantado sus canciones.<\/p>\n\n\n\n<p>Entre sus presentaciones en vivo se encuentra una&nbsp;<strong>gira con su madre en&nbsp;<\/strong><em><strong>Mi Buen Coraz\u00f3n<\/strong><\/em>, mismo nombre de un sencillo que grabaron juntas. Ana Victoria tambi\u00e9n&nbsp;<strong>cant\u00f3 con su padre Diego Verdaguer el tema&nbsp;<\/strong><em><strong>Tonta<\/strong><\/em>. En familia, pisaron escenarios dentro del&nbsp;<strong>tour 2018-2019&nbsp;<\/strong><em><strong>Siempre Juntos<\/strong><\/em><strong>.<\/strong><\/p>\n\n\n\n<p>Adem\u00e1s de cantante, la hija de Verdaguer es\u00a0<strong>empresaria gracias a una l\u00ednea de joyer\u00eda<\/strong>. Quien incursionara en el\u00a0<strong>teatro para el musical\u00a0<\/strong><em><strong>Godspell,\u00a0<\/strong><\/em><strong>en 2014,\u00a0<\/strong>con uno de los principales personajes al lado de Jos\u00e9 Ron, Alex Sirvent y \u00d3scar Schwebel, de OV7, se ha dedicado en los \u00faltimos a\u00f1os a\u00a0<strong>escribir un blog sobre cosas cotidianas<\/strong>.<\/p>\n\n\n\n<p>fuente https:\/\/www.elfinanciero.com.mx\/espectaculos\/2022\/01\/28\/ana-victoria-la-unica-hija-de-diego-verdaguer-y-amanda-miguel-manda-mensaje-de-despedida\/<\/p>\n","protected":false},"excerpt":{"rendered":"<p>La cantante ha desarrollado una carrera en la industria musical de la que se desprenden cuatro discos de estudio, adem\u00e1s de giras y duetos con sus padres. La&nbsp;hija de Diego Verdaguer y Amanda Miguel, Ana Victoria, dedic\u00f3 un sentido homenaje a su padre tras el anuncio de su muerte a los 70 a\u00f1os de edad [&hellip;]<\/p>\n","protected":false},"author":2,"featured_media":102001,"comment_status":"open","ping_status":"open","sticky":false,"template":"","format":"standard","meta":{"footnotes":""},"categories":[11],"tags":[],"class_list":["post-102000","post","type-post","status-publish","format-standard","has-post-thumbnail","hentry","category-espectaculos"],"_links":{"self":[{"href":"https:\/\/elcuartopoder.com.mx\/nw\/wp-json\/wp\/v2\/posts\/102000","targetHints":{"allow":["GET"]}}],"collection":[{"href":"https:\/\/elcuartopoder.com.mx\/nw\/wp-json\/wp\/v2\/posts"}],"about":[{"href":"https:\/\/elcuartopoder.com.mx\/nw\/wp-json\/wp\/v2\/types\/post"}],"author":[{"embeddable":true,"href":"https:\/\/elcuartopoder.com.mx\/nw\/wp-json\/wp\/v2\/users\/2"}],"replies":[{"embeddable":true,"href":"https:\/\/elcuartopoder.com.mx\/nw\/wp-json\/wp\/v2\/comments?post=102000"}],"version-history":[{"count":1,"href":"https:\/\/elcuartopoder.com.mx\/nw\/wp-json\/wp\/v2\/posts\/102000\/revisions"}],"predecessor-version":[{"id":102002,"href":"https:\/\/elcuartopoder.com.mx\/nw\/wp-json\/wp\/v2\/posts\/102000\/revisions\/102002"}],"wp:featuredmedia":[{"embeddable":true,"href":"https:\/\/elcuartopoder.com.mx\/nw\/wp-json\/wp\/v2\/media\/102001"}],"wp:attachment":[{"href":"https:\/\/elcuartopoder.com.mx\/nw\/wp-json\/wp\/v2\/media?parent=102000"}],"wp:term":[{"taxonomy":"category","embeddable":true,"href":"https:\/\/elcuartopoder.com.mx\/nw\/wp-json\/wp\/v2\/categories?post=102000"},{"taxonomy":"post_tag","embeddable":true,"href":"https:\/\/elcuartopoder.com.mx\/nw\/wp-json\/wp\/v2\/tags?post=102000"}],"curies":[{"name":"wp","href":"https:\/\/api.w.org\/{rel}","templated":true}]}}