{"id":102006,"date":"2022-01-31T06:55:31","date_gmt":"2022-01-31T11:55:31","guid":{"rendered":"http:\/\/elcuartopoder.com.mx\/nw\/?p=102006"},"modified":"2022-01-31T06:55:33","modified_gmt":"2022-01-31T11:55:33","slug":"te-dio-covid-19-y-quieres-saber-cuanto-esperar-para-vacunarte-la-unam-responde","status":"publish","type":"post","link":"https:\/\/elcuartopoder.com.mx\/nw\/entretenimiento\/salud\/te-dio-covid-19-y-quieres-saber-cuanto-esperar-para-vacunarte-la-unam-responde\/","title":{"rendered":"\u00bfTe dio COVID-19 y quieres saber cu\u00e1nto esperar para vacunarte? La UNAM responde"},"content":{"rendered":"\n<h2 class=\"wp-block-heading\">Quienes reci\u00e9n desarrollaron la enfermedad solo deben esperar a que desaparezcan los s\u00edntomas, dice el responsable de la comisi\u00f3n universitaria para la atenci\u00f3n del coronavirus.<\/h2>\n\n\n\n<p>Las<a href=\"https:\/\/www.elfinanciero.com.mx\/salud\/2022\/01\/23\/cuarta-ola-covid-cuando-llegara-mexico-al-pico-y-al-final-segun-los-especialistas\/\" target=\"_blank\" rel=\"noreferrer noopener\">&nbsp;<strong>personas que reci\u00e9n desarrollaron la enfermedad de COVID-19<\/strong><\/a><strong>&nbsp;deben esperar \u00fanicamente a que desaparezcan los s\u00edntomas para aplicarse cualquiera de las tres dosis en su esquema de vacunaci\u00f3n<\/strong>, se\u00f1al\u00f3 Samuel Ponce de Le\u00f3n, titular de la Comisi\u00f3n Universitaria para la Atenci\u00f3n de la Emergencia Coronavirus de la&nbsp;<strong>Universidad Nacional Aut\u00f3noma de M\u00e9xico (UNAM)<\/strong>.<\/p>\n\n\n\n<p>A trav\u00e9s de la\u00a0<a rel=\"noreferrer noopener\" href=\"https:\/\/www.gaceta.unam.mx\/luego-del-contagio-hay-que-vacunarse\/\" target=\"_blank\"><em><strong>Gaceta de la UNAM<\/strong><\/em><\/a>, explic\u00f3 que\u00a0<strong>la vacunaci\u00f3n debe aplicarse cuando sea posible, ya que no existe \u201cun lapso r\u00edgido que se deba cumplir\u201d<\/strong>, y que \u201cno es de utilidad\u201d esperar lapsos de 30, 60 o 90 d\u00edas entre el\u00a0<strong>contagio y la inoculaci\u00f3n<\/strong>.<\/p>\n\n\n\n<p> \u201cSi ya\u00a0<strong>desaparecieron los s\u00edntomas de COVID, en ese momento ya pueden recibir su segunda dosis, esquema inicial o refuerzo<\/strong>. Y s\u00ed,\u00a0<strong>se deben vacunar<\/strong>\u00a0con alg\u00fan refuerzo porque esto mejorar\u00e1 su sistema inmunol\u00f3gico\u201d, argument\u00f3 Samuel Ponce en un video. <\/p>\n\n\n\n<p> Expuso que la eficacia de la vacunaci\u00f3n puede beneficiar m\u00e1s al sistema inmunol\u00f3gico que el haberse recuperado recientemente. <\/p>\n\n\n\n<p>Se\u00f1al\u00f3 que las personas que no tienen&nbsp;<strong>vacuna<\/strong>&nbsp;aplicada o su esquema incompleto corren&nbsp;<strong>mayor riesgo de tener m\u00e1s s\u00edntomas al contraer el virus que genera el COVID-19<\/strong>, incluso de una mayor gravedad o pueden necesitar de atenci\u00f3n en hospitales.<\/p>\n\n\n\n<p>\u201cLa interacci\u00f3n entre el virus con la especie generar\u00e1 una inmunidad en general que establecer\u00e1 un nivel de contagios estable, lo que conocemos como un patr\u00f3n end\u00e9mico\u201d, argument\u00f3 respecto a su perspectiva del comportamiento de la pandemia.<\/p>\n\n\n\n<p>Eduardo Clark, director general de Gobierno Digital de la Ciudad de M\u00e9xico, ha se\u00f1alado que entre el 60 y el 70 por ciento de las personas que&nbsp;<strong>han requerido&nbsp;<\/strong><a href=\"https:\/\/www.elfinanciero.com.mx\/cdmx\/2022\/01\/10\/eduardo-clark-7-de-cada-10-hospitalizados-en-cdmx-no-estan-vacunados-contra-covid-19\/\" target=\"_blank\" rel=\"noreferrer noopener\"><strong>hospitalizaci\u00f3n por complicaciones de COVID-19 no est\u00e1n vacunadas<\/strong><\/a>.<\/p>\n\n\n\n<p>Se\u00f1al\u00f3 que se prev\u00e9 una gran cantidad de nuevos casos, incluso que se podr\u00eda contagiar hasta el 50 por ciento de la poblaci\u00f3n, por lo que recomienda evitar reuniones.<\/p>\n\n\n\n<p>fuente: https:\/\/www.elfinanciero.com.mx\/salud\/2022\/01\/24\/te-dio-covid-19-y-quieres-saber-cuanto-esperar-para-vacunarte-la-unam-responde\/<\/p>\n","protected":false},"excerpt":{"rendered":"<p>Quienes reci\u00e9n desarrollaron la enfermedad solo deben esperar a que desaparezcan los s\u00edntomas, dice el responsable de la comisi\u00f3n universitaria para la atenci\u00f3n del coronavirus. Las&nbsp;personas que reci\u00e9n desarrollaron la enfermedad de COVID-19&nbsp;deben esperar \u00fanicamente a que desaparezcan los s\u00edntomas para aplicarse cualquiera de las tres dosis en su esquema de vacunaci\u00f3n, se\u00f1al\u00f3 Samuel Ponce [&hellip;]<\/p>\n","protected":false},"author":2,"featured_media":102007,"comment_status":"open","ping_status":"open","sticky":false,"template":"","format":"standard","meta":{"footnotes":""},"categories":[56],"tags":[],"class_list":["post-102006","post","type-post","status-publish","format-standard","has-post-thumbnail","hentry","category-salud"],"_links":{"self":[{"href":"https:\/\/elcuartopoder.com.mx\/nw\/wp-json\/wp\/v2\/posts\/102006","targetHints":{"allow":["GET"]}}],"collection":[{"href":"https:\/\/elcuartopoder.com.mx\/nw\/wp-json\/wp\/v2\/posts"}],"about":[{"href":"https:\/\/elcuartopoder.com.mx\/nw\/wp-json\/wp\/v2\/types\/post"}],"author":[{"embeddable":true,"href":"https:\/\/elcuartopoder.com.mx\/nw\/wp-json\/wp\/v2\/users\/2"}],"replies":[{"embeddable":true,"href":"https:\/\/elcuartopoder.com.mx\/nw\/wp-json\/wp\/v2\/comments?post=102006"}],"version-history":[{"count":1,"href":"https:\/\/elcuartopoder.com.mx\/nw\/wp-json\/wp\/v2\/posts\/102006\/revisions"}],"predecessor-version":[{"id":102008,"href":"https:\/\/elcuartopoder.com.mx\/nw\/wp-json\/wp\/v2\/posts\/102006\/revisions\/102008"}],"wp:featuredmedia":[{"embeddable":true,"href":"https:\/\/elcuartopoder.com.mx\/nw\/wp-json\/wp\/v2\/media\/102007"}],"wp:attachment":[{"href":"https:\/\/elcuartopoder.com.mx\/nw\/wp-json\/wp\/v2\/media?parent=102006"}],"wp:term":[{"taxonomy":"category","embeddable":true,"href":"https:\/\/elcuartopoder.com.mx\/nw\/wp-json\/wp\/v2\/categories?post=102006"},{"taxonomy":"post_tag","embeddable":true,"href":"https:\/\/elcuartopoder.com.mx\/nw\/wp-json\/wp\/v2\/tags?post=102006"}],"curies":[{"name":"wp","href":"https:\/\/api.w.org\/{rel}","templated":true}]}}