{"id":102033,"date":"2022-01-31T07:23:49","date_gmt":"2022-01-31T12:23:49","guid":{"rendered":"http:\/\/elcuartopoder.com.mx\/nw\/?p=102033"},"modified":"2022-01-31T07:23:50","modified_gmt":"2022-01-31T12:23:50","slug":"que-es-una-madre-fructosa-y-por-que-debes-evitar-convertirte-en-una-si-estas-embarazada","status":"publish","type":"post","link":"https:\/\/elcuartopoder.com.mx\/nw\/entretenimiento\/salud\/que-es-una-madre-fructosa-y-por-que-debes-evitar-convertirte-en-una-si-estas-embarazada\/","title":{"rendered":"Qu\u00e9 es una \u2018madre-fructosa\u2019 y por qu\u00e9 debes evitar convertirte en una si est\u00e1s embarazada"},"content":{"rendered":"\n<h2 class=\"wp-block-heading\">El trabajo pretende alertar a las embarazadas sobre los peligros de una ingesta excesiva de bebidas azucaradas y comidas procesadas ricas en fructosa<\/h2>\n\n\n\n<p>El grupo de investigaci\u00f3n&nbsp;<strong>\u2018Nutrigen\u00f3mica y programaci\u00f3n fetal-NUTRIPRO\u2019<\/strong>&nbsp;liderado por Carlos Bocos, catedr\u00e1tico de Bioqu\u00edmica y Biolog\u00eda Molecular de la Facultad de Farmacia de la Universidad CEU San Pablo, acaba de publicar en la revista Nutrients un art\u00edculo donde se demuestra que&nbsp;<a href=\"https:\/\/www.abc.es\/espana\/catalunya\/abci-buena-dieta-o-reducir-estres-reduce-hasta-tercio-riesgo-tener-bebe-bajo-peso-202112071706_noticia.html\" target=\"_blank\" rel=\"noreferrer noopener\">las hijas de madres que tomaron fructosa durante el embarazo presentan una gestaci\u00f3n an\u00f3mala relacionada con el potencial desarrollo de diabetes y obesidad en el futuro<\/a>. En concreto, estas anomal\u00edas se caracterizan por, por mayores niveles plasm\u00e1ticos de leptina e insulina, y menos sensibilidad a estas hormonas y acumulaci\u00f3n de grasa en h\u00edgado, en comparaci\u00f3n con el grupo control.<\/p>\n\n\n\n<p>El consumo de bebidas o alimentos ricos en fructosa ha aumentado de forma considerable en las \u00faltimas d\u00e9cadas, de forma paralela a la mayor incidencia de enfermedades metab\u00f3licas tales como la diabetes, la obesidad y las enfermedades cardiovasculares.<\/p>\n\n\n\n<p>Sin embargo, el consumo de bebidas ricas en fructosa no est\u00e1 contraindicado durante la gestaci\u00f3n. Teniendo en cuenta siempre las limitaciones a la hora de extrapolar estos resultados encontrados en animales de experimentaci\u00f3n a los seres humanos, \u00ablos datos de este trabajo podr\u00edan explicar la aparici\u00f3n de alteraciones del metabolismo lip\u00eddico y gluc\u00eddico observados en mujeres gestantes aparentemente sanas que est\u00e1n llevando su embarazo siguiendo todos los cuidados y consejos m\u00e9dicos que se recomiendan en esta etapa. Posiblemente, algunas de estas mujeres simplemente manifiestan, con estas alteraciones, los efectos debidos al elevado consumo de alimentos ricos en fructosa por parte de sus madres durante la gestaci\u00f3n\u00bb, detalla el profesor Bocos.<\/p>\n\n\n\n<p>\u00abNuestro estudio pone de manifiesto c\u00f3mo\u00a0<strong>unos h\u00e1bitos nutricionales inadecuados durante la gestaci\u00f3n pueden tener consecuencias negativas en la progenie<\/strong>\u00bb, advierte el Catedr\u00e1tico. El presente trabajo pretende alertar a la poblaci\u00f3n en general, principalmente a las mujeres gestantes,\u00a0<strong>sobre los peligros que conlleva una ingesta excesiva de bebidas edulcoradas ricas en fructosa<\/strong>, tanto para su salud como para la de sus hijos e incluso nietos.<\/p>\n\n\n\n<p>Estudios previos de NUTRIPRO han detectado que la ingesta de fructosa l\u00edquida por la madre durante la gestaci\u00f3n produce en la progenie, en la etapa fetal, una se\u00f1al defectuosa de la leptina-hormona<strong><a rel=\"noreferrer noopener\" href=\"https:\/\/www.abc.es\/salud\/habitos-vida-saludable\/abci-dieta-embarazo-condiciona-flora-intestinal-bebe-201807051427_noticia.html\" target=\"_blank\"> <\/a><\/strong> que regula el apetito- y una acumulaci\u00f3n de l\u00edpidos en el h\u00edgado. Posteriormente, ya de adultos, los descendientes macho mostraron una se\u00f1al defectuosa de la insulina y niveles bajos de adiponectina que se asocian con patolog\u00edas como la diabetes, y niveles bajos de adiponectina que favorece la acci\u00f3n de la insulina. Adem\u00e1s, detalla el catedr\u00e1tico Carlos Bocos: \u00abresult\u00f3 sumamente curioso encontrar que la descendencia hembra procedente de esas mismas madres que hab\u00edan consumido fructosa durante la gestaci\u00f3n que denominamos<strong>\u00a0\u2018madres-fructosa\u2019<\/strong>\u00a0no presentaba ninguno de esos desajustes metab\u00f3licos encontrados en los machos\u00bb.<\/p>\n\n\n\n<p>El equipo de investigaci\u00f3n de la&nbsp;<a href=\"https:\/\/www.uspceu.com\/estudiar-universidad\/master\/gclid\/cj0kcqia8vsobhckarisagdp6rryqoxvgii3lod8bjrozr4g1evzba_9dabnlegsct-cjsco_31ubbuaaik6ealw_wcb?utm_term=universidadsanpabloceu_&amp;utm_source=google&amp;utm_medium=ads_search&amp;utm_campaign=21_22-usp-es-pg-marca&amp;utm_content=gen&amp;utm_pais=es_es&amp;utm_unidad_negocio=age_mh\" target=\"_blank\" rel=\"noreferrer noopener\">Universidad CEU San Pablo&nbsp;<\/a>sospechaba que las descendientes hembra realmente s\u00ed que pose\u00edan alg\u00fan fenotipo patol\u00f3gico, es decir, alguna alteraci\u00f3n que permanec\u00eda oculta y latente a la espera de las condiciones necesarias que desencadenaran su manifestaci\u00f3n. Tal y como relata el investigador, curiosamente, en el presente trabajo, han observado que dicho fenotipo patol\u00f3gico generado por la ingesta materna de fructosa puede ser revelado por el simple hecho de que las descendientes de dichas madres queden pre\u00f1adas. As\u00ed, estas hijas de&nbsp;<strong>\u2018madres-fructosa\u2019<\/strong>&nbsp;presentaron al final de la gestaci\u00f3n una acumulaci\u00f3n de grasa tanto en h\u00edgado como en placenta y alteraciones en la se\u00f1al de la insulina y de la leptina. Y, m\u00e1s preocupante a\u00fan, su descendencia mostr\u00f3 en la \u00e9poca fetal los mismos trastornos que sus madres, adem\u00e1s de una situaci\u00f3n de estr\u00e9s oxidativo en el h\u00edgado.<\/p>\n\n\n\n<p>El profesor Carlos Bocos lidera un grupo de investigaci\u00f3n de la Universidad CEU San Pablo, formado por los profesores e investigadores Mar\u00eda I. Panadero, Paola Otero, y dos alumnas de doctorado Elena Fauste y Cristina Donis.<\/p>\n\n\n\n<p>fuente: https:\/\/www.abc.es\/familia\/padres-hijos\/abci-madre-fructosa-y-debes-evitar-convertirte-si-estas-embarazada-202201290019_noticia.html<\/p>\n","protected":false},"excerpt":{"rendered":"<p>El trabajo pretende alertar a las embarazadas sobre los peligros de una ingesta excesiva de bebidas azucaradas y comidas procesadas ricas en fructosa El grupo de investigaci\u00f3n&nbsp;\u2018Nutrigen\u00f3mica y programaci\u00f3n fetal-NUTRIPRO\u2019&nbsp;liderado por Carlos Bocos, catedr\u00e1tico de Bioqu\u00edmica y Biolog\u00eda Molecular de la Facultad de Farmacia de la Universidad CEU San Pablo, acaba de publicar en la [&hellip;]<\/p>\n","protected":false},"author":2,"featured_media":102034,"comment_status":"open","ping_status":"open","sticky":false,"template":"","format":"standard","meta":{"footnotes":""},"categories":[56],"tags":[],"class_list":["post-102033","post","type-post","status-publish","format-standard","has-post-thumbnail","hentry","category-salud"],"_links":{"self":[{"href":"https:\/\/elcuartopoder.com.mx\/nw\/wp-json\/wp\/v2\/posts\/102033","targetHints":{"allow":["GET"]}}],"collection":[{"href":"https:\/\/elcuartopoder.com.mx\/nw\/wp-json\/wp\/v2\/posts"}],"about":[{"href":"https:\/\/elcuartopoder.com.mx\/nw\/wp-json\/wp\/v2\/types\/post"}],"author":[{"embeddable":true,"href":"https:\/\/elcuartopoder.com.mx\/nw\/wp-json\/wp\/v2\/users\/2"}],"replies":[{"embeddable":true,"href":"https:\/\/elcuartopoder.com.mx\/nw\/wp-json\/wp\/v2\/comments?post=102033"}],"version-history":[{"count":1,"href":"https:\/\/elcuartopoder.com.mx\/nw\/wp-json\/wp\/v2\/posts\/102033\/revisions"}],"predecessor-version":[{"id":102035,"href":"https:\/\/elcuartopoder.com.mx\/nw\/wp-json\/wp\/v2\/posts\/102033\/revisions\/102035"}],"wp:featuredmedia":[{"embeddable":true,"href":"https:\/\/elcuartopoder.com.mx\/nw\/wp-json\/wp\/v2\/media\/102034"}],"wp:attachment":[{"href":"https:\/\/elcuartopoder.com.mx\/nw\/wp-json\/wp\/v2\/media?parent=102033"}],"wp:term":[{"taxonomy":"category","embeddable":true,"href":"https:\/\/elcuartopoder.com.mx\/nw\/wp-json\/wp\/v2\/categories?post=102033"},{"taxonomy":"post_tag","embeddable":true,"href":"https:\/\/elcuartopoder.com.mx\/nw\/wp-json\/wp\/v2\/tags?post=102033"}],"curies":[{"name":"wp","href":"https:\/\/api.w.org\/{rel}","templated":true}]}}