{"id":102045,"date":"2022-01-31T07:50:29","date_gmt":"2022-01-31T12:50:29","guid":{"rendered":"http:\/\/elcuartopoder.com.mx\/nw\/?p=102045"},"modified":"2022-01-31T07:50:31","modified_gmt":"2022-01-31T12:50:31","slug":"servicios-publicos-redobla-esfuerzos-con-trabajos-nocturnos-para-concluir-trabajos-en-corto-tiempo","status":"publish","type":"post","link":"https:\/\/elcuartopoder.com.mx\/nw\/municipales\/servicios-publicos-redobla-esfuerzos-con-trabajos-nocturnos-para-concluir-trabajos-en-corto-tiempo\/","title":{"rendered":"SERVICIOS P\u00daBLICOS REDOBLA ESFUERZOS CON TRABAJOS NOCTURNOS PARA CONCLUIR TRABAJOS EN CORTO TIEMPO"},"content":{"rendered":"\n<p>Con la encomienda de atender a ciudadan\u00eda de una manera eficaz y eficiente, el gobierno municipal que encabeza Juanita Alonso Marrufo a trav\u00e9s de la Direcci\u00f3n de Servicios P\u00fablicos redobla esfuerzos reorganizando y distribuyendo al personal que realiza labores nocturnas a fin de concluir los trabajos en corto tiempo.<\/p>\n\n\n\n<p>A petici\u00f3n de la presidenta municipal, el director de Servicio P\u00fablicos, Alejandro March\u00e1n Pay\u00e1n inform\u00f3 que han iniciado brigadas en distintos horarios, para evitar afectaciones al tr\u00e1nsito vehicular y atender de una manera r\u00e1pida las necesidades de la comunidad, el equipo que atiende el primer cuadro de la isla,&nbsp; retocando las guarniciones y pintando la l\u00ednea del centro de la calle, han concluido con las avenidas 10 y 15, y est\u00e1n trabando en la 20 y 25, siendo la 30 avenida la meta para luego comenzar&nbsp; &nbsp;en las distintas &nbsp;colonias de la isla.<\/p>\n\n\n\n<p>March\u00e1n Pay\u00e1n se\u00f1al\u00f3 que continuar\u00e1n trabajando con las brigadas de bacheo, \u00e1reas verdes y alumbrado p\u00fablico, con los programas permanentes \u201cRecuperemos los Entornos Educativos, Unido\u201d y \u201cRecuperemos Nuestros Espacios P\u00fablicos\u201d, adem\u00e1s que de trabajar de forma anticipada a la temporada de lluvias con la limpieza de los registros pluviales.<\/p>\n\n\n\n<p>Por \u00faltimo, invit\u00f3 a la comunidad a trabajar en equipo, a ser pacientes, respetar los se\u00f1alamientos, cuidar las instalaciones que est\u00e1n siendo rehabilitadas como los parques, y que contin\u00faen realizando los reportes ciudadanos al n\u00famero telef\u00f3nico 987 688 5442, para su programaci\u00f3n y atenci\u00f3n.<\/p>\n","protected":false},"excerpt":{"rendered":"<p>Con la encomienda de atender a ciudadan\u00eda de una manera eficaz y eficiente, el gobierno municipal que encabeza Juanita Alonso Marrufo a trav\u00e9s de la Direcci\u00f3n de Servicios P\u00fablicos redobla esfuerzos reorganizando y distribuyendo al personal que realiza labores nocturnas a fin de concluir los trabajos en corto tiempo. A petici\u00f3n de la presidenta municipal, [&hellip;]<\/p>\n","protected":false},"author":2,"featured_media":102046,"comment_status":"open","ping_status":"open","sticky":false,"template":"","format":"standard","meta":{"footnotes":""},"categories":[6],"tags":[],"class_list":["post-102045","post","type-post","status-publish","format-standard","has-post-thumbnail","hentry","category-municipales"],"_links":{"self":[{"href":"https:\/\/elcuartopoder.com.mx\/nw\/wp-json\/wp\/v2\/posts\/102045","targetHints":{"allow":["GET"]}}],"collection":[{"href":"https:\/\/elcuartopoder.com.mx\/nw\/wp-json\/wp\/v2\/posts"}],"about":[{"href":"https:\/\/elcuartopoder.com.mx\/nw\/wp-json\/wp\/v2\/types\/post"}],"author":[{"embeddable":true,"href":"https:\/\/elcuartopoder.com.mx\/nw\/wp-json\/wp\/v2\/users\/2"}],"replies":[{"embeddable":true,"href":"https:\/\/elcuartopoder.com.mx\/nw\/wp-json\/wp\/v2\/comments?post=102045"}],"version-history":[{"count":1,"href":"https:\/\/elcuartopoder.com.mx\/nw\/wp-json\/wp\/v2\/posts\/102045\/revisions"}],"predecessor-version":[{"id":102047,"href":"https:\/\/elcuartopoder.com.mx\/nw\/wp-json\/wp\/v2\/posts\/102045\/revisions\/102047"}],"wp:featuredmedia":[{"embeddable":true,"href":"https:\/\/elcuartopoder.com.mx\/nw\/wp-json\/wp\/v2\/media\/102046"}],"wp:attachment":[{"href":"https:\/\/elcuartopoder.com.mx\/nw\/wp-json\/wp\/v2\/media?parent=102045"}],"wp:term":[{"taxonomy":"category","embeddable":true,"href":"https:\/\/elcuartopoder.com.mx\/nw\/wp-json\/wp\/v2\/categories?post=102045"},{"taxonomy":"post_tag","embeddable":true,"href":"https:\/\/elcuartopoder.com.mx\/nw\/wp-json\/wp\/v2\/tags?post=102045"}],"curies":[{"name":"wp","href":"https:\/\/api.w.org\/{rel}","templated":true}]}}