{"id":102057,"date":"2022-01-31T09:57:20","date_gmt":"2022-01-31T14:57:20","guid":{"rendered":"http:\/\/elcuartopoder.com.mx\/nw\/?p=102057"},"modified":"2022-01-31T09:57:22","modified_gmt":"2022-01-31T14:57:22","slug":"amlo-anuncia-cinco-obras-de-infraestructura-en-quintana-roo","status":"publish","type":"post","link":"https:\/\/elcuartopoder.com.mx\/nw\/estatales\/amlo-anuncia-cinco-obras-de-infraestructura-en-quintana-roo\/","title":{"rendered":"AMLO anuncia cinco obras de infraestructura en Quintana Roo"},"content":{"rendered":"\n<p>Este s\u00e1bado, el presidente Andr\u00e9s Manuel L\u00f3pez Obrador, anunci\u00f3 cinco obras en que realizar\u00e1 el gobierno federal en el estado de Quintana Roo.<\/p>\n\n\n\n<p>Se trata del puente sobre la Laguna Nichupt\u00e9, la modernizaci\u00f3n del bulevar \u201cLuis Donaldo Colosio\u201d, la construcci\u00f3n de la avenida \u201cChac-Mool\u201d, la modernizaci\u00f3n de la entronque del Aeropuerto de Canc\u00fan, as\u00ed como el Parque \u201cDel Jaguar\u201d en Tulum.<\/p>\n\n\n\n<p>Las obras requieren una inversi\u00f3n conjunta de 10 mil millones de pesos.<\/p>\n\n\n\n<p>El presidente Andr\u00e9s Manuel L\u00f3pez Obrador destac\u00f3 el r\u00e1pido crecimiento de Quintana Roo, desde que era territorio con 20 mil habitantes, hasta la explosi\u00f3n demogr\u00e1fica actual derivada del desarrollo tur\u00edstico.<\/p>\n\n\n\n<figure class=\"wp-block-embed-youtube wp-block-embed is-type-video is-provider-youtube wp-embed-aspect-16-9 wp-has-aspect-ratio\"><div class=\"wp-block-embed__wrapper\">\n<iframe loading=\"lazy\" width=\"696\" height=\"392\" src=\"https:\/\/www.youtube.com\/embed\/D9OSq_pbWTk?feature=oembed\" frameborder=\"0\" allow=\"accelerometer; autoplay; clipboard-write; encrypted-media; gyroscope; picture-in-picture\" allowfullscreen><\/iframe>\n<\/div><\/figure>\n\n\n\n<p><strong>Fuente:<\/strong> XEU<\/p>\n","protected":false},"excerpt":{"rendered":"<p>Este s\u00e1bado, el presidente Andr\u00e9s Manuel L\u00f3pez Obrador, anunci\u00f3 cinco obras en que realizar\u00e1 el gobierno federal en el estado de Quintana Roo. Se trata del puente sobre la Laguna Nichupt\u00e9, la modernizaci\u00f3n del bulevar \u201cLuis Donaldo Colosio\u201d, la construcci\u00f3n de la avenida \u201cChac-Mool\u201d, la modernizaci\u00f3n de la entronque del Aeropuerto de Canc\u00fan, as\u00ed como [&hellip;]<\/p>\n","protected":false},"author":2,"featured_media":102058,"comment_status":"open","ping_status":"open","sticky":false,"template":"","format":"standard","meta":{"footnotes":""},"categories":[60],"tags":[],"class_list":["post-102057","post","type-post","status-publish","format-standard","has-post-thumbnail","hentry","category-estatales"],"_links":{"self":[{"href":"https:\/\/elcuartopoder.com.mx\/nw\/wp-json\/wp\/v2\/posts\/102057","targetHints":{"allow":["GET"]}}],"collection":[{"href":"https:\/\/elcuartopoder.com.mx\/nw\/wp-json\/wp\/v2\/posts"}],"about":[{"href":"https:\/\/elcuartopoder.com.mx\/nw\/wp-json\/wp\/v2\/types\/post"}],"author":[{"embeddable":true,"href":"https:\/\/elcuartopoder.com.mx\/nw\/wp-json\/wp\/v2\/users\/2"}],"replies":[{"embeddable":true,"href":"https:\/\/elcuartopoder.com.mx\/nw\/wp-json\/wp\/v2\/comments?post=102057"}],"version-history":[{"count":1,"href":"https:\/\/elcuartopoder.com.mx\/nw\/wp-json\/wp\/v2\/posts\/102057\/revisions"}],"predecessor-version":[{"id":102059,"href":"https:\/\/elcuartopoder.com.mx\/nw\/wp-json\/wp\/v2\/posts\/102057\/revisions\/102059"}],"wp:featuredmedia":[{"embeddable":true,"href":"https:\/\/elcuartopoder.com.mx\/nw\/wp-json\/wp\/v2\/media\/102058"}],"wp:attachment":[{"href":"https:\/\/elcuartopoder.com.mx\/nw\/wp-json\/wp\/v2\/media?parent=102057"}],"wp:term":[{"taxonomy":"category","embeddable":true,"href":"https:\/\/elcuartopoder.com.mx\/nw\/wp-json\/wp\/v2\/categories?post=102057"},{"taxonomy":"post_tag","embeddable":true,"href":"https:\/\/elcuartopoder.com.mx\/nw\/wp-json\/wp\/v2\/tags?post=102057"}],"curies":[{"name":"wp","href":"https:\/\/api.w.org\/{rel}","templated":true}]}}