{"id":102094,"date":"2022-01-31T12:28:51","date_gmt":"2022-01-31T17:28:51","guid":{"rendered":"http:\/\/elcuartopoder.com.mx\/nw\/?p=102094"},"modified":"2022-01-31T12:28:53","modified_gmt":"2022-01-31T17:28:53","slug":"alejandra-es-hija-de-vicente-fernandez-con-la-hermana-de-cuquita-por-eso-la-crio-2","status":"publish","type":"post","link":"https:\/\/elcuartopoder.com.mx\/nw\/entretenimiento\/espectaculos\/alejandra-es-hija-de-vicente-fernandez-con-la-hermana-de-cuquita-por-eso-la-crio-2\/","title":{"rendered":"Alejandra es hija de Vicente Fern\u00e1ndez con la hermana de Cuquita, por eso la cri\u00f3"},"content":{"rendered":"\n<h2 class=\"wp-block-heading\">\u201cEl Charro de Huentit\u00e1n\u201d en vida reparti\u00f3 su herencia en cuatro: sus tres potrillos y su hija Ale<\/h2>\n\n\n\n<p>LEJANDRA ES\u00a0<strong>HIJA DE VICENTE FERN\u00c1NDEZ\u00a0<\/strong>CON LA HERMANA DE CUQUITA, POR ESO LA CRI\u00d3 Y REPARTI\u00d3 HERENCIA ENTRE CUATRO: SUS 3 POTRILLOS Y SU HIJA DE CARNE<\/p>\n\n\n\n<figure class=\"wp-block-image\"><img loading=\"lazy\" decoding=\"async\" width=\"720\" height=\"540\" src=\"http:\/\/elcuartopoder.com.mx\/nw\/wp-content\/uploads\/2022\/01\/alejandra-hija-adoptiva-1.jpg\" alt=\"\" class=\"wp-image-102095\" srcset=\"https:\/\/elcuartopoder.com.mx\/nw\/wp-content\/uploads\/2022\/01\/alejandra-hija-adoptiva-1.jpg 720w, https:\/\/elcuartopoder.com.mx\/nw\/wp-content\/uploads\/2022\/01\/alejandra-hija-adoptiva-1-300x225.jpg 300w, https:\/\/elcuartopoder.com.mx\/nw\/wp-content\/uploads\/2022\/01\/alejandra-hija-adoptiva-1-80x60.jpg 80w, https:\/\/elcuartopoder.com.mx\/nw\/wp-content\/uploads\/2022\/01\/alejandra-hija-adoptiva-1-265x198.jpg 265w, https:\/\/elcuartopoder.com.mx\/nw\/wp-content\/uploads\/2022\/01\/alejandra-hija-adoptiva-1-696x522.jpg 696w\" sizes=\"auto, (max-width: 720px) 100vw, 720px\" \/><\/figure>\n\n\n\n<p>La serie de la vida de\u00a0<strong>Vicente Fern\u00e1ndez<\/strong>,\u00a0<strong>\u201cEl Charro de Huentit\u00e1n\u201d<\/strong>, habla de su romance con la hermana de\u00a0<strong>Cuquita\u00a0<\/strong>de la cual naci\u00f3 Alejandra. Vicente la cri\u00f3 por ser hija de su sangre y de su carne; reparti\u00f3 herencia en vida en cuatro partes iguales en la que incluy\u00f3 a su hija y Cuquita no dijo nada, se aguant\u00f3 todo, as\u00ed lo cuenta\u00a0<strong>Olga Wornat.<\/strong><\/p>\n\n\n\n<p><strong>MICHELLE RENAUD<\/strong>: NI EL PADRE DE TU HIJO MARCELO, NI NADIE APRENDIMOS A SER PADRES, LOS DIVORCIOS VIENEN DE PROBLEMAS NO RESUELTOS Y LOS HIJOS SE CONVIERTEN EN PELOTAS DE PING PONG: HOY TE LO DOY, MA\u00d1ANA NO\u2026<\/p>\n\n\n\n<p>Nadie aprende a ser padre, vamos criando a nuestros hijos como Dios nos da a entender. Es incre\u00edble que a un garrotero que limpia las mesas en el restaurante le exijan tener secundaria y tomar un curso de ocho d\u00edas para darle el puesto; para aprender y educar a un hijo no tomamos ni un curso de cinco minutos. \u00a1Un revolc\u00f3n y sorpresa, naci\u00f3 el hijo!\u2026\u00a0<\/p>\n\n\n\n<p><strong>Michelle Renaud<\/strong>&nbsp;no deja que el pap\u00e1 de su hijo Marcelo vea al ni\u00f1o desde noviembre como \u00e9l postea en sus redes, ella dice que \u00e9l s\u00f3lo quiere tener seguidores y lo acusa de maltratar al hijo de ambos.<\/p>\n\n\n\n<p>Pienso que la soluci\u00f3n no es quitarle el pap\u00e1 al ni\u00f1o, porque un hijo no es una mascota e impedir que se vean es como tirar el agua de la ba\u00f1era con el ni\u00f1o adentro, porque \u00e9l es el \u00fanico pap\u00e1 de ese hijo. Ambos tendr\u00e1n que aprender en terapia a poner al ni\u00f1o primero, porque se vale ser feliz y casarte las veces que quieras puesto que un matrimonio tampoco es una sentencia a muerte. pero el divorcio es un problema&nbsp; irreconciliable sin resolver y los ni\u00f1os se vuelven pelotas de ping pong: -hoy te quito a tu hijo, hoy te lo devuelvo- y como los ni\u00f1os no se quedan enanos y crecen al final van a culpar y reclamarle todo a sus padres.<\/p>\n\n\n\n<p>NI A LOS HIJOS DE PRESIDENTES DE LA REP\u00daBLICA MEXICANA LES ALCANZA EL DINERO PARA COMPRAR UN EQUIPO DE PRIMERA DIVISI\u00d3N COMO HIZO EL HIJO DE&nbsp;<strong>JUAN GABRIEL<\/strong>, PERO EL DINERO ES PARA GASTARLO Y QUE BUENO QUE SE DA UN LUJITO, SE LO MERECE DESPU\u00c9S DE TANTO L\u00cdO LEGAL QUE PADECI\u00d3 DESDE QUE FALLECI\u00d3 EL DIVO DE JU\u00c1REZ<\/p>\n\n\n\n<p>Ni a los hijos de ex&nbsp;<strong>Presidentes de la Rep\u00fablica Mexicana&nbsp;<\/strong>les alcanza el dinero para comprar y mantener un equipo de futbol de primera divisi\u00f3n como acaba de hacerlo el hijo de&nbsp;<strong>Juan Gabriel, Iv\u00e1n Aguilera<\/strong>, quien se compr\u00f3 a:<strong>&nbsp;\u201cLos Bravos de Ju\u00e1rez\u201d.<\/strong>&nbsp;Un equipo no vale una baba de perico, pero Iv\u00e1n va a recibir regal\u00edas por parte del Divo de Ju\u00e1rez hasta que \u00e9l se muera, entonces es un peque\u00f1o lujo, \u00e9l lo vale y se lo puede pagar\u2026 El dinero sirve para gastarlo, que bueno que Ivan despu\u00e9s de tantos l\u00edos legales, desde que muri\u00f3 Juan Gabriel, se puede dar un respiro y desfogarse en su pasi\u00f3n: el futbol soccer.<\/p>\n\n\n\n<p>POR SHANIK BERMAN<\/p>\n","protected":false},"excerpt":{"rendered":"<p>\u201cEl Charro de Huentit\u00e1n\u201d en vida reparti\u00f3 su herencia en cuatro: sus tres potrillos y su hija Ale LEJANDRA ES\u00a0HIJA DE VICENTE FERN\u00c1NDEZ\u00a0CON LA HERMANA DE CUQUITA, POR ESO LA CRI\u00d3 Y REPARTI\u00d3 HERENCIA ENTRE CUATRO: SUS 3 POTRILLOS Y SU HIJA DE CARNE La serie de la vida de\u00a0Vicente Fern\u00e1ndez,\u00a0\u201cEl Charro de Huentit\u00e1n\u201d, habla [&hellip;]<\/p>\n","protected":false},"author":2,"featured_media":102096,"comment_status":"open","ping_status":"open","sticky":false,"template":"","format":"standard","meta":{"footnotes":""},"categories":[11],"tags":[],"class_list":["post-102094","post","type-post","status-publish","format-standard","has-post-thumbnail","hentry","category-espectaculos"],"_links":{"self":[{"href":"https:\/\/elcuartopoder.com.mx\/nw\/wp-json\/wp\/v2\/posts\/102094","targetHints":{"allow":["GET"]}}],"collection":[{"href":"https:\/\/elcuartopoder.com.mx\/nw\/wp-json\/wp\/v2\/posts"}],"about":[{"href":"https:\/\/elcuartopoder.com.mx\/nw\/wp-json\/wp\/v2\/types\/post"}],"author":[{"embeddable":true,"href":"https:\/\/elcuartopoder.com.mx\/nw\/wp-json\/wp\/v2\/users\/2"}],"replies":[{"embeddable":true,"href":"https:\/\/elcuartopoder.com.mx\/nw\/wp-json\/wp\/v2\/comments?post=102094"}],"version-history":[{"count":1,"href":"https:\/\/elcuartopoder.com.mx\/nw\/wp-json\/wp\/v2\/posts\/102094\/revisions"}],"predecessor-version":[{"id":102097,"href":"https:\/\/elcuartopoder.com.mx\/nw\/wp-json\/wp\/v2\/posts\/102094\/revisions\/102097"}],"wp:featuredmedia":[{"embeddable":true,"href":"https:\/\/elcuartopoder.com.mx\/nw\/wp-json\/wp\/v2\/media\/102096"}],"wp:attachment":[{"href":"https:\/\/elcuartopoder.com.mx\/nw\/wp-json\/wp\/v2\/media?parent=102094"}],"wp:term":[{"taxonomy":"category","embeddable":true,"href":"https:\/\/elcuartopoder.com.mx\/nw\/wp-json\/wp\/v2\/categories?post=102094"},{"taxonomy":"post_tag","embeddable":true,"href":"https:\/\/elcuartopoder.com.mx\/nw\/wp-json\/wp\/v2\/tags?post=102094"}],"curies":[{"name":"wp","href":"https:\/\/api.w.org\/{rel}","templated":true}]}}