{"id":102103,"date":"2022-01-31T15:05:41","date_gmt":"2022-01-31T20:05:41","guid":{"rendered":"http:\/\/elcuartopoder.com.mx\/nw\/?p=102103"},"modified":"2022-01-31T15:05:43","modified_gmt":"2022-01-31T20:05:43","slug":"poder-judicial-trabaja-de-forma-ordenada-con-sindicato-de-trabajadores","status":"publish","type":"post","link":"https:\/\/elcuartopoder.com.mx\/nw\/estatales\/poder-judicial-trabaja-de-forma-ordenada-con-sindicato-de-trabajadores\/","title":{"rendered":"PODER JUDICIAL TRABAJA DE FORMA ORDENADA CON SINDICATO DE TRABAJADORES"},"content":{"rendered":"\n<p>Con el objetivo de conocer las condiciones laborales de las y los trabajadores al servicio del Poder Judicial, el Mtro. Gustavo Adolfo del Rosal Ricalde, Magistrado Presidente del Tribunal Superior de Justicia y del Consejo de la Judicatura, se reuni\u00f3 C. Juanita del Socorro Kant\u00fan Coral, Secretaria General del Sindicato \u00danico de Trabajadores del Poder Judicial, como parte de las acciones para garantizar una transici\u00f3n ordenada del Programa para la Impartici\u00f3n de Justicia.<\/p>\n","protected":false},"excerpt":{"rendered":"<p>Con el objetivo de conocer las condiciones laborales de las y los trabajadores al servicio del Poder Judicial, el Mtro. Gustavo Adolfo del Rosal Ricalde, Magistrado Presidente del Tribunal Superior de Justicia y del Consejo de la Judicatura, se reuni\u00f3 C. Juanita del Socorro Kant\u00fan Coral, Secretaria General del Sindicato \u00danico de Trabajadores del Poder [&hellip;]<\/p>\n","protected":false},"author":2,"featured_media":102104,"comment_status":"open","ping_status":"open","sticky":false,"template":"","format":"standard","meta":{"footnotes":""},"categories":[60],"tags":[],"class_list":["post-102103","post","type-post","status-publish","format-standard","has-post-thumbnail","hentry","category-estatales"],"_links":{"self":[{"href":"https:\/\/elcuartopoder.com.mx\/nw\/wp-json\/wp\/v2\/posts\/102103","targetHints":{"allow":["GET"]}}],"collection":[{"href":"https:\/\/elcuartopoder.com.mx\/nw\/wp-json\/wp\/v2\/posts"}],"about":[{"href":"https:\/\/elcuartopoder.com.mx\/nw\/wp-json\/wp\/v2\/types\/post"}],"author":[{"embeddable":true,"href":"https:\/\/elcuartopoder.com.mx\/nw\/wp-json\/wp\/v2\/users\/2"}],"replies":[{"embeddable":true,"href":"https:\/\/elcuartopoder.com.mx\/nw\/wp-json\/wp\/v2\/comments?post=102103"}],"version-history":[{"count":1,"href":"https:\/\/elcuartopoder.com.mx\/nw\/wp-json\/wp\/v2\/posts\/102103\/revisions"}],"predecessor-version":[{"id":102105,"href":"https:\/\/elcuartopoder.com.mx\/nw\/wp-json\/wp\/v2\/posts\/102103\/revisions\/102105"}],"wp:featuredmedia":[{"embeddable":true,"href":"https:\/\/elcuartopoder.com.mx\/nw\/wp-json\/wp\/v2\/media\/102104"}],"wp:attachment":[{"href":"https:\/\/elcuartopoder.com.mx\/nw\/wp-json\/wp\/v2\/media?parent=102103"}],"wp:term":[{"taxonomy":"category","embeddable":true,"href":"https:\/\/elcuartopoder.com.mx\/nw\/wp-json\/wp\/v2\/categories?post=102103"},{"taxonomy":"post_tag","embeddable":true,"href":"https:\/\/elcuartopoder.com.mx\/nw\/wp-json\/wp\/v2\/tags?post=102103"}],"curies":[{"name":"wp","href":"https:\/\/api.w.org\/{rel}","templated":true}]}}