{"id":103365,"date":"2022-02-28T12:42:21","date_gmt":"2022-02-28T17:42:21","guid":{"rendered":"http:\/\/elcuartopoder.com.mx\/nw\/?p=103365"},"modified":"2022-02-28T12:42:23","modified_gmt":"2022-02-28T17:42:23","slug":"cuales-serian-los-aliados-de-rusia-en-caso-de-una-guerra-internacional-a-gran-escala","status":"publish","type":"post","link":"https:\/\/elcuartopoder.com.mx\/nw\/internacionales\/cuales-serian-los-aliados-de-rusia-en-caso-de-una-guerra-internacional-a-gran-escala\/","title":{"rendered":"Cu\u00e1les ser\u00edan los aliados de Rusia en caso de una guerra internacional a gran escala"},"content":{"rendered":"\n<p>Ya no hay vuelta atr\u00e1s. La\u00a0<strong>guerra entre Ucrania y Rusia\u00a0<\/strong>ha comenzado. La madrugada de este jueves los ej\u00e9rcitos rusos han emprendido su incursi\u00f3n por v\u00eda a\u00e9rea, pero el Kremlin estar\u00eda preparando una invasi\u00f3n terrestre, en lo que es el\u00a0mayor ataque de un estado contra otro en Europa\u00a0desde la Segunda Guerra Mundial.<\/p>\n\n\n\n<p>El presidente ucraniano,\u00a0Volod\u00edmir Zelenski, ha declarado la ley marcial en todo el pa\u00eds. \u00abEl pueblo de Ucrania quiere la paz. El gobierno de Ucrania quiere la paz\u2026 Pero si somos atacados, si alguien intenta quitarnos nuestra tierra, nuestra libertad, nuestras vidas, la vida de nuestros hijos,\u00a0<strong>nos defenderemos<\/strong>\u2026 Ver\u00e1n nuestras caras, no nuestras espaldas\u00bb.<\/p>\n\n\n\n<p>Por el momento, Ucrania ha informado del fallecimiento de cerca de&nbsp;<strong>40 soldados ucranianos y de 50 soldados rusos<\/strong>.<\/p>\n\n\n\n<p>Seg\u00fan el Ministerio de Defensa de Ucrania, se ha logrado parar la ofensiva de las tropas rusas en la regi\u00f3n de Chernihiv pero se siguen librando duros combates en las inmediaciones de&nbsp;<strong>Donetsk, Lugansk<\/strong>, Jers\u00f3n y J\u00e1rkov. El Ej\u00e9rcito ucraniano recuper\u00f3 el control de las ciudades de Mari\u00fapol y Schastie \u00abhabiendo destruido al menos seis aviones, dos helic\u00f3pteros y decenas de veh\u00edculos blindados\u00bb.<\/p>\n\n\n\n<p>Los l\u00edderes de la Uni\u00f3n Europea discuten hoy, jueves 24 de febrero,\u00a0<strong>nuevas sanciones\u00a0<\/strong>y el presidente de Estados Unidos,\u00a0Joe Biden, se reunir\u00e1 con sus hom\u00f3logos del G7 tambi\u00e9n para trazar medidas m\u00e1s duras contra Rusia por la\u00a0guerra en Ucrania.<\/p>\n\n\n\n<h3 class=\"wp-block-heading\">Los aliados de Rusia<\/h3>\n\n\n\n<p>Por el momento, parece que solo el bloque occidental mueve ficha y Rusia avanza en territorio Ucraniano sin recibir un apoyo claro de sus aliados. No obstante, no se descarta que, de agravarse el conflicto, otros pa\u00edses pudieran entrar en juego en este particular tablero de ajedrez.<\/p>\n\n\n\n<p>Pero, \u00bfqui\u00e9nes son los&nbsp;<strong>principales alidados de Rusia<\/strong>?<\/p>\n\n\n\n<h3 class=\"wp-block-heading\">OTSC<\/h3>\n\n\n\n<p>La<strong>&nbsp;Organizaci\u00f3n del Tratado de Seguridad Colectiva&nbsp;<\/strong>es una organizaci\u00f3n pol\u00edtico-militar que fue creada tras la ca\u00edda de la Uni\u00f3n Sovi\u00e9tica con el objetivo de luchar contra el terrorismo y el crimen organizado. Al igual que la OTAN, considera que una agresi\u00f3n a uno de sus miembros es una agresi\u00f3n a todos.<\/p>\n\n\n\n<p>A este organismo nacido en 1992 pertenecen&nbsp;<strong>Armenia, Bielorrusia, Kazajist\u00e1n, Kirguist\u00e1n y Tayikist\u00e1n<\/strong>, adem\u00e1s de Rusia.<\/p>\n\n\n\n<p>Los pa\u00edses miembros de la OTSC son los principales&nbsp;<strong>aliados de Rusia&nbsp;<\/strong>en gran parte porque dependen de esta tanto econ\u00f3mica como pol\u00edticamente. Ya han colaborado con Rusia en otros conflictos internacionales, como la guerra civil en Siria en 2018 o el control de las protestas en Kazajist\u00e1n a principios de este 2022.<\/p>\n\n\n\n<h3 class=\"wp-block-heading\">China<\/h3>\n\n\n\n<p>China, aun pudiendo ser uno de los principales adversarios geopol\u00edticos de Rusia, ha sido tradicionalmente el gran aliado del Kremlin. Tanto es as\u00ed que, para mostar su alianza con Putin, una de las portavoces del Ministerio de Exteriores chino, Hua Chunying, ha evitado en una rueda de prensa hablar de \u00ab<strong>invasi\u00f3n<\/strong>\u00bb. \u00abEstamos siguiendo la situaci\u00f3n de cerca. Quiz\u00e1s esa es la diferencia con nosotros, que no nos apresuramos a plantear conclusiones\u00bb, aseguraba.<\/p>\n\n\n\n<p>De este modo parece que&nbsp;<strong>ni los bombardeos ni la entrada de tanques&nbsp;<\/strong>y soldados desde varios flancos en Ucrania cambian la posici\u00f3n de China sobre lo que ya es la guerra lanzada por Rusia.<\/p>\n\n\n\n<h3 class=\"wp-block-heading\">Ir\u00e1n<\/h3>\n\n\n\n<p>Ir\u00e1n forma parte de la&nbsp;<strong>Tripe Alianza chino-ruso-iran\u00ed<\/strong>, la cual se vio fortalezida en los \u00faltimos a\u00f3s de la guerra civil de Siria, cuando estos pa\u00edses colaboraron para evitar que occidente y sus socios de Oriente Medio derrocaran al r\u00e9gimen de Al Assad, aliado de Putin. As\u00ed, estos tres pa\u00edses concretaron una base de operaciones militares al sur de Rusia, al occidente de China y al sur de Ir\u00e1n.<\/p>\n\n\n\n<p>A principios de este 2022, el presidente iran\u00ed,&nbsp;<strong>Ebrahim Rais\u00ed<\/strong>, ofreci\u00f3 a Rusia relaciones estrat\u00e9gicas ante las sanciones de Occidente cuando las tropas del Kremlin comenzaron a rodear Ucrania. Como recoge la agencia EFE, Teher\u00e1n ha apostado por hallar en Mosc\u00fa a un hermano para estrechar los lazos en momentos en los que las tensiones entre Rusia y Occidente se acercan a su cl\u00edmax.<\/p>\n\n\n\n<p>\u00abLlevamos m\u00e1s de 40 a\u00f1os enfrentando a los estadounidenses. Y jam\u00e1s detendremos el progreso y el desarrollo debido a sanciones y amenazas. Ahora&nbsp;<strong>nos esforzamos para que las sanciones sean derogadas<\/strong>\u00bb, afirm\u00f3, en referencia a las restricciones impuestas por Estados Unidos tras su salida del pacto nuclear iran\u00ed de 2015.<\/p>\n\n\n\n<h3 class=\"wp-block-heading\">Am\u00e9rica Latina<\/h3>\n\n\n\n<p>Rusia tambi\u00e9n cuenta con apoyos en Am\u00e9rica Latina. Sus principales aliados son\u00a0<strong>Cuba<\/strong>, aliado hist\u00f3rico desde la \u00e9poca de la Uni\u00f3n Sovi\u00e9tica, y\u00a0<strong>Venezuela<\/strong>, pa\u00eds que se convirti\u00f3 tambi\u00e9n en un estrecho colaborador del Kremlin con la llegada de Hugo Ch\u00e1vez al poder.<\/p>\n\n\n\n<p><strong>Fuente:<\/strong> ABC<\/p>\n","protected":false},"excerpt":{"rendered":"<p>Ya no hay vuelta atr\u00e1s. La\u00a0guerra entre Ucrania y Rusia\u00a0ha comenzado. La madrugada de este jueves los ej\u00e9rcitos rusos han emprendido su incursi\u00f3n por v\u00eda a\u00e9rea, pero el Kremlin estar\u00eda preparando una invasi\u00f3n terrestre, en lo que es el\u00a0mayor ataque de un estado contra otro en Europa\u00a0desde la Segunda Guerra Mundial. El presidente ucraniano,\u00a0Volod\u00edmir Zelenski, [&hellip;]<\/p>\n","protected":false},"author":2,"featured_media":103366,"comment_status":"open","ping_status":"open","sticky":false,"template":"","format":"standard","meta":{"footnotes":""},"categories":[8],"tags":[],"class_list":["post-103365","post","type-post","status-publish","format-standard","has-post-thumbnail","hentry","category-internacionales"],"_links":{"self":[{"href":"https:\/\/elcuartopoder.com.mx\/nw\/wp-json\/wp\/v2\/posts\/103365","targetHints":{"allow":["GET"]}}],"collection":[{"href":"https:\/\/elcuartopoder.com.mx\/nw\/wp-json\/wp\/v2\/posts"}],"about":[{"href":"https:\/\/elcuartopoder.com.mx\/nw\/wp-json\/wp\/v2\/types\/post"}],"author":[{"embeddable":true,"href":"https:\/\/elcuartopoder.com.mx\/nw\/wp-json\/wp\/v2\/users\/2"}],"replies":[{"embeddable":true,"href":"https:\/\/elcuartopoder.com.mx\/nw\/wp-json\/wp\/v2\/comments?post=103365"}],"version-history":[{"count":1,"href":"https:\/\/elcuartopoder.com.mx\/nw\/wp-json\/wp\/v2\/posts\/103365\/revisions"}],"predecessor-version":[{"id":103367,"href":"https:\/\/elcuartopoder.com.mx\/nw\/wp-json\/wp\/v2\/posts\/103365\/revisions\/103367"}],"wp:featuredmedia":[{"embeddable":true,"href":"https:\/\/elcuartopoder.com.mx\/nw\/wp-json\/wp\/v2\/media\/103366"}],"wp:attachment":[{"href":"https:\/\/elcuartopoder.com.mx\/nw\/wp-json\/wp\/v2\/media?parent=103365"}],"wp:term":[{"taxonomy":"category","embeddable":true,"href":"https:\/\/elcuartopoder.com.mx\/nw\/wp-json\/wp\/v2\/categories?post=103365"},{"taxonomy":"post_tag","embeddable":true,"href":"https:\/\/elcuartopoder.com.mx\/nw\/wp-json\/wp\/v2\/tags?post=103365"}],"curies":[{"name":"wp","href":"https:\/\/api.w.org\/{rel}","templated":true}]}}