{"id":103371,"date":"2022-02-28T12:45:26","date_gmt":"2022-02-28T17:45:26","guid":{"rendered":"http:\/\/elcuartopoder.com.mx\/nw\/?p=103371"},"modified":"2022-02-28T12:45:27","modified_gmt":"2022-02-28T17:45:27","slug":"quintana-roo-se-prepara-para-vacaciones-de-semana-santa","status":"publish","type":"post","link":"https:\/\/elcuartopoder.com.mx\/nw\/estatales\/quintana-roo-se-prepara-para-vacaciones-de-semana-santa\/","title":{"rendered":"Quintana Roo se prepara para vacaciones de Semana Santa"},"content":{"rendered":"\n<p><em>Canc\u00fan, QR.<\/em>&nbsp;Quintana Roo se prepara para recibir la temporada vacacional de Semana Santa, en donde se requerir\u00e1 de al menos tres millones de asientos de avi\u00f3n para los meses de marzo y abril, seg\u00fan informaci\u00f3n de la Secretar\u00eda Estatal de Turismo.<\/p>\n\n\n\n<p>En Chetumal, la apertura de las fronteras con Belice permite un crecimiento en el n\u00famero de pasajeros terrestres, pues 800 personas a la semana que entraban desde ese pa\u00eds, ahora la cantidad est\u00e1 en cuatro mil semanales.<\/p>\n\n\n\n<p>El gobernador Carlos Joaqu\u00edn exhort\u00f3 a todas y todos los quintanarroenses a fortalecer las medidas de prevenci\u00f3n, los protocolos y los h\u00e1bitos de higiene para afrontar con \u00e9xito este flujo de turistas, para el cuidado de la salud y evitar as\u00ed contagios de covid-19, pues el turismo es la actividad esencial en el estado.<\/p>\n\n\n\n<p>Record\u00f3 que estar en color verde, en el Sem\u00e1foro Epidemiol\u00f3gico Estatal, no significa bajar la guardia ni relajar el uso de las medidas, por el contrario, hay que buscar el equilibrio entre el cuidado de la salud y la recuperaci\u00f3n de la econom\u00eda para que el turismo genere beneficios para todos.<\/p>\n\n\n\n<p>El titular del ejecutivo explic\u00f3 que el flujo de turistas por la v\u00eda a\u00e9rea, por los aeropuertos del estado y la conectividad que se ha ampliado, ya registr\u00f3 la semana pasada m\u00e1s de 200 mil pasajeros, muchos de ellos en el vuelo Miami-Chetumal, que creci\u00f3 en varios puntos porcentuales.<\/p>\n\n\n\n<p>Consider\u00f3 que, con la promoci\u00f3n actual, los buenos niveles de ocupaci\u00f3n hotelera permitir\u00e1n tener una mejor recuperaci\u00f3n de la econom\u00eda.<\/p>\n\n\n\n<p>Cabe mencionar que la Semana Santa se celebrar\u00e1 en M\u00e9xico del 10 al 16 de abril.<\/p>\n\n\n\n<p>La Asociaci\u00f3n de Hoteles de Canc\u00fan, Puerto Morelos e Isla Mujeres reporta una ocupaci\u00f3n general acumulada en lo que va del mes de febrero, de 80.1 por ciento, siendo Canc\u00fan el destino de mayor demanda al registrar 82.5 por ciento de ocupaci\u00f3n.<\/p>\n\n\n\n<p>Al momento, tan s\u00f3lo permanecen cerrados icho hoteles, que suman mil 22 habitaciones, a ra\u00edz de la pandemia de covid-19.<\/p>\n\n\n\n<p><strong>Fuente:<\/strong> jornada<\/p>\n","protected":false},"excerpt":{"rendered":"<p>Canc\u00fan, QR.&nbsp;Quintana Roo se prepara para recibir la temporada vacacional de Semana Santa, en donde se requerir\u00e1 de al menos tres millones de asientos de avi\u00f3n para los meses de marzo y abril, seg\u00fan informaci\u00f3n de la Secretar\u00eda Estatal de Turismo. En Chetumal, la apertura de las fronteras con Belice permite un crecimiento en el [&hellip;]<\/p>\n","protected":false},"author":2,"featured_media":103372,"comment_status":"open","ping_status":"open","sticky":false,"template":"","format":"standard","meta":{"footnotes":""},"categories":[60],"tags":[],"class_list":["post-103371","post","type-post","status-publish","format-standard","has-post-thumbnail","hentry","category-estatales"],"_links":{"self":[{"href":"https:\/\/elcuartopoder.com.mx\/nw\/wp-json\/wp\/v2\/posts\/103371","targetHints":{"allow":["GET"]}}],"collection":[{"href":"https:\/\/elcuartopoder.com.mx\/nw\/wp-json\/wp\/v2\/posts"}],"about":[{"href":"https:\/\/elcuartopoder.com.mx\/nw\/wp-json\/wp\/v2\/types\/post"}],"author":[{"embeddable":true,"href":"https:\/\/elcuartopoder.com.mx\/nw\/wp-json\/wp\/v2\/users\/2"}],"replies":[{"embeddable":true,"href":"https:\/\/elcuartopoder.com.mx\/nw\/wp-json\/wp\/v2\/comments?post=103371"}],"version-history":[{"count":1,"href":"https:\/\/elcuartopoder.com.mx\/nw\/wp-json\/wp\/v2\/posts\/103371\/revisions"}],"predecessor-version":[{"id":103373,"href":"https:\/\/elcuartopoder.com.mx\/nw\/wp-json\/wp\/v2\/posts\/103371\/revisions\/103373"}],"wp:featuredmedia":[{"embeddable":true,"href":"https:\/\/elcuartopoder.com.mx\/nw\/wp-json\/wp\/v2\/media\/103372"}],"wp:attachment":[{"href":"https:\/\/elcuartopoder.com.mx\/nw\/wp-json\/wp\/v2\/media?parent=103371"}],"wp:term":[{"taxonomy":"category","embeddable":true,"href":"https:\/\/elcuartopoder.com.mx\/nw\/wp-json\/wp\/v2\/categories?post=103371"},{"taxonomy":"post_tag","embeddable":true,"href":"https:\/\/elcuartopoder.com.mx\/nw\/wp-json\/wp\/v2\/tags?post=103371"}],"curies":[{"name":"wp","href":"https:\/\/api.w.org\/{rel}","templated":true}]}}