{"id":103377,"date":"2022-02-28T12:55:45","date_gmt":"2022-02-28T17:55:45","guid":{"rendered":"http:\/\/elcuartopoder.com.mx\/nw\/?p=103377"},"modified":"2022-02-28T12:55:47","modified_gmt":"2022-02-28T17:55:47","slug":"el-mijis-y-su-paradero","status":"publish","type":"post","link":"https:\/\/elcuartopoder.com.mx\/nw\/opinion\/el-mijis-y-su-paradero\/","title":{"rendered":"El Mijis y su paradero"},"content":{"rendered":"\n<p>Ya hay noticias sobre&nbsp;<strong>Pedro Carrizales Becerra<\/strong>, mejor conocido como El Mijis, desaparecido el pasado 31 de enero. Su caso pronto va a quedar resuelto.<\/p>\n\n\n\n<p>Lamentablemente el escenario no es el mejor. La&nbsp;<strong>Fiscal\u00eda del Estado de Tamaulipas&nbsp;<\/strong>encontr\u00f3 el autom\u00f3vil del ex diputado de Morena.<\/p>\n\n\n\n<p>Fue hallado abandonado en un paraje consumido por el fuego, poco m\u00e1s de 20 d\u00edas despu\u00e9s de que saliera de su casa, y dijera a su esposa que ir\u00eda a apoyar a un grupo de migrantes que le estaban pidiendo ayuda.<\/p>\n\n\n\n<p>En el interior del coche hab\u00eda un cuerpo calcinado. No hay duda de que la unidad es la de El Mijis. De hecho la esposa, acompa\u00f1ada de defensoras de derechos humanos ya viaj\u00f3 a la entidad para que la autoridad local la ponga al tanto de todo.<\/p>\n\n\n\n<p>El gobierno federal tuvo que intervenir en la asistencia de investigaci\u00f3n, como en otros casos, por la relevancia del personaje. De hecho, especialistas de inteligencia tuvieron que trasladarse al lugar para hacer todas las pesquisas necesarias. Pronto habr\u00e1 confirmaciones.<\/p>\n\n\n\n<p><strong>Uppercut:\u00a0<\/strong>El lunes terminan el parlamento abierto sobre la\u00a0<strong>Reforma El\u00e9ctrica<\/strong>. Despu\u00e9s de semanas de discusi\u00f3n y de oir las voces m\u00e1s diversas el resultado es el mismo:\u00a0<strong>Morena<\/strong>\u00a0no quiere cambiarle ninguna coma a su propuesta original, por lo que el Partido Revolucionario Institucional seguir\u00e1 siendo clave<\/p>\n\n\n\n<p><strong>Fuente:<\/strong> heraldodemexico<\/p>\n","protected":false},"excerpt":{"rendered":"<p>Ya hay noticias sobre&nbsp;Pedro Carrizales Becerra, mejor conocido como El Mijis, desaparecido el pasado 31 de enero. Su caso pronto va a quedar resuelto. Lamentablemente el escenario no es el mejor. La&nbsp;Fiscal\u00eda del Estado de Tamaulipas&nbsp;encontr\u00f3 el autom\u00f3vil del ex diputado de Morena. Fue hallado abandonado en un paraje consumido por el fuego, poco m\u00e1s [&hellip;]<\/p>\n","protected":false},"author":2,"featured_media":103378,"comment_status":"open","ping_status":"open","sticky":false,"template":"","format":"standard","meta":{"footnotes":""},"categories":[62],"tags":[],"class_list":["post-103377","post","type-post","status-publish","format-standard","has-post-thumbnail","hentry","category-opinion"],"_links":{"self":[{"href":"https:\/\/elcuartopoder.com.mx\/nw\/wp-json\/wp\/v2\/posts\/103377","targetHints":{"allow":["GET"]}}],"collection":[{"href":"https:\/\/elcuartopoder.com.mx\/nw\/wp-json\/wp\/v2\/posts"}],"about":[{"href":"https:\/\/elcuartopoder.com.mx\/nw\/wp-json\/wp\/v2\/types\/post"}],"author":[{"embeddable":true,"href":"https:\/\/elcuartopoder.com.mx\/nw\/wp-json\/wp\/v2\/users\/2"}],"replies":[{"embeddable":true,"href":"https:\/\/elcuartopoder.com.mx\/nw\/wp-json\/wp\/v2\/comments?post=103377"}],"version-history":[{"count":1,"href":"https:\/\/elcuartopoder.com.mx\/nw\/wp-json\/wp\/v2\/posts\/103377\/revisions"}],"predecessor-version":[{"id":103379,"href":"https:\/\/elcuartopoder.com.mx\/nw\/wp-json\/wp\/v2\/posts\/103377\/revisions\/103379"}],"wp:featuredmedia":[{"embeddable":true,"href":"https:\/\/elcuartopoder.com.mx\/nw\/wp-json\/wp\/v2\/media\/103378"}],"wp:attachment":[{"href":"https:\/\/elcuartopoder.com.mx\/nw\/wp-json\/wp\/v2\/media?parent=103377"}],"wp:term":[{"taxonomy":"category","embeddable":true,"href":"https:\/\/elcuartopoder.com.mx\/nw\/wp-json\/wp\/v2\/categories?post=103377"},{"taxonomy":"post_tag","embeddable":true,"href":"https:\/\/elcuartopoder.com.mx\/nw\/wp-json\/wp\/v2\/tags?post=103377"}],"curies":[{"name":"wp","href":"https:\/\/api.w.org\/{rel}","templated":true}]}}