{"id":103380,"date":"2022-02-28T13:04:16","date_gmt":"2022-02-28T18:04:16","guid":{"rendered":"http:\/\/elcuartopoder.com.mx\/nw\/?p=103380"},"modified":"2022-02-28T13:04:17","modified_gmt":"2022-02-28T18:04:17","slug":"detienen-a-david-n-mejor-conocido-como-el-deybi-en-cozumel","status":"publish","type":"post","link":"https:\/\/elcuartopoder.com.mx\/nw\/policiacas\/detienen-a-david-n-mejor-conocido-como-el-deybi-en-cozumel\/","title":{"rendered":"Detienen a David \u00abN\u00bb, mejor conocido como el \u00abDeybi\u00bb, en Cozumel"},"content":{"rendered":"\n<p>Con drogas, una granada y un subfusil Uzi, fue detenido la noche de este s\u00e1bado David \u00abN\u00bb, mejor conocido en&nbsp;<strong>el mundo del narcotr\u00e1fico en Cozumel<\/strong>&nbsp;como el \u00abDeybi\u00bb, \u00abD4\u00bb o Dey, en un operativo policiaco.<\/p>\n\n\n\n<p>Los hechos se dieron en el kilometro dos de la avenida Rafael E. Melgar, v\u00eda que fue cerrada al tr\u00e1fico en sus cuatro carriles para practicar la diligencia. De manera extra oficial se pudo saber que en el momento de la detenci\u00f3n se encontraba acompa\u00f1ado de una mujer y dos ni\u00f1as.<\/p>\n\n\n\n<p>El detenido, cuya identidad cobr\u00f3 notoriedad el 8 de marzo de 2020 cuando fue aprehendido en un operativo similar por agencias de seguridad de los tres niveles de gobierno en un predio de la carretera transversal, circulaba a eso de las 06:30 de la tarde sobre la avenida Melgar en sentido de sur a norte, cuando fue interceptado por personal de la Guardia Nacional y la Polic\u00eda Municipal.<\/p>\n\n\n\n<p>Iba a bordo de una camioneta Ford Ranger de color azul marino con placas TA7653K, del estado de Quintana Roo. Se desconoce si el operativo pata su captura era parte de alg\u00fan proceso en su contra, pero al revisar el veh\u00edculo&nbsp;<strong>fue hallada una granada<\/strong>&nbsp;de fragmentaci\u00f3n en la parte trasera de la camioneta, oculta en un neum\u00e1tico.<\/p>\n\n\n\n<h2 class=\"wp-block-heading\">Detienen a el \u00abDeybi\u00bb en un operativo policiaco<\/h2>\n\n\n\n<p>En cuanto a la supuesta droga que le fue decomisada se desconoce la cantidad, as\u00ed como las condiciones del arma de fuego que presuntamente se le aseguro. A la escena del crimen llegaron elementos de la Polic\u00eda de Investigaci\u00f3n de la Fiscal\u00eda General del Estado, a los que se sumaron personal del 23 Batall\u00f3n de Infanter\u00eda de Marina y de la Guarnici\u00f3n Militar del Ej\u00e9rcito Mexicano.<\/p>\n\n\n\n<p>De acuerdo con fuentes al interior de la Direcci\u00f3n de Seguridad P\u00fablica, la misma camioneta fue interceptada a las 03:00 de la tarde del mismo s\u00e1bado por elementos de la Guardia Nacional cuando circulaba sobre la calle 5 Sur en las avenidas 115 con Miguel Borge Mart\u00edn de la colonia San Gervasio.<\/p>\n\n\n\n<p>Esto hace sonar las alarmas nuevamente sobre la guardia ya que hace unos meses seis elementos de esa corporaci\u00f3n fueron detenidos<strong>&nbsp;luego de secuestrar a un narcotraficante en la isla<\/strong>, al que intentaron extorsionar con un mill\u00f3n de pesos.<\/p>\n\n\n\n<p>Al darlos por muerto, lo dejaron abandonado en una zona selv\u00e1tica. Tras recobrar el sentido fue auxiliado y posteriormente identific\u00f3 a sus secuestradores que fueron detenidos en las instalaciones del 23 Batall\u00f3n de Infanter\u00eda de Marina, de donde se fugaron unos d\u00edas despu\u00e9s y hasta la fecha no se han procesado a nadie por estos hechos.<\/p>\n\n\n\n<p><strong>Fuente: <\/strong>SIPSE<\/p>\n","protected":false},"excerpt":{"rendered":"<p>Con drogas, una granada y un subfusil Uzi, fue detenido la noche de este s\u00e1bado David \u00abN\u00bb, mejor conocido en&nbsp;el mundo del narcotr\u00e1fico en Cozumel&nbsp;como el \u00abDeybi\u00bb, \u00abD4\u00bb o Dey, en un operativo policiaco. Los hechos se dieron en el kilometro dos de la avenida Rafael E. Melgar, v\u00eda que fue cerrada al tr\u00e1fico en [&hellip;]<\/p>\n","protected":false},"author":2,"featured_media":103381,"comment_status":"open","ping_status":"open","sticky":false,"template":"","format":"standard","meta":{"footnotes":""},"categories":[23],"tags":[],"class_list":["post-103380","post","type-post","status-publish","format-standard","has-post-thumbnail","hentry","category-policiacas"],"_links":{"self":[{"href":"https:\/\/elcuartopoder.com.mx\/nw\/wp-json\/wp\/v2\/posts\/103380","targetHints":{"allow":["GET"]}}],"collection":[{"href":"https:\/\/elcuartopoder.com.mx\/nw\/wp-json\/wp\/v2\/posts"}],"about":[{"href":"https:\/\/elcuartopoder.com.mx\/nw\/wp-json\/wp\/v2\/types\/post"}],"author":[{"embeddable":true,"href":"https:\/\/elcuartopoder.com.mx\/nw\/wp-json\/wp\/v2\/users\/2"}],"replies":[{"embeddable":true,"href":"https:\/\/elcuartopoder.com.mx\/nw\/wp-json\/wp\/v2\/comments?post=103380"}],"version-history":[{"count":1,"href":"https:\/\/elcuartopoder.com.mx\/nw\/wp-json\/wp\/v2\/posts\/103380\/revisions"}],"predecessor-version":[{"id":103382,"href":"https:\/\/elcuartopoder.com.mx\/nw\/wp-json\/wp\/v2\/posts\/103380\/revisions\/103382"}],"wp:featuredmedia":[{"embeddable":true,"href":"https:\/\/elcuartopoder.com.mx\/nw\/wp-json\/wp\/v2\/media\/103381"}],"wp:attachment":[{"href":"https:\/\/elcuartopoder.com.mx\/nw\/wp-json\/wp\/v2\/media?parent=103380"}],"wp:term":[{"taxonomy":"category","embeddable":true,"href":"https:\/\/elcuartopoder.com.mx\/nw\/wp-json\/wp\/v2\/categories?post=103380"},{"taxonomy":"post_tag","embeddable":true,"href":"https:\/\/elcuartopoder.com.mx\/nw\/wp-json\/wp\/v2\/tags?post=103380"}],"curies":[{"name":"wp","href":"https:\/\/api.w.org\/{rel}","templated":true}]}}