{"id":103393,"date":"2022-02-28T18:09:40","date_gmt":"2022-02-28T23:09:40","guid":{"rendered":"http:\/\/elcuartopoder.com.mx\/nw\/?p=103393"},"modified":"2022-02-28T18:09:42","modified_gmt":"2022-02-28T23:09:42","slug":"apenas-9-de-todo-el-plastico-del-mundo-se-recicla","status":"publish","type":"post","link":"https:\/\/elcuartopoder.com.mx\/nw\/medio-ambiente\/apenas-9-de-todo-el-plastico-del-mundo-se-recicla\/","title":{"rendered":"Apenas 9% de todo el pl\u00e1stico del mundo se recicla"},"content":{"rendered":"\n<p>En 2019, se filtraron a los medios acu\u00e1ticos 6,1 millones de toneladas de residuos pl\u00e1sticos y 1,7 millones de toneladas llegaron a los oc\u00e9anos. Se calcula que hay 30 millones de toneladas acumuladas en los mares y otros 109 millones de toneladas en los r\u00edos, lo que significa que durante d\u00e9cadas seguir\u00e1n verti\u00e9ndose a los oc\u00e9anos, incluso si pudieran reducirse significativamente los residuos mal gestionados.<\/p>\n\n\n\n<p>Es verdad que la producci\u00f3n de pl\u00e1sticos reciclados se ha cuadruplicado con creces desde comienzos de siglo, al pasar de 6,8 millones de toneladas en 2000 a 29,1 millones en 2019, pero esto sigue representando solo el 6 % de la producci\u00f3n mundial.<\/p>\n\n\n\n<p>Por eso la OCDE estima que hay que hacer m\u00e1s para crear un mercado separado de pl\u00e1sticos reciclados que funcione bien, fijar objetivos de contenido reciclado e invertir en tecnolog\u00edas que puedan hacer ese producto m\u00e1s competitivo y rentable.<\/p>\n\n\n\n<h2 class=\"wp-block-heading\">La pandemia ha generado m\u00e1s residuos pl\u00e1sticos<\/h2>\n\n\n\n<p>Los autores del informe, presentado en v\u00edsperas de las conversaciones de la Organizaci\u00f3n de las Naciones Unidas (ONU) para reducir estos residuos, indican que la crisis de la Covid-19 por una parte tuvo como consecuencia una reducci\u00f3n del 2,2 % en 2020 del uso de pl\u00e1sticos por el par\u00f3n de la actividad econ\u00f3mica.<\/p>\n\n\n\n<p>Sin embargo, simult\u00e1neamente aument\u00f3 la basura de envases de comida para llevar, igual que de mascarillas y otros materiales m\u00e9dicos. Adem\u00e1s, al reactivarse la econom\u00eda en 2021, el consumo de pl\u00e1sticos tambi\u00e9n se elev\u00f3.<\/p>\n\n\n\n<p><em>(Con informaci\u00f3n de El Universal)<\/em><\/p>\n","protected":false},"excerpt":{"rendered":"<p>En 2019, se filtraron a los medios acu\u00e1ticos 6,1 millones de toneladas de residuos pl\u00e1sticos y 1,7 millones de toneladas llegaron a los oc\u00e9anos. Se calcula que hay 30 millones de toneladas acumuladas en los mares y otros 109 millones de toneladas en los r\u00edos, lo que significa que durante d\u00e9cadas seguir\u00e1n verti\u00e9ndose a los [&hellip;]<\/p>\n","protected":false},"author":2,"featured_media":103394,"comment_status":"open","ping_status":"open","sticky":false,"template":"","format":"standard","meta":{"footnotes":""},"categories":[66],"tags":[],"class_list":["post-103393","post","type-post","status-publish","format-standard","has-post-thumbnail","hentry","category-medio-ambiente"],"_links":{"self":[{"href":"https:\/\/elcuartopoder.com.mx\/nw\/wp-json\/wp\/v2\/posts\/103393","targetHints":{"allow":["GET"]}}],"collection":[{"href":"https:\/\/elcuartopoder.com.mx\/nw\/wp-json\/wp\/v2\/posts"}],"about":[{"href":"https:\/\/elcuartopoder.com.mx\/nw\/wp-json\/wp\/v2\/types\/post"}],"author":[{"embeddable":true,"href":"https:\/\/elcuartopoder.com.mx\/nw\/wp-json\/wp\/v2\/users\/2"}],"replies":[{"embeddable":true,"href":"https:\/\/elcuartopoder.com.mx\/nw\/wp-json\/wp\/v2\/comments?post=103393"}],"version-history":[{"count":1,"href":"https:\/\/elcuartopoder.com.mx\/nw\/wp-json\/wp\/v2\/posts\/103393\/revisions"}],"predecessor-version":[{"id":103395,"href":"https:\/\/elcuartopoder.com.mx\/nw\/wp-json\/wp\/v2\/posts\/103393\/revisions\/103395"}],"wp:featuredmedia":[{"embeddable":true,"href":"https:\/\/elcuartopoder.com.mx\/nw\/wp-json\/wp\/v2\/media\/103394"}],"wp:attachment":[{"href":"https:\/\/elcuartopoder.com.mx\/nw\/wp-json\/wp\/v2\/media?parent=103393"}],"wp:term":[{"taxonomy":"category","embeddable":true,"href":"https:\/\/elcuartopoder.com.mx\/nw\/wp-json\/wp\/v2\/categories?post=103393"},{"taxonomy":"post_tag","embeddable":true,"href":"https:\/\/elcuartopoder.com.mx\/nw\/wp-json\/wp\/v2\/tags?post=103393"}],"curies":[{"name":"wp","href":"https:\/\/api.w.org\/{rel}","templated":true}]}}