{"id":103406,"date":"2022-03-01T11:39:44","date_gmt":"2022-03-01T16:39:44","guid":{"rendered":"http:\/\/elcuartopoder.com.mx\/nw\/?p=103406"},"modified":"2022-03-01T11:39:45","modified_gmt":"2022-03-01T16:39:45","slug":"presidente-de-ucrania-firma-solicitud-formal-para-unirse-a-la-union-europea","status":"publish","type":"post","link":"https:\/\/elcuartopoder.com.mx\/nw\/destacadas\/presidente-de-ucrania-firma-solicitud-formal-para-unirse-a-la-union-europea\/","title":{"rendered":"Presidente de Ucrania firma solicitud formal para unirse a la Uni\u00f3n Europea"},"content":{"rendered":"\n<p>El presidente de Ucrania,&nbsp;<strong>Volodymyr Zelenskiy<\/strong>, dio a conocer que este lunes firm\u00f3&nbsp;una solicitud oficial para que Ucrania se una a la Uni\u00f3n Europea.<\/p>\n\n\n\n<p>Zelenskiy ha pedido a la&nbsp;<strong>Uni\u00f3n Europea<\/strong>&nbsp;que permita a Ucrania obtener la membres\u00eda inmediatamente bajo un procedimiento especial mientras se defiende de la invasi\u00f3n de las fuerzas rusas.<\/p>\n\n\n\n<h2 class=\"wp-block-heading\">Posible discusi\u00f3n<\/h2>\n\n\n\n<p>Los l\u00edderes de la&nbsp;<strong>Uni\u00f3n Europea&nbsp;<\/strong>podr\u00edan discutir la posibilidad de que Ucrania sea miembro en una cumbre informal en marzo, dijo el lunes un alto funcionario de la UE, y agreg\u00f3 que el tema era importante para Ucrania en las conversaciones con&nbsp;<strong>Rusia<\/strong>&nbsp;para poner fin al conflicto.<\/p>\n\n\n\n<p>\u00abSobre la&nbsp;<strong>solicitud<\/strong>&nbsp;(de Ucrania para ser miembro de la UE), creo que es importante no adelantarnos\u00bb, dijo el funcionario, que pidi\u00f3 no ser identificado.<\/p>\n\n\n\n<p>\u00abObviamente a\u00fan no se ha recibido, pero toda esta cuesti\u00f3n de la situaci\u00f3n de&nbsp;<strong>Ucrania&nbsp;<\/strong>es algo que est\u00e1 muy presente en la mente de los l\u00edderes\u00bb.<\/p>\n\n\n\n<p>El principal diplom\u00e1tico del bloque,\u00a0<strong>Josep Borrell<\/strong>, dijo que la prioridad inmediata era brindar apoyo pr\u00e1ctico a Ucrania para contrarrestar la invasi\u00f3n de Rusia, en lugar de discutir temas a largo plazo que podr\u00edan llevar a\u00f1os.<\/p>\n\n\n\n<p>Fuente: heraldodemexico<\/p>\n\n\n\n<p>Por: Reuters<\/p>\n","protected":false},"excerpt":{"rendered":"<p>El presidente de Ucrania,&nbsp;Volodymyr Zelenskiy, dio a conocer que este lunes firm\u00f3&nbsp;una solicitud oficial para que Ucrania se una a la Uni\u00f3n Europea. Zelenskiy ha pedido a la&nbsp;Uni\u00f3n Europea&nbsp;que permita a Ucrania obtener la membres\u00eda inmediatamente bajo un procedimiento especial mientras se defiende de la invasi\u00f3n de las fuerzas rusas. Posible discusi\u00f3n Los l\u00edderes de [&hellip;]<\/p>\n","protected":false},"author":2,"featured_media":103407,"comment_status":"open","ping_status":"open","sticky":false,"template":"","format":"standard","meta":{"footnotes":""},"categories":[59],"tags":[],"class_list":["post-103406","post","type-post","status-publish","format-standard","has-post-thumbnail","hentry","category-destacadas"],"_links":{"self":[{"href":"https:\/\/elcuartopoder.com.mx\/nw\/wp-json\/wp\/v2\/posts\/103406","targetHints":{"allow":["GET"]}}],"collection":[{"href":"https:\/\/elcuartopoder.com.mx\/nw\/wp-json\/wp\/v2\/posts"}],"about":[{"href":"https:\/\/elcuartopoder.com.mx\/nw\/wp-json\/wp\/v2\/types\/post"}],"author":[{"embeddable":true,"href":"https:\/\/elcuartopoder.com.mx\/nw\/wp-json\/wp\/v2\/users\/2"}],"replies":[{"embeddable":true,"href":"https:\/\/elcuartopoder.com.mx\/nw\/wp-json\/wp\/v2\/comments?post=103406"}],"version-history":[{"count":1,"href":"https:\/\/elcuartopoder.com.mx\/nw\/wp-json\/wp\/v2\/posts\/103406\/revisions"}],"predecessor-version":[{"id":103408,"href":"https:\/\/elcuartopoder.com.mx\/nw\/wp-json\/wp\/v2\/posts\/103406\/revisions\/103408"}],"wp:featuredmedia":[{"embeddable":true,"href":"https:\/\/elcuartopoder.com.mx\/nw\/wp-json\/wp\/v2\/media\/103407"}],"wp:attachment":[{"href":"https:\/\/elcuartopoder.com.mx\/nw\/wp-json\/wp\/v2\/media?parent=103406"}],"wp:term":[{"taxonomy":"category","embeddable":true,"href":"https:\/\/elcuartopoder.com.mx\/nw\/wp-json\/wp\/v2\/categories?post=103406"},{"taxonomy":"post_tag","embeddable":true,"href":"https:\/\/elcuartopoder.com.mx\/nw\/wp-json\/wp\/v2\/tags?post=103406"}],"curies":[{"name":"wp","href":"https:\/\/api.w.org\/{rel}","templated":true}]}}