{"id":103420,"date":"2022-03-01T16:15:07","date_gmt":"2022-03-01T21:15:07","guid":{"rendered":"http:\/\/elcuartopoder.com.mx\/nw\/?p=103420"},"modified":"2022-03-01T16:15:08","modified_gmt":"2022-03-01T21:15:08","slug":"quintana-roo-encabeza-lista-de-muertes-por-influenza","status":"publish","type":"post","link":"https:\/\/elcuartopoder.com.mx\/nw\/destacadas\/quintana-roo-encabeza-lista-de-muertes-por-influenza\/","title":{"rendered":"Quintana Roo encabeza lista de muertes por influenza"},"content":{"rendered":"\n<p>Quintana Roo tiene m\u00e1s de cinco semanas que&nbsp;<strong>encabeza la lista de entidades<\/strong>&nbsp;que tienen el mayor n\u00famero de&nbsp;<strong>defunciones por influenza en M\u00e9xico<\/strong>, y se mantiene en segundo lugar en casos positivos.<\/p>\n\n\n\n<p>La Secretar\u00eda de Salud federal indic\u00f3 que durante la temporada estacional -que finaliza el 30 de marzo- la entidad ha sumado un total de 10 mil 550 casos sospechosos, de los cuales&nbsp;<strong>282 fueron confirmados por laboratorio.<\/strong><\/p>\n\n\n\n<p>De acuerdo con el registro, la mayor\u00eda de los&nbsp;<strong>decesos ocurrieron durante el mes de diciembre<\/strong>&nbsp;y en las primeras dos semanas de enero, donde pasaron de tres a 12 defunciones por influenza y actualmente, la cifra es de 15 personas las que han fallecido a causa de complicaciones.<\/p>\n\n\n\n<p>Cabe recordar que diversos especialistas, as\u00ed como las autoridades de salud, advirtieron al inicio de la temporada sobre la reaparici\u00f3n de estos casos,&nbsp;<strong>tras dos a\u00f1os de pandemia por COVID-19<\/strong>, que mantuvo los diagn\u00f3sticos bajos y en ceros, en algunas ocasiones.<\/p>\n\n\n\n<p>De esta manera, se pidi\u00f3 a la poblaci\u00f3n ponerse la vacuna antes del 15 de diciembre para poder generar el nivel de anticuerpos necesaria para hacer frente a la enfermedad y causar sintomatolog\u00eda leve.<\/p>\n\n\n\n<p>Por debajo de Quintana Roo en el&nbsp;<strong>ranking de defunciones se encuentra<\/strong><\/p>\n\n\n\n<p>&#8211; Baja California (10),<\/p>\n\n\n\n<p>&#8211; Sinaloa (siete),<\/p>\n\n\n\n<p>&#8211; Guanajuato (siete) y<\/p>\n\n\n\n<p>&#8211; Sonora (seis).<\/p>\n\n\n\n<p>En el caso de los contagios, el primer lugar lo ocupa<\/p>\n\n\n\n<p>&#8211; Nuevo Le\u00f3n (376),<\/p>\n\n\n\n<p>&#8211; Quintana Roo,<\/p>\n\n\n\n<p>&#8211; Yucat\u00e1n (277),<\/p>\n\n\n\n<p>&#8211; Veracruz (233) y<\/p>\n\n\n\n<p>&#8211; Quer\u00e9taro (163).<\/p>\n\n\n\n<p>De acuerdo con las autoridades locales, la&nbsp;<strong>vacunaci\u00f3n de influenza tiene un avance de 92%<\/strong>, ya que se han aplicado 385 mil 825 de las 417 mil 36 vacunas que se tienen como meta en Quintana Roo.<\/p>\n\n\n\n<p>El biol\u00f3gico se aplica principalmente a la poblaci\u00f3n vulnerable, como embarazadas, personas de la tercera edad, ni\u00f1os menores de seis a\u00f1os, personas con diabetes, obesidad, asma y enfermedades inmunodepresoras.<\/p>\n\n\n\n<p><strong>Fuente: <\/strong>SIPSE<\/p>\n","protected":false},"excerpt":{"rendered":"<p>Quintana Roo tiene m\u00e1s de cinco semanas que&nbsp;encabeza la lista de entidades&nbsp;que tienen el mayor n\u00famero de&nbsp;defunciones por influenza en M\u00e9xico, y se mantiene en segundo lugar en casos positivos. La Secretar\u00eda de Salud federal indic\u00f3 que durante la temporada estacional -que finaliza el 30 de marzo- la entidad ha sumado un total de 10 [&hellip;]<\/p>\n","protected":false},"author":2,"featured_media":103422,"comment_status":"open","ping_status":"open","sticky":false,"template":"","format":"standard","meta":{"footnotes":""},"categories":[59],"tags":[],"class_list":["post-103420","post","type-post","status-publish","format-standard","has-post-thumbnail","hentry","category-destacadas"],"_links":{"self":[{"href":"https:\/\/elcuartopoder.com.mx\/nw\/wp-json\/wp\/v2\/posts\/103420","targetHints":{"allow":["GET"]}}],"collection":[{"href":"https:\/\/elcuartopoder.com.mx\/nw\/wp-json\/wp\/v2\/posts"}],"about":[{"href":"https:\/\/elcuartopoder.com.mx\/nw\/wp-json\/wp\/v2\/types\/post"}],"author":[{"embeddable":true,"href":"https:\/\/elcuartopoder.com.mx\/nw\/wp-json\/wp\/v2\/users\/2"}],"replies":[{"embeddable":true,"href":"https:\/\/elcuartopoder.com.mx\/nw\/wp-json\/wp\/v2\/comments?post=103420"}],"version-history":[{"count":1,"href":"https:\/\/elcuartopoder.com.mx\/nw\/wp-json\/wp\/v2\/posts\/103420\/revisions"}],"predecessor-version":[{"id":103423,"href":"https:\/\/elcuartopoder.com.mx\/nw\/wp-json\/wp\/v2\/posts\/103420\/revisions\/103423"}],"wp:featuredmedia":[{"embeddable":true,"href":"https:\/\/elcuartopoder.com.mx\/nw\/wp-json\/wp\/v2\/media\/103422"}],"wp:attachment":[{"href":"https:\/\/elcuartopoder.com.mx\/nw\/wp-json\/wp\/v2\/media?parent=103420"}],"wp:term":[{"taxonomy":"category","embeddable":true,"href":"https:\/\/elcuartopoder.com.mx\/nw\/wp-json\/wp\/v2\/categories?post=103420"},{"taxonomy":"post_tag","embeddable":true,"href":"https:\/\/elcuartopoder.com.mx\/nw\/wp-json\/wp\/v2\/tags?post=103420"}],"curies":[{"name":"wp","href":"https:\/\/api.w.org\/{rel}","templated":true}]}}