{"id":107249,"date":"2022-06-15T11:45:20","date_gmt":"2022-06-15T16:45:20","guid":{"rendered":"http:\/\/elcuartopoder.com.mx\/nw\/?p=107249"},"modified":"2022-06-15T11:45:25","modified_gmt":"2022-06-15T16:45:25","slug":"tras-denuncia-anonima-cae-en-chetumal-peligroso-traficante-de-armas","status":"publish","type":"post","link":"https:\/\/elcuartopoder.com.mx\/nw\/estatales\/tras-denuncia-anonima-cae-en-chetumal-peligroso-traficante-de-armas\/","title":{"rendered":"Tras denuncia an\u00f3nima, cae en Chetumal peligroso traficante de armas"},"content":{"rendered":"\n<p>La Fiscal\u00eda Especializada en materia de Delincuencia Organizada (FEMDO), dio un fuerte golpe a la delincuencia organizada en Chetumal, al detener al l\u00edder de una banda de traficantes de armas.<\/p>\n\n\n\n<p>De acuerdo con informaci\u00f3n proporcionada por la Fiscal\u00eda General de la Rep\u00fablica (FGR), al catear en d\u00edas pasados cuatro viviendas en el municipio de Oth\u00f3n P. Blanco, tambi\u00e9n se aseguraron armas largas, computadoras, motocicletas e incluso varios tracto camiones con compartimentos secretos para trasladar las \u2018mata paisanos\u2019 y municiones.<\/p>\n\n\n\n<p>En el comunicado FGR 261\/22, la FGR inform\u00f3 que obtuvo vinculaci\u00f3n a proceso en contra de Mart\u00edn N, quien ten\u00eda en su poder armas de fuego y cartuchos.<\/p>\n\n\n\n<p>De acuerdo con la carpeta, se inici\u00f3 investigaci\u00f3n con motivo de una denuncia an\u00f3nima en la que se se\u00f1alaba a diversas personas pertenecientes a un grupo criminal quienes se dedicaban al tr\u00e1fico de armas de fuego que ingresan por la frontera norte del pa\u00eds, las cuales son distribuidas entre los sicarios de la organizaci\u00f3n y otras las ponen en venta, resguard\u00e1ndolas en diversas casas de seguridad.<\/p>\n\n\n\n<p>Derivado del trabajo de investigaci\u00f3n, coordinado por el agente del Ministerio P\u00fablico de la Federaci\u00f3n (MPF), se obtuvo orden de cateo para cuatro domicilios ubicados en el municipio de Oth\u00f3n P. Blanco, entre estas, uno ubicado en el distribuidor vial situado en la zona conocida como kil\u00f3metro 19 de la carretera Chetumal-Bacalar.<\/p>\n\n\n\n<p>En el lugar se aseguraron:<\/p>\n\n\n\n<p>cinco armas de fuego cortas,<br>tres armas de fuego largas,<br>una r\u00e9plica de arma de fuego larga,<br>cinco cargadores abastecidos,<br>cartuchos de diferentes calibres,<br>una computadora port\u00e1til,<br>dos tel\u00e9fonos celulares,<br>un CPU,<br>siete motocicletas,<br>nueve veh\u00edculos,<br>ocho tracto camiones,<br>10 cajas de cami\u00f3n,<br>dos pipas y<br>diversa documentaci\u00f3n.<br>Juez dicta prisi\u00f3n preventiva contra el traficante de armas<br>De acuerdo con la carpeta, se inici\u00f3 investigaci\u00f3n con motivo de una denuncia an\u00f3nima en la que se se\u00f1alaba a diversas personas pertenecientes a un grupo criminal quienes se dedicaban al tr\u00e1fico de armas de fuego que ingresan por la frontera norte del pa\u00eds, las cuales son distribuidas entre los sicarios de la organizaci\u00f3n y otras las ponen en venta, resguard\u00e1ndolas en diversas casas de seguridad.<\/p>\n\n\n\n<p>En audiencia inicial, el Juez de la causa calific\u00f3 de legal la detenci\u00f3n y determin\u00f3 la vinculaci\u00f3n a proceso para Mart\u00edn \u201cR\u201d, por los delitos antes mencionados e impuso la medida cautelar de prisi\u00f3n preventiva oficiosa en el Centro de Reinserci\u00f3n de Chetumal, y otorg\u00f3 un mes para la investigaci\u00f3n complementaria.<\/p>\n\n\n\n<figure class=\"wp-block-image\"><img decoding=\"async\" src=\"https:\/\/images.sipse.com\/L-x9G8lGHf2jrNA37pMLOup0Jog=\/fit-in\/580x500\/2022\/06\/15\/1655255468100.jpeg\" alt=\"\"\/><\/figure>\n\n\n\n<p><a href=\"https:\/\/images.sipse.com\/U5oHaJDGJcFJbHYVxg5meAg-yiU=\/fit-in\/900x500\/2022\/06\/15\/1655255468100.jpeg\"><\/a><\/p>\n\n\n\n<figure class=\"wp-block-image\"><a href=\"https:\/\/images.sipse.com\/DJZlzb2JjtjPcI9MQWpggDK_MXY=\/fit-in\/900x500\/2022\/06\/15\/1655255467999.jpeg\"><img decoding=\"async\" src=\"https:\/\/images.sipse.com\/90pMt4F8V-k4Nen5LyRUM5_lCoU=\/fit-in\/580x500\/2022\/06\/15\/1655255467999.jpeg\" alt=\"\"\/><\/a><\/figure>\n\n\n\n<figure class=\"wp-block-image\"><a href=\"https:\/\/images.sipse.com\/bzN_8YJkssKW-xZ1-6ShcpkVLko=\/fit-in\/900x500\/2022\/06\/15\/1655255467940.jpg\"><img decoding=\"async\" src=\"https:\/\/images.sipse.com\/aBkqyZFQSqcaY-vGWWrP9E894mM=\/fit-in\/580x500\/2022\/06\/15\/1655255467940.jpg\" alt=\"\"\/><\/a><\/figure>\n\n\n\n<figure class=\"wp-block-image\"><a href=\"https:\/\/images.sipse.com\/npYOd2_A3xJMOhtm1oo0by3h-48=\/fit-in\/900x500\/2022\/06\/15\/1655255467898.jpg\"><img decoding=\"async\" src=\"https:\/\/images.sipse.com\/SgLR8Bm0MZcFM7n0ZQss0VMICjE=\/fit-in\/580x500\/2022\/06\/15\/1655255467898.jpg\" alt=\"\"\/><\/a><\/figure>\n\n\n\n<p>Fuente: SIPSE<\/p>\n","protected":false},"excerpt":{"rendered":"<p>La Fiscal\u00eda Especializada en materia de Delincuencia Organizada (FEMDO), dio un fuerte golpe a la delincuencia organizada en Chetumal, al detener al l\u00edder de una banda de traficantes de armas. De acuerdo con informaci\u00f3n proporcionada por la Fiscal\u00eda General de la Rep\u00fablica (FGR), al catear en d\u00edas pasados cuatro viviendas en el municipio de Oth\u00f3n [&hellip;]<\/p>\n","protected":false},"author":2,"featured_media":107250,"comment_status":"open","ping_status":"open","sticky":false,"template":"","format":"standard","meta":{"footnotes":""},"categories":[60],"tags":[],"class_list":["post-107249","post","type-post","status-publish","format-standard","has-post-thumbnail","hentry","category-estatales"],"_links":{"self":[{"href":"https:\/\/elcuartopoder.com.mx\/nw\/wp-json\/wp\/v2\/posts\/107249","targetHints":{"allow":["GET"]}}],"collection":[{"href":"https:\/\/elcuartopoder.com.mx\/nw\/wp-json\/wp\/v2\/posts"}],"about":[{"href":"https:\/\/elcuartopoder.com.mx\/nw\/wp-json\/wp\/v2\/types\/post"}],"author":[{"embeddable":true,"href":"https:\/\/elcuartopoder.com.mx\/nw\/wp-json\/wp\/v2\/users\/2"}],"replies":[{"embeddable":true,"href":"https:\/\/elcuartopoder.com.mx\/nw\/wp-json\/wp\/v2\/comments?post=107249"}],"version-history":[{"count":1,"href":"https:\/\/elcuartopoder.com.mx\/nw\/wp-json\/wp\/v2\/posts\/107249\/revisions"}],"predecessor-version":[{"id":107251,"href":"https:\/\/elcuartopoder.com.mx\/nw\/wp-json\/wp\/v2\/posts\/107249\/revisions\/107251"}],"wp:featuredmedia":[{"embeddable":true,"href":"https:\/\/elcuartopoder.com.mx\/nw\/wp-json\/wp\/v2\/media\/107250"}],"wp:attachment":[{"href":"https:\/\/elcuartopoder.com.mx\/nw\/wp-json\/wp\/v2\/media?parent=107249"}],"wp:term":[{"taxonomy":"category","embeddable":true,"href":"https:\/\/elcuartopoder.com.mx\/nw\/wp-json\/wp\/v2\/categories?post=107249"},{"taxonomy":"post_tag","embeddable":true,"href":"https:\/\/elcuartopoder.com.mx\/nw\/wp-json\/wp\/v2\/tags?post=107249"}],"curies":[{"name":"wp","href":"https:\/\/api.w.org\/{rel}","templated":true}]}}