{"id":107256,"date":"2022-06-15T14:06:29","date_gmt":"2022-06-15T19:06:29","guid":{"rendered":"http:\/\/elcuartopoder.com.mx\/nw\/?p=107256"},"modified":"2022-06-15T14:06:31","modified_gmt":"2022-06-15T19:06:31","slug":"conoce-los-efectos-secundarios-de-vacuna-covid-de-pfizer-en-ninos-de-5-anos-y-mas","status":"publish","type":"post","link":"https:\/\/elcuartopoder.com.mx\/nw\/entretenimiento\/salud\/conoce-los-efectos-secundarios-de-vacuna-covid-de-pfizer-en-ninos-de-5-anos-y-mas\/","title":{"rendered":"Conoce los efectos secundarios de vacuna COVID de Pfizer en ni\u00f1os de 5 a\u00f1os y m\u00e1s"},"content":{"rendered":"\n<p>Despu\u00e9s de meses y decenas de peticiones, el Gobierno de M\u00e9xico anunci\u00f3 este martes que el pr\u00f3ximo grupo de personas que ser\u00e1n incluidas en el plan de vacunaci\u00f3n COVID ser\u00e1n\u00a0las y los ni\u00f1os de entre 5 y 11 a\u00f1os.<\/p>\n\n\n\n<p>Hugo L\u00f3pez-Gatell, subsecretario de Salud, remarc\u00f3 que los menores de ese rango de edad son los que&nbsp;<strong>menor riesgo presentan&nbsp;<\/strong>contra la enfermedad provocada por el virus SARS-CoV-2.<\/p>\n\n\n\n<p>El funcionario confirm\u00f3 tambi\u00e9n que la dosis empleada ser\u00e1 la de la farmac\u00e9utica Pfizer, para lo cual se acord\u00f3 la compra de 8 millones de dosis.<\/p>\n\n\n\n<p>L\u00f3pez-Gatell agreg\u00f3 que el tiempo recomendado entre la aplicaci\u00f3n de ambas dosis es de 21 d\u00edas, aunque se puede extender hasta un mes y medio sin que existan complicaciones.<\/p>\n\n\n\n<h2 class=\"wp-block-heading\">\u00bfQu\u00e9 efectos secundarios genera la vacuna?<\/h2>\n\n\n\n<p>Puedes respirar tranquilo: los Centros para el Control y Prevenci\u00f3n de Enfermedades se\u00f1alan en su sitio que tras una revisi\u00f3n de seguridad, se encontr\u00f3 que los efectos secundarios de la vacuna Pfizer en ni\u00f1os de entre 5 a 11 a\u00f1os son<strong>&nbsp;moderados y breves<\/strong>.<\/p>\n\n\n\n<p>El organismo apunt\u00f3 que entre ellos est\u00e1n:<\/p>\n\n\n\n<ul class=\"wp-block-list\"><li>Dolor de cabeza.<\/li><li>Dolor en el brazo en el que se aplic\u00f3 la vacuna.<\/li><li>Cansancio.<\/li><\/ul>\n\n\n\n<h2 class=\"wp-block-heading\">\u00bfCu\u00e1ndo puedes registrar a tus hijas e hijos?<\/h2>\n\n\n\n<p>El Gobierno se\u00f1al\u00f3 que el registro se abrir\u00e1 a partir del pr\u00f3ximo 16 de junio, aunque en otras fases el sitio\u00a0<a rel=\"noreferrer noopener\" href=\"https:\/\/mivacuna.salud.gob.mx\/index.php\" target=\"_blank\">mivacuna.salud.gob.mx<\/a>\u00a0ha permitido hacer el tr\u00e1mite horas antes.<\/p>\n\n\n\n<h2 class=\"wp-block-heading\">\u00bfD\u00f3nde se aplicar\u00e1n las vacunas?<\/h2>\n\n\n\n<p>Aqu\u00ed hay un cambio importante: a diferencia de las seis fases de vacunaci\u00f3n anteriores, en las que la aplicaci\u00f3n de las dosis se hizo de manera nacional, para la fase 7 la aplicaci\u00f3n se ir\u00e1<strong>&nbsp;activando por municipios<\/strong>, seg\u00fan explic\u00f3 el subsecretario L\u00f3pez-Gatell.<\/p>\n\n\n\n<p>Por ello, el funcionario pidi\u00f3 a las madres, padres y tutores estar atentos a sus autoridades de salud locales para conocer si la vacuna se aplica o no en su localidad.<\/p>\n\n\n\n<p>L\u00f3pez-Gatell indic\u00f3 que principalmente se har\u00e1 en \u201cinstalaciones convencionales de salud\u201d, aunque agreg\u00f3 que en algunos casos se recurrir\u00e1 a los macrocentros.<\/p>\n\n\n\n<p>Fuente: elfinanciero<\/p>\n","protected":false},"excerpt":{"rendered":"<p>Despu\u00e9s de meses y decenas de peticiones, el Gobierno de M\u00e9xico anunci\u00f3 este martes que el pr\u00f3ximo grupo de personas que ser\u00e1n incluidas en el plan de vacunaci\u00f3n COVID ser\u00e1n\u00a0las y los ni\u00f1os de entre 5 y 11 a\u00f1os. Hugo L\u00f3pez-Gatell, subsecretario de Salud, remarc\u00f3 que los menores de ese rango de edad son los [&hellip;]<\/p>\n","protected":false},"author":2,"featured_media":107257,"comment_status":"open","ping_status":"open","sticky":false,"template":"","format":"standard","meta":{"footnotes":""},"categories":[56],"tags":[],"class_list":["post-107256","post","type-post","status-publish","format-standard","has-post-thumbnail","hentry","category-salud"],"_links":{"self":[{"href":"https:\/\/elcuartopoder.com.mx\/nw\/wp-json\/wp\/v2\/posts\/107256","targetHints":{"allow":["GET"]}}],"collection":[{"href":"https:\/\/elcuartopoder.com.mx\/nw\/wp-json\/wp\/v2\/posts"}],"about":[{"href":"https:\/\/elcuartopoder.com.mx\/nw\/wp-json\/wp\/v2\/types\/post"}],"author":[{"embeddable":true,"href":"https:\/\/elcuartopoder.com.mx\/nw\/wp-json\/wp\/v2\/users\/2"}],"replies":[{"embeddable":true,"href":"https:\/\/elcuartopoder.com.mx\/nw\/wp-json\/wp\/v2\/comments?post=107256"}],"version-history":[{"count":1,"href":"https:\/\/elcuartopoder.com.mx\/nw\/wp-json\/wp\/v2\/posts\/107256\/revisions"}],"predecessor-version":[{"id":107258,"href":"https:\/\/elcuartopoder.com.mx\/nw\/wp-json\/wp\/v2\/posts\/107256\/revisions\/107258"}],"wp:featuredmedia":[{"embeddable":true,"href":"https:\/\/elcuartopoder.com.mx\/nw\/wp-json\/wp\/v2\/media\/107257"}],"wp:attachment":[{"href":"https:\/\/elcuartopoder.com.mx\/nw\/wp-json\/wp\/v2\/media?parent=107256"}],"wp:term":[{"taxonomy":"category","embeddable":true,"href":"https:\/\/elcuartopoder.com.mx\/nw\/wp-json\/wp\/v2\/categories?post=107256"},{"taxonomy":"post_tag","embeddable":true,"href":"https:\/\/elcuartopoder.com.mx\/nw\/wp-json\/wp\/v2\/tags?post=107256"}],"curies":[{"name":"wp","href":"https:\/\/api.w.org\/{rel}","templated":true}]}}