{"id":107301,"date":"2022-06-16T15:22:12","date_gmt":"2022-06-16T20:22:12","guid":{"rendered":"http:\/\/elcuartopoder.com.mx\/nw\/?p=107301"},"modified":"2022-06-16T15:22:14","modified_gmt":"2022-06-16T20:22:14","slug":"dependera-de-nuestras-posibilidades-financieras-y-economicas-en-duda-pago-del-bono-sexenal-adelanta-el-gobernador-carlos-joaquin","status":"publish","type":"post","link":"https:\/\/elcuartopoder.com.mx\/nw\/estatales\/dependera-de-nuestras-posibilidades-financieras-y-economicas-en-duda-pago-del-bono-sexenal-adelanta-el-gobernador-carlos-joaquin\/","title":{"rendered":"\u201cDEPENDER\u00c1 DE NUESTRAS POSIBILIDADES FINANCIERAS Y ECON\u00d3MICAS\u201d: En duda, pago del bono sexenal, adelanta el gobernador Carlos Joaqu\u00edn"},"content":{"rendered":"\n<p><strong>CANC\u00daN, MX. \u2013<\/strong>\u00a0El pago del bono sexenal a los trabajadores estatales \u201cdepender\u00e1 de nuestras posibilidades financieras y econ\u00f3micas\u201d, adelant\u00f3 este d\u00eda el gobernador de Quintana Roo, Carlos Joaqu\u00edn Gonz\u00e1lez.A\u00f1adi\u00f3 que en ese tema a\u00fan no tiene una respuesta, pero destac\u00f3 que, en caso de pagarse, ser\u00e1 por logros y metas.El mandatario tambi\u00e9n indic\u00f3 que la situaci\u00f3n financiera del gobierno es muy complicada; sin embargo, se\u00f1al\u00f3 que se hicieron grandes esfuerzos para evitar recortes de personal, en especial durante el confinamiento por la pandemia, y a su vez cubrir en tiempo y forma los salarios, apoyos y prestaciones, como el bono del D\u00eda del Bur\u00f3crata.Para concluir, Joaqu\u00edn Gonz\u00e1lez agreg\u00f3 que su administraci\u00f3n est\u00e1 enfocada en entregar un gobierno que pueda continuar sin tener que reducir su planta laboral.\u201cConcluimos el pago de los cr\u00e9ditos a corto plazo, estamos ahora en los pagos de deudas de proveedores que tenemos, estamos avanzando en ellas, cumplir con la responsabilidad que tenemos para la entrega de un gobierno que pueda salir adelante, que pueda seguir funcionando de manera adecuada, que pueda mantener su planta laboral\u201d, asever\u00f3.<\/p>\n\n\n\n<p>Fuente: Noticaribe<\/p>\n","protected":false},"excerpt":{"rendered":"<p>CANC\u00daN, MX. \u2013\u00a0El pago del bono sexenal a los trabajadores estatales \u201cdepender\u00e1 de nuestras posibilidades financieras y econ\u00f3micas\u201d, adelant\u00f3 este d\u00eda el gobernador de Quintana Roo, Carlos Joaqu\u00edn Gonz\u00e1lez.A\u00f1adi\u00f3 que en ese tema a\u00fan no tiene una respuesta, pero destac\u00f3 que, en caso de pagarse, ser\u00e1 por logros y metas.El mandatario tambi\u00e9n indic\u00f3 que la [&hellip;]<\/p>\n","protected":false},"author":2,"featured_media":107302,"comment_status":"open","ping_status":"open","sticky":false,"template":"","format":"standard","meta":{"footnotes":""},"categories":[60],"tags":[],"class_list":["post-107301","post","type-post","status-publish","format-standard","has-post-thumbnail","hentry","category-estatales"],"_links":{"self":[{"href":"https:\/\/elcuartopoder.com.mx\/nw\/wp-json\/wp\/v2\/posts\/107301","targetHints":{"allow":["GET"]}}],"collection":[{"href":"https:\/\/elcuartopoder.com.mx\/nw\/wp-json\/wp\/v2\/posts"}],"about":[{"href":"https:\/\/elcuartopoder.com.mx\/nw\/wp-json\/wp\/v2\/types\/post"}],"author":[{"embeddable":true,"href":"https:\/\/elcuartopoder.com.mx\/nw\/wp-json\/wp\/v2\/users\/2"}],"replies":[{"embeddable":true,"href":"https:\/\/elcuartopoder.com.mx\/nw\/wp-json\/wp\/v2\/comments?post=107301"}],"version-history":[{"count":1,"href":"https:\/\/elcuartopoder.com.mx\/nw\/wp-json\/wp\/v2\/posts\/107301\/revisions"}],"predecessor-version":[{"id":107303,"href":"https:\/\/elcuartopoder.com.mx\/nw\/wp-json\/wp\/v2\/posts\/107301\/revisions\/107303"}],"wp:featuredmedia":[{"embeddable":true,"href":"https:\/\/elcuartopoder.com.mx\/nw\/wp-json\/wp\/v2\/media\/107302"}],"wp:attachment":[{"href":"https:\/\/elcuartopoder.com.mx\/nw\/wp-json\/wp\/v2\/media?parent=107301"}],"wp:term":[{"taxonomy":"category","embeddable":true,"href":"https:\/\/elcuartopoder.com.mx\/nw\/wp-json\/wp\/v2\/categories?post=107301"},{"taxonomy":"post_tag","embeddable":true,"href":"https:\/\/elcuartopoder.com.mx\/nw\/wp-json\/wp\/v2\/tags?post=107301"}],"curies":[{"name":"wp","href":"https:\/\/api.w.org\/{rel}","templated":true}]}}