{"id":107307,"date":"2022-06-17T09:22:16","date_gmt":"2022-06-17T14:22:16","guid":{"rendered":"http:\/\/elcuartopoder.com.mx\/nw\/?p=107307"},"modified":"2022-06-17T09:22:20","modified_gmt":"2022-06-17T14:22:20","slug":"puebla-castigara-a-los-escandalosos-con-36-horas-de-arresto-o-2-millones-de-pesos","status":"publish","type":"post","link":"https:\/\/elcuartopoder.com.mx\/nw\/varios\/puebla-castigara-a-los-escandalosos-con-36-horas-de-arresto-o-2-millones-de-pesos\/","title":{"rendered":"Puebla castigar\u00e1 a los escandalosos con 36 horas de arresto o 2 millones de pesos"},"content":{"rendered":"\n<p><strong>Arrestos<\/strong>&nbsp;de hasta<strong>&nbsp;<\/strong>36<strong>&nbsp;<\/strong>horas,&nbsp;<strong>prisi\u00f3n<\/strong>&nbsp;que llegar\u00edan a los 10 a\u00f1os y&nbsp;<strong>multas<\/strong>&nbsp;<strong>econ\u00f3micas<\/strong>&nbsp;que alcanzar\u00edan hasta los&nbsp;<strong>2 millones de pesos<\/strong>, forman parte de las reformas que diputados locales de Puebla avalaron para combatir la contaminaci\u00f3n visual y auditiva en los&nbsp;<strong>217 municipios del estado.<\/strong><\/p>\n\n\n\n<p>El proyecto sali\u00f3 por mayor\u00eda de votos durante la sesi\u00f3n del&nbsp;<strong>Congreso del Estado de Puebla<\/strong>&nbsp;y como parte de la reforma que present\u00f3 el gobernador&nbsp;<strong>Miguel<\/strong>&nbsp;<strong>Barbosa<\/strong>&nbsp;<strong>Huerta<\/strong>.<\/p>\n\n\n\n<p>En el tema de la contaminaci\u00f3n visual, se establecen 10 a\u00f1os de c\u00e1rcel para quienes coloquen espectaculares en lugares prohibidos o sin autorizaci\u00f3n en el estado de Puebla.<\/p>\n\n\n\n<figure class=\"wp-block-image\"><img decoding=\"async\" src=\"https:\/\/heraldodemexico.com.mx\/u\/fotografias\/m\/2021\/8\/30\/f768x1-414373_414500_5050.jpg\" alt=\"\"\/><\/figure>\n\n\n\n<p>En este aspecto, tambi\u00e9n se establece que para combatir la contaminaci\u00f3n visual, quedar\u00e1 prohibida la colocaci\u00f3n en postes de luz, sem\u00e1foros o cualquier mobiliario urbano, alguna publicidad, de lo contrario la persona responsable podr\u00e1 ser sancionada con la falta administrativa de hasta 3<strong>6 horas de arresto.<\/strong><\/p>\n\n\n\n<h2 class=\"wp-block-heading\"><strong>\u00bfCu\u00e1les son las medidas?<\/strong><\/h2>\n\n\n\n<p>Sobre la contaminaci\u00f3n auditiva, se establece que dependiendo del municipio y en un&nbsp;<strong>plazo de 90 d\u00edas,<\/strong>&nbsp;dichas autoridades deber\u00e1n fijar sus decibeles para negocios industriales, comercios o viviendas para la generaci\u00f3n de ruido que ir\u00e1 de&nbsp;<strong>50 hasta los 110.&nbsp;<\/strong><\/p>\n\n\n\n<p>Por lo anterior, los&nbsp;<strong>vecinos ruidosos, sonideros, salones de fiestas, gaseros, compradores de fierro,<\/strong>&nbsp;<strong>automovilistas<\/strong>&nbsp;que abusen del claxon o que tengan alteraciones en sus motores, adem\u00e1s de adaptaciones o cualquier otro aspecto que no respete el nivel de ruido, el responsable pasar\u00eda 36 horas de arresto.<\/p>\n\n\n\n<figure class=\"wp-block-image\"><img decoding=\"async\" src=\"https:\/\/heraldodemexico.com.mx\/u\/fotografias\/m\/2022\/6\/16\/f768x1-529191_529318_15.jpeg\" alt=\"\"\/><\/figure>\n\n\n\n<p>En ambos casos, es decir, en la contaminaci\u00f3n visual y auditiva, las multas econ\u00f3micas llegar\u00e1n hasta los 2 millones de pesos, siendo el caso de la colocaci\u00f3n de espectaculares en&nbsp;<strong>zonas<\/strong>&nbsp;<strong>prohibidas<\/strong>&nbsp;o&nbsp;<strong>sin<\/strong>&nbsp;<strong>autorizaci\u00f3n<\/strong>, como la pena m\u00e1s alta.&nbsp;<\/p>\n\n\n\n<p>Para que esta reforma avalada por el<strong>\u00a0Congreso del Estado de Puebl<\/strong>a entre en vigor, se tendr\u00e1 que publicar en el Peri\u00f3dico Oficial del Estado y; posteriormente en un plazo de tres meses, los\u00a0<strong>217 municipios<\/strong>\u00a0tendr\u00e1n que adecuarse al marco normativo.<\/p>\n\n\n\n<p>Fuente: heraldodemexico<\/p>\n","protected":false},"excerpt":{"rendered":"<p>Arrestos&nbsp;de hasta&nbsp;36&nbsp;horas,&nbsp;prisi\u00f3n&nbsp;que llegar\u00edan a los 10 a\u00f1os y&nbsp;multas&nbsp;econ\u00f3micas&nbsp;que alcanzar\u00edan hasta los&nbsp;2 millones de pesos, forman parte de las reformas que diputados locales de Puebla avalaron para combatir la contaminaci\u00f3n visual y auditiva en los&nbsp;217 municipios del estado. El proyecto sali\u00f3 por mayor\u00eda de votos durante la sesi\u00f3n del&nbsp;Congreso del Estado de Puebla&nbsp;y como parte de [&hellip;]<\/p>\n","protected":false},"author":2,"featured_media":107308,"comment_status":"open","ping_status":"open","sticky":false,"template":"","format":"standard","meta":{"footnotes":""},"categories":[64],"tags":[],"class_list":["post-107307","post","type-post","status-publish","format-standard","has-post-thumbnail","hentry","category-varios"],"_links":{"self":[{"href":"https:\/\/elcuartopoder.com.mx\/nw\/wp-json\/wp\/v2\/posts\/107307","targetHints":{"allow":["GET"]}}],"collection":[{"href":"https:\/\/elcuartopoder.com.mx\/nw\/wp-json\/wp\/v2\/posts"}],"about":[{"href":"https:\/\/elcuartopoder.com.mx\/nw\/wp-json\/wp\/v2\/types\/post"}],"author":[{"embeddable":true,"href":"https:\/\/elcuartopoder.com.mx\/nw\/wp-json\/wp\/v2\/users\/2"}],"replies":[{"embeddable":true,"href":"https:\/\/elcuartopoder.com.mx\/nw\/wp-json\/wp\/v2\/comments?post=107307"}],"version-history":[{"count":1,"href":"https:\/\/elcuartopoder.com.mx\/nw\/wp-json\/wp\/v2\/posts\/107307\/revisions"}],"predecessor-version":[{"id":107309,"href":"https:\/\/elcuartopoder.com.mx\/nw\/wp-json\/wp\/v2\/posts\/107307\/revisions\/107309"}],"wp:featuredmedia":[{"embeddable":true,"href":"https:\/\/elcuartopoder.com.mx\/nw\/wp-json\/wp\/v2\/media\/107308"}],"wp:attachment":[{"href":"https:\/\/elcuartopoder.com.mx\/nw\/wp-json\/wp\/v2\/media?parent=107307"}],"wp:term":[{"taxonomy":"category","embeddable":true,"href":"https:\/\/elcuartopoder.com.mx\/nw\/wp-json\/wp\/v2\/categories?post=107307"},{"taxonomy":"post_tag","embeddable":true,"href":"https:\/\/elcuartopoder.com.mx\/nw\/wp-json\/wp\/v2\/tags?post=107307"}],"curies":[{"name":"wp","href":"https:\/\/api.w.org\/{rel}","templated":true}]}}