{"id":113468,"date":"2022-12-30T11:21:27","date_gmt":"2022-12-30T16:21:27","guid":{"rendered":"http:\/\/elcuartopoder.com.mx\/nw\/?p=113468"},"modified":"2022-12-30T11:21:29","modified_gmt":"2022-12-30T16:21:29","slug":"muere-a-los-81-anos-la-disenadora-de-moda-britanica-vivienne-westwood","status":"publish","type":"post","link":"https:\/\/elcuartopoder.com.mx\/nw\/entretenimiento\/espectaculos\/muere-a-los-81-anos-la-disenadora-de-moda-britanica-vivienne-westwood\/","title":{"rendered":"Muere a los 81 a\u00f1os la dise\u00f1adora de moda brit\u00e1nica Vivienne Westwood"},"content":{"rendered":"\n<p>La dise\u00f1adora de moda brit\u00e1nica&nbsp;<strong>Vivienne Westwood<\/strong>&nbsp;ha muerto este jueves a los 81 a\u00f1os en su casa en Clapham, al sur de la capital de Reino Unido, Londres, seg\u00fan han dicho sus representantes en un comunicado publicado en su perfil oficial de Twitter.<\/p>\n\n\n\n<p>Su esposo y socio creativo, Andreas Kronthaler, ha asegurado que Westwood vivir\u00e1 en su coraz\u00f3n. \u00abHemos estado trabajando hasta el final y ella me ha dado muchas cosas para seguir adelante\u00bb, ha informado la cadena BBC.about:blank<\/p>\n\n\n\n<figure class=\"wp-block-image\"><img decoding=\"async\" src=\"https:\/\/s3.abcstatics.com\/abc\/www\/multimedia\/estilo\/2022\/12\/30\/DL_u451693_111-U18127210043pIW-758x470@abc.jpg\" alt=\"Imagen principal - La dise\u00f1adora brit\u00e1nica, dama del punk, ha fallecido a los 81 a\u00f1os, tras una vida dedicada a la moda. \"\/><figcaption>FALLECE VIVIENNE WESTWOOD&nbsp;La dise\u00f1adora brit\u00e1nica, dama del punk, ha fallecido a los 81 a\u00f1os, tras una vida dedicada a la moda.&nbsp;GTRES<\/figcaption><\/figure>\n\n\n\n<p>Westwood salt\u00f3 a la fama en la d\u00e9cada de los 70 con sus dise\u00f1os andr\u00f3ginos de&nbsp;<strong>estilo punk y new wave<\/strong>. Dirigi\u00f3 una &#8216;boutique&#8217; en la famosa calle de King&#8217;s Road, en la capital, junto con el productor brit\u00e1nico de&nbsp;<strong>Sex Pistols<\/strong>, Malcolm McLaren. A ra\u00edz de que la banda luciera sus dise\u00f1os en sus conciertos, en los que abundaban las cadenas y los alfileres de gancho, su \u00e9xito empez\u00f3 a crecer.<\/p>\n\n\n\n<p>En los 80, Vivienne se traslada a Par\u00eds, donde empieza a realizar sus espectaculares desfiles. La brit\u00e1nica desfil\u00f3 en las cuatro pasarelas m\u00e1s relevantes, Londres, Par\u00eds, Mil\u00e1n y Nueva York, convirti\u00e9ndose as\u00ed en una de las dise\u00f1adoras m\u00e1s conocidas. Su estilo trasgresor lleg\u00f3 tambi\u00e9n a los&nbsp;<strong>museos<\/strong>&nbsp;(el Museo Metropolitano de Arte de Nueva York o el Victoria and Albert Museum de Londres han sido algunos que han realizado exposiciones con sus emblem\u00e1ticos dise\u00f1os), entrando as\u00ed en la historia de la moda.<\/p>\n\n\n\n<p>A la vez que triunfaba en la moda, Vivienne Westwood tambi\u00e9n se convirti\u00f3 en una fiel&nbsp;<strong>defensora de la lucha contra el cambio clim\u00e1tico<\/strong>&nbsp;y el maltrato animal. Era habitual que en algunos de sus dise\u00f1os estampara esl\u00f3ganes pol\u00edticos o reivindicativos.<\/p>\n\n\n\n<p>Reconocida con la Medalla de la Orden del Imperio Brit\u00e1nico, Westwood ha vestido a numerosas famosas, como la reina consorte\u00a0Camilla\u00a0o Miley Cyrus que luci\u00f3 uno de sus dise\u00f1os en su boda con Liam Hemsworth.<\/p>\n\n\n\n<p>Fuente: ABC<\/p>\n","protected":false},"excerpt":{"rendered":"<p>La dise\u00f1adora de moda brit\u00e1nica&nbsp;Vivienne Westwood&nbsp;ha muerto este jueves a los 81 a\u00f1os en su casa en Clapham, al sur de la capital de Reino Unido, Londres, seg\u00fan han dicho sus representantes en un comunicado publicado en su perfil oficial de Twitter. Su esposo y socio creativo, Andreas Kronthaler, ha asegurado que Westwood vivir\u00e1 en [&hellip;]<\/p>\n","protected":false},"author":2,"featured_media":113469,"comment_status":"open","ping_status":"open","sticky":false,"template":"","format":"standard","meta":{"footnotes":""},"categories":[11],"tags":[],"class_list":["post-113468","post","type-post","status-publish","format-standard","has-post-thumbnail","hentry","category-espectaculos"],"_links":{"self":[{"href":"https:\/\/elcuartopoder.com.mx\/nw\/wp-json\/wp\/v2\/posts\/113468","targetHints":{"allow":["GET"]}}],"collection":[{"href":"https:\/\/elcuartopoder.com.mx\/nw\/wp-json\/wp\/v2\/posts"}],"about":[{"href":"https:\/\/elcuartopoder.com.mx\/nw\/wp-json\/wp\/v2\/types\/post"}],"author":[{"embeddable":true,"href":"https:\/\/elcuartopoder.com.mx\/nw\/wp-json\/wp\/v2\/users\/2"}],"replies":[{"embeddable":true,"href":"https:\/\/elcuartopoder.com.mx\/nw\/wp-json\/wp\/v2\/comments?post=113468"}],"version-history":[{"count":1,"href":"https:\/\/elcuartopoder.com.mx\/nw\/wp-json\/wp\/v2\/posts\/113468\/revisions"}],"predecessor-version":[{"id":113470,"href":"https:\/\/elcuartopoder.com.mx\/nw\/wp-json\/wp\/v2\/posts\/113468\/revisions\/113470"}],"wp:featuredmedia":[{"embeddable":true,"href":"https:\/\/elcuartopoder.com.mx\/nw\/wp-json\/wp\/v2\/media\/113469"}],"wp:attachment":[{"href":"https:\/\/elcuartopoder.com.mx\/nw\/wp-json\/wp\/v2\/media?parent=113468"}],"wp:term":[{"taxonomy":"category","embeddable":true,"href":"https:\/\/elcuartopoder.com.mx\/nw\/wp-json\/wp\/v2\/categories?post=113468"},{"taxonomy":"post_tag","embeddable":true,"href":"https:\/\/elcuartopoder.com.mx\/nw\/wp-json\/wp\/v2\/tags?post=113468"}],"curies":[{"name":"wp","href":"https:\/\/api.w.org\/{rel}","templated":true}]}}