{"id":113471,"date":"2022-12-30T11:24:48","date_gmt":"2022-12-30T16:24:48","guid":{"rendered":"http:\/\/elcuartopoder.com.mx\/nw\/?p=113471"},"modified":"2022-12-30T11:24:52","modified_gmt":"2022-12-30T16:24:52","slug":"mario-vargas-llosa-muchas-veces-el-sexo-es-la-tabla-de-salvacion","status":"publish","type":"post","link":"https:\/\/elcuartopoder.com.mx\/nw\/entretenimiento\/espectaculos\/mario-vargas-llosa-muchas-veces-el-sexo-es-la-tabla-de-salvacion\/","title":{"rendered":"MARIO VARGAS LLOSA: \u00abMuchas veces el sexo es la tabla de salvaci\u00f3n\u00bb"},"content":{"rendered":"\n<p>Cinco esquinas\u2019, la \u00faltima novela del escritor peruano Mario Vargas Llosa, llega a las librer\u00edas. Y lo hace en medio de una gran expectaci\u00f3n, no solo por el inter\u00e9s con el que los lectores reciben siempre cada<\/p>\n\n\n\n<p>una de sus obras, sino por el revuelo medi\u00e1tico que est\u00e1 causando su relaci\u00f3n sentimental con Isabel Preysler.<\/p>\n\n\n\n<figure class=\"wp-block-image\"><img decoding=\"async\" src=\"https:\/\/www.abc.es\/xlsemanal\/wp-content\/uploads\/sites\/5\/2022\/09\/vargas-llosa-isabel-preysler-sexo.jpg\" alt=\"alternative text\"\/><\/figure>\n\n\n\n<p>Esta es la primera vez que Vargas Llosa recibe a la prensa en casa de su novia, donde vive desde hace un par de meses. Llegamos cinco minutos antes de la hora acordada. El mayordomo nos indica que lo esperemos en la biblioteca y, con puntualidad brit\u00e1nica, Mario hace acto de presencia en ella y nos invita a tomar asiento en uno de los sof\u00e1s, justo enfrente de un enorme retrato de una jovenc\u00edsima Isabel Preysler vestida de rojo, pintado por Pinto Coelho. A sus pies y con su venia, empezamos esta entrevista porque, como asegura Vargas Llosa, todo en esta casa lo decide Isabel.<\/p>\n\n\n\n<p><strong>XLSemanal. Su novela, \u2018Cinco esquinas\u2019 (Alfaguara), arranca de forma impactante con un orgasmo l\u00e9sbico entre dos amigas supuestamente heterosexuales.<\/strong><\/p>\n\n\n\n<p><strong>Mario Vargas Llosa.&nbsp;<\/strong>Es un poco fuerte, s\u00ed. Yo quer\u00eda que empezara de esta manera para dar un poco el ambiente en el que ocurre la historia. El contexto es fundamental para entender la novela. son los \u00faltimos meses de la dictadura de Fujimori y Montesinos, y hab\u00eda mucha violencia. Ni siquiera sab\u00edas bien de d\u00f3nde ven\u00eda: estaban los terroristas de Sendero Luminoso, los del movimiento T\u00fapac Amaru, los paramilitares del Grupo Colina o simples delincuentes comunes que aprovechaban el clima de violencia para actuar.about:blank<\/p>\n\n\n\n<p><strong>XL. \u00bfQuiere decir que el terrorismo y la violencia provocan experimentar otro tipo de&nbsp;<a href=\"https:\/\/www.abc.es\/xlsemanal\/tag\/sexo\/\" target=\"_blank\" rel=\"noreferrer noopener\">relaciones sexuales<\/a>?<\/strong><\/p>\n\n\n\n<p><strong>M.V.L.&nbsp;<\/strong>Cuando vives una situaci\u00f3n de anormalidad tan extrema, muchas veces el sexo es la tabla de salvaci\u00f3n, la fuga donde te refugias. Las situaciones extremas siempre provocan una especie de estallido sexual en direcciones imprevistas.<\/p>\n\n\n\n<h2 class=\"wp-block-heading\">\u00abQue a los 80 a\u00f1os se vuelva a tener una ilusi\u00f3n tan grande como esta es una inyecci\u00f3n maravillosa\u00bb<\/h2>\n\n\n\n<p><strong>XL. \u00a1Ya! Al empezar a leer, habr\u00e1 quien piense que se trata de una novela er\u00f3tica tipo \u2018Elogio de la madrastra\u2019, \u2018Los cuadernos de Don Rigoberto\u2019\u2026<\/strong><\/p>\n\n\n\n<p><strong>M.V.L.&nbsp;<\/strong>[Sonr\u00ede]. Lo entiendo, pero no es esa la intenci\u00f3n del libro, para nada. Creo que ese comienzo te sit\u00faa en un mundo muy distinto de lo que es la normalidad. Luego, la novela se va convirtiendo poco a poco en un&nbsp;<em>thriller<\/em>.<\/p>\n\n\n\n<p><strong>XL. La tensi\u00f3n sexual se mantiene hasta el final de la novela, pero tambi\u00e9n hay una dura cr\u00edtica al gobierno de Fujimori y a cierto tipo de prensa que se alinea con el poder.<\/strong><\/p>\n\n\n\n<p><strong>M.V.L.\u00a0<\/strong>El sexo es un ingrediente importante del libro, por supuesto; pero, efectivamente, la historia va m\u00e1s sobre la manera en que un sistema pol\u00edtico aprovech\u00f3 el periodismo en su peor versi\u00f3n para desacreditar a los adversarios y para anular a sus cr\u00edticos. es el periodismo amarillo y chismogr\u00e1fico al servicio del poder.<\/p>\n\n\n\n<p><strong>XL. Su cr\u00edtica al periodismo \u2018chismogr\u00e1fico\u2019, como usted lo llama, \u00bftiene algo que ver con su reciente protagonismo en la prensa del coraz\u00f3n?&nbsp;<\/strong><\/p>\n\n\n\n<p><strong>M.V.L.&nbsp;<\/strong>No, no; afortunadamente aquello est\u00e1 muy lejos del mundo que vivimos aqu\u00ed.<\/p>\n\n\n\n<p><strong>XL. Isabel Preysler se ha quejado recientemente, en la revista \u2018Mujer Hoy\u2019, del seguimiento que la prensa les hace y que usted, sobre todo, tiene que padecer.<\/strong><\/p>\n\n\n\n<p><strong>M.V.L.&nbsp;<\/strong>Es que Mmmm Digamos que, en ocasiones, se ha llegado a unos extremos que no s\u00e9.<\/p>\n\n\n\n<p><strong>XL. Que el Premio Nobel Mario Vargas Llosa, a los 79 a\u00f1os, se divorcie y se vuelva a casar es motivo de portada de cualquier revista en cualquier pa\u00eds.<\/strong><\/p>\n\n\n\n<p><strong>M.V.L.<\/strong>&nbsp;Seguramente, no s\u00e9.<\/p>\n\n\n\n<p><strong>XL. Y m\u00e1s si la novia es una&nbsp;<em>socialit\u00e9&nbsp;<\/em>muy famosa con la que usted acude de la mano a determinados actos.<\/strong><\/p>\n\n\n\n<p><strong>M.V.L<\/strong>. S\u00ed, s\u00ed, sin ninguna duda; por eso ha despertado m\u00e1s curiosidad. Y, sin ninguna duda, hay que tomarlo con esp\u00edritu deportivo [sonr\u00ede resignado].<\/p>\n\n\n\n<p><strong>XL. \u00bfD\u00f3nde vive la mayor parte del tiempo?<\/strong><\/p>\n\n\n\n<p><strong>M.V.L.<\/strong>&nbsp;\u00a1En un avi\u00f3n! Vivo en el Per\u00fa, aqu\u00ed en Espa\u00f1a, en Nueva York<\/p>\n\n\n\n<p><strong>XL. \u00bfD\u00f3nde escribe?<\/strong><\/p>\n\n\n\n<p><strong>M.V.L.<\/strong>&nbsp;Escribo donde est\u00e9. en aviones, en hoteles\u2026 No tengo ninguna dificultad en escribir en cualquier sitio en el que me ponga. Como viajo mucho, escribo bastante en los viajes y siempre lo hago a mano, en libretas.<\/p>\n\n\n\n<p><strong>XL. Sus casas acaban convirti\u00e9ndose en bibliotecas. En Madrid, la de la calle Flora, \u00bfes su gran biblioteca?<\/strong><\/p>\n\n\n\n<p><strong>M.V.L.<\/strong>&nbsp;No, mi gran biblioteca est\u00e1 en Lima, esa es la principal, donde tengo la mayor cantidad de libros; luego, la de Flora y, despu\u00e9s, la de Par\u00eds.<\/p>\n\n\n\n<h2 class=\"wp-block-heading\">\u00ab\u00bfBoda? Eso se lo tienes que preguntar a Isabel: todas las decisiones importantes las toma ella\u00bb<\/h2>\n\n\n\n<p><strong>XL. \u00bfColecciona pisos para albergar libros?<\/strong><\/p>\n\n\n\n<p><strong>M.V.L.&nbsp;<\/strong>Absolutamente [se r\u00ede]. Lo m\u00e1s curioso es que hay libros que releo mucho y los tengo por triplicado, repartidos por las diferentes casas.<\/p>\n\n\n\n<p><strong>XL. Antes de empezar a escribir su siguiente novela, \u00bfse tomar\u00e1 un a\u00f1o sab\u00e1tico para disfrutar de su nueva vida junto con Isabel?<\/strong><\/p>\n\n\n\n<p><strong>M.V.L<\/strong>. No, no, yo no me tomo ni un d\u00eda, f\u00edjate. Yo trabajo siete d\u00edas por semana, aunque sea un m\u00ednimo de una hora diaria, porque para m\u00ed es absolutamente importante poder trabajar todos los d\u00edas; si no lo hago, tengo la sensaci\u00f3n de estar traicionando algo.<\/p>\n\n\n\n<figure class=\"wp-block-image\"><img decoding=\"async\" src=\"https:\/\/www.abc.es\/xlsemanal\/wp-content\/uploads\/sites\/5\/2022\/09\/vargas-llosa-isabel-preysler-sexo-5.jpg\" alt=\"alternative text\"\/><\/figure>\n\n\n\n<p><strong>XL. Isabel dice que est\u00e1 deseando que llegue por la noche a casa para ver alguna pel\u00edcula juntos y mantener largas conversaciones.<\/strong><\/p>\n\n\n\n<p><strong>M.V.L.<\/strong>&nbsp;Es que es lo que m\u00e1s nos gusta hacer y nos divertimos mucho juntos, esa es la verdad. Hablamos much\u00edsimo much\u00edsimo.<\/p>\n\n\n\n<p><strong>XL. \u00bfQui\u00e9n escucha a qui\u00e9n con m\u00e1s inter\u00e9s?<\/strong><\/p>\n\n\n\n<p><strong>M.V.L.&nbsp;<\/strong>Yo la escucho a ella enormemente, es una gran contadora de historias y de an\u00e9cdotas.<\/p>\n\n\n\n<p><strong>XL. \u00bfSe siente muy envidiado?<\/strong><\/p>\n\n\n\n<p><strong>M.V.L.<\/strong>&nbsp;Tal vez, creo que en la vida he tenido mucha suerte: en mi trabajo, en mi vocaci\u00f3n\u2026 Espero que s\u00ed, sanamente; la envidia sana est\u00e1 muy bien.<\/p>\n\n\n\n<p><strong>XL. Cuando el Rey Juan Carlos le concedi\u00f3 el t\u00edtulo de marqu\u00e9s de Vargas Llosa, usted escribi\u00f3: \u00abHay que tom\u00e1rselo con mucho humor, viniendo de un pa\u00eds republicano como yo vengo\u00bb.<\/strong><\/p>\n\n\n\n<p><strong>M.V.L.&nbsp;<\/strong>Es que nunca imagin\u00e9 que me har\u00edan marqu\u00e9s. Pero me lo tom\u00e9 tambi\u00e9n con mucho agradecimiento. La monarqu\u00eda ha sido una bendici\u00f3n para Espa\u00f1a, precisamente en estos momentos. Si hay una instituci\u00f3n que resiste ese movimiento en mi opini\u00f3n, totalmente insensato del independentismo, de la secesi\u00f3n y de la ruptura de Espa\u00f1a, es la instituci\u00f3n mon\u00e1rquica, sin ninguna duda. Es la \u00fanica instituci\u00f3n que est\u00e1 por encima de toda esa agitaci\u00f3n que est\u00e1 socavando mucho a Espa\u00f1a. Y si uno piensa en Europa, las sociedades m\u00e1s democr\u00e1ticas son las que tienen monarqu\u00edas constitucionales. Inglaterra, Suecia, Dinamarca<\/p>\n\n\n\n<p><strong>XL. Tambi\u00e9n dijo. Yo nac\u00ed y morir\u00e9 plebeyo.<\/strong><\/p>\n\n\n\n<p><strong>M.V.L.&nbsp;<\/strong>\u00a1Pues ya no lo soy! Gracias a Su Majestad Juan Carlos, ya no soy plebeyo. Es una condici\u00f3n que me han otorgado y me siento muy c\u00f3modo con ella y muy reconocido, por supuesto. Hay circunstancias en las que hay que utilizarlo y lo hago, pero tampoco es algo que deba ir uno exhibiendo por calles y plazas, porque tampoco ser\u00eda de buen gusto, \u00bfverdad?<\/p>\n\n\n\n<p><strong>XL. \u00bfC\u00f3mo ve las dificultades que tenemos ahora mismo en Espa\u00f1a para formar Gobierno?&nbsp;<\/strong><\/p>\n\n\n\n<p><strong>M.V.L.<\/strong>&nbsp;Pues con bastante preocupaci\u00f3n. El populismo es muy destructor. Esa es una deriva muy peligrosa, como los movimientos separatistas. El independentismo catal\u00e1n ha cobrado unas proporciones sorprendentes. Yo viv\u00ed cinco a\u00f1os en Barcelona y jam\u00e1s hubiese imaginado que pod\u00eda cobrar esa presencia. El independentismo es una forma de populismo extremadamente peligrosa, quiz\u00e1 la peor. El nacionalismo es en este momento completamente antihist\u00f3rico, es una regresi\u00f3n a la forma m\u00e1s primitiva, cavernaria Y, sin embargo, ah\u00ed est\u00e1; aunque yo no creo que vaya a ser nunca mayoritario.<\/p>\n\n\n\n<p><strong>XL. La desafecci\u00f3n pol\u00edtica es grande\u2026<\/strong><\/p>\n\n\n\n<p><strong>M.V.L.&nbsp;<\/strong>La corrupci\u00f3n pol\u00edtica es la que ha hecho que el populismo haya cobrado la presencia tan grande que tiene. Ya nadie se acuerda de que Espa\u00f1a era ese pa\u00eds feliz que pasaba de la dictadura a la democracia, del atraso a la prosperidad, un pa\u00eds que se integraba al Primer Mundo con una gran proyecci\u00f3n econ\u00f3mica. Era la historia feliz de los tiempos modernos. Pero mi esperanza es que todo lo que est\u00e1 pasando sea transitorio y que no venga una par\u00e1lisis que pueda desencadenar otra vez un proceso de divisi\u00f3n, de encono\u2026<\/p>\n\n\n\n<h2 class=\"wp-block-heading\">Yo soy un gran madrugador y ella es una gran noct\u00e1mbula. \u00a1Ah\u00ed es donde nos desencontramos mucho!<\/h2>\n\n\n\n<p><strong>XL. Siempre le ha interesado la pol\u00edtica\u2026 &nbsp;<\/strong><\/p>\n\n\n\n<p><strong>M.V.L.<\/strong>&nbsp;Creo que todo el mundo tiene que participar e interesarse por la pol\u00edtica de su pa\u00eds. Si no participamos y no hacemos algo para que las cosas mejoren, no tenemos derecho a protestar.<\/p>\n\n\n\n<p><strong>XL. De hecho, usted quiso ser presidente de su pa\u00eds. \u00bfQu\u00e9 hubiera sido de usted si hubiera ganado a Fujimori en aquella segunda vuelta?<\/strong><\/p>\n\n\n\n<p><strong>M.V.L.&nbsp;<\/strong>Pues casi con toda probabilidad me habr\u00edan matado. Yo me convert\u00ed en un blanco; de hecho, hubo dos intentos de asesinato contra m\u00ed en plena campa\u00f1a. No fue una experiencia grata, sino muy ingrata porque hubo muchos muertos. Pero fue muy instructiva, realmente.<\/p>\n\n\n\n<p><strong>XL. He le\u00eddo que a sus amigos les pide que no le recuerden que va a cumplir 80 a\u00f1os<\/strong><\/p>\n\n\n\n<p><strong>M.V.L<\/strong>. \u00a1Pues me lo recuerdan todo el tiempo! [Se r\u00ede]. Yo creo que no hay que tenerle miedo a los a\u00f1os, uno debe hacer su vida y mantenerse vivo hasta el final. Lo m\u00e1s importante es no perder las ilusiones y a eso es a lo que yo llamo mantenerse vivo. a tener proyectos, a no morirse en vida, a no llegar muerto a la muerte. Yo no creo que tenga ning\u00fan problema porque tengo much\u00edsimos proyectos y, afortunadamente, estoy muy bien de salud.<\/p>\n\n\n\n<p><strong>XL. \u00bfC\u00f3mo va a celebrar su cumplea\u00f1os, el pr\u00f3ximo 28 de marzo?<\/strong><\/p>\n\n\n\n<p><strong>M.V.L.<\/strong>&nbsp;\u00bfEh? Mmmm Eso lo decidir\u00e1 Isabel. Todo en esta casa lo decide ella.<\/p>\n\n\n\n<h2 class=\"wp-block-heading\">\u00abEl amor enriquece extraordinariamente al ser humano: no hay que negarse a vivir hasta el final\u00bb<\/h2>\n\n\n\n<p><strong>XL. Seguro que su relaci\u00f3n con Isabel Preysler ha devuelto la ilusi\u00f3n y esperanza a m\u00e1s de un octogenario.&nbsp;<\/strong><\/p>\n\n\n\n<p><strong>M.V.L.&nbsp;<\/strong>Pues me alegro mucho; a m\u00ed, como podr\u00e1s imaginar, me ha hecho m\u00e1s ilusi\u00f3n que a nadie [se r\u00ede]. Que a los 80 a\u00f1os se vuelva a tener una ilusi\u00f3n tan grande como esta es una inyecci\u00f3n de vida absolutamente maravillosa, \u00bfno? Creo que la ilusi\u00f3n es lo que m\u00e1s puede enriquecer la vida de una persona y yo siento que mi relaci\u00f3n con Isabel ha contribuido much\u00edsimo a este estado de \u00e1nimo. puedo enfrentarme a mis 80 a\u00f1os sin temor.<\/p>\n\n\n\n<p><strong>XL. \u00bfRefleja ese entusiasmo cuando escribe?<\/strong><\/p>\n\n\n\n<p><strong>M.V.L.&nbsp;<\/strong>Pues seguramente s\u00ed porque uno escribe con todo lo que es, con todo lo que vive y experimenta; no solo con lo bueno, tambi\u00e9n con las cosas malas que le pasan. Pero lo bueno est\u00e1 ah\u00ed presente, claro que s\u00ed.<\/p>\n\n\n\n<p><strong>XL. En medio de toda esta vor\u00e1gine en la que anda metido, \u00bfest\u00e1 pensando ya en su nueva novela?<\/strong><\/p>\n\n\n\n<p><strong>M.V.L.<\/strong>&nbsp;Siempre ando d\u00e1ndole vueltas al siguiente proyecto, pero una novela me toma un m\u00ednimo de un a\u00f1o y medio o dos y, si es un poco larga, tres a\u00f1os.<\/p>\n\n\n\n<p><strong>XL. \u00bfPiensa en los libros que quiere escribir? \u00bfCalcula el tiempo que le queda para cada uno?&nbsp;<\/strong><\/p>\n\n\n\n<p><strong>M.V.L.<\/strong>&nbsp;Uno debe vivir como si fuera inmortal. Yo creo que ese estado de \u00e1nimo es el bueno. mantener proyectos y que la muerte sea como un accidente que viene a interrumpir un proceso vital. Lo ideal es que la muerte te encuentre trabajando, planeando cosas y empe\u00f1ado en una tarea de tipo creativo.<\/p>\n\n\n\n<p><strong>XL. Siempre que no haya una enfermedad que lo impida.<\/strong><\/p>\n\n\n\n<p><strong>M.V.L.<\/strong>&nbsp;Claro, claro, hay enfermedades lentas que te paralizan completamente y eso es a lo que uno debe temer m\u00e1s.<\/p>\n\n\n\n<p><strong>XL. A estas alturas de la vida, \u00bfno le da v\u00e9rtigo tirar la casa por la ventana y romper con tantas cosas?<\/strong><\/p>\n\n\n\n<p><strong>M.V.L.<\/strong>&nbsp;No, no, no ning\u00fan v\u00e9rtigo. Creo que la vida es una aventura y que hay que vivirla porque la aventura es una de las expresiones maravillosas de la vida. Toda existencia que se vuelve una rutina se empobrece much\u00edsimo y, aunque no hay que buscar la aventura por la aventura, las posibilidades que te ofrece la vida son muchas y muy diversas y no hay que rehuirlas. hay que vivirlas. Creo que lo m\u00e1s bonito que te puede dar la vida es la posibilidad de cambiar, de renovarte, de ser distinto y de reinventarte continuamente.<\/p>\n\n\n\n<figure class=\"wp-block-image\"><img decoding=\"async\" src=\"https:\/\/www.abc.es\/xlsemanal\/wp-content\/uploads\/sites\/5\/2022\/09\/vargas-llosa-isabel-preysler-sexo-4.jpg\" alt=\"alternative text\"\/><\/figure>\n\n\n\n<p><strong>XL. Pero habr\u00e1 ocasiones en las que diga. Yo ya no tengo edad para eso .<\/strong><\/p>\n\n\n\n<p><strong>M.V.L.<\/strong>&nbsp;No, eso es una especie de abdicaci\u00f3n. siempre hay que estar abierto a lo imprevisible. La vida, a la vez que pruebas muy duras, te ofrece cosas maravillosas y una de ellas es el amor. El amor es una experiencia que enriquece extraordinariamente todas las actividades del ser humano. No hay que negarse a vivir hasta el final.<\/p>\n\n\n\n<p><strong>XL. \u00bfSe cree la edad que tiene?<\/strong><\/p>\n\n\n\n<p><strong>M.V.L.&nbsp;<\/strong>\u00a1Claro que me la creo! Ah\u00ed est\u00e1n los a\u00f1os y son muchos. Pero no hay que entristecerse por eso. Cuando me viene la tentaci\u00f3n de la angustia por la edad, tengo en la memoria un folletito maravilloso que encontr\u00e9 en Par\u00eds, y que es el discurso que pronunci\u00f3 Claude L\u00e9vi-Strauss al que tengo por modelo en el homenaje que le hicieron cuando cumpli\u00f3 cien a\u00f1os. \u00a1Qu\u00e9 discurso m\u00e1s lindo! No sabes qu\u00e9 cosa m\u00e1s bonita de claridad, de elegancia, de lucidez Pasa revista a su siglo de vida y no sabes con qu\u00e9 modelo de orden mental lo hace. \u00a1Qu\u00e9 maravilla llegar al \u00faltimo a\u00f1o de vida con esa lucidez!<\/p>\n\n\n\n<p><strong>XL. Vivir esta historia junto con Isabel sin duda le va a rejuvenecer, pero tambi\u00e9n puede acabar hecho polvo intentando seguir su ritmo.<\/strong><\/p>\n\n\n\n<p><strong>M.V.L.<\/strong>&nbsp;\u00a1Sin ninguna duda! \u00a1Ja, ja, ja! Por eso hay que mantenerse activo y bien.<\/p>\n\n\n\n<p><strong>XL. \u00bfY eso c\u00f3mo se consigue?<\/strong><\/p>\n\n\n\n<p><strong>M.V.L.<\/strong>&nbsp;Con cierto esfuerzo y cierta disciplina. A mi amigo Jorge Edwards, una se\u00f1ora le dijo. A los 50 a\u00f1os ya hay que tener una conducta ; y yo esto lo tengo siempre muy presente porque, si a los 50 hay que tener una conducta, no digo ya a los 60, a los 70 y a los 80. nada de excesos.<\/p>\n\n\n\n<p><strong>XL. \u00bfCuida mucho su alimentaci\u00f3n?&nbsp;<\/strong><\/p>\n\n\n\n<p><strong>M.V.L.<\/strong>&nbsp;Bueno, de eso se preocupa Isabel, \u00a1je, je! En esta casa se come muy bien, muy sano, y eso es muy importante.<\/p>\n\n\n\n<p><strong>XL. \u00bfLe ha ense\u00f1ado a hacer ceviche?<\/strong><\/p>\n\n\n\n<p><strong>M.V.L.&nbsp;<\/strong>Todav\u00eda no lo hemos comido aqu\u00ed. Lo tomo mucho en el Per\u00fa, porque nosotros all\u00ed tenemos un lim\u00f3n privilegiado que permite cocinar los pescados. Aunque, seg\u00fan me han dicho, parece que hay un lim\u00f3n canario que, para hacer ceviche, es tan bueno como el peruano.<\/p>\n\n\n\n<p><strong>XL. \u00bfY c\u00f3mo lleva eso de que Isabel sea noct\u00e1mbula?<\/strong><\/p>\n\n\n\n<p><strong>M.V.L.&nbsp;<\/strong>\u00a1Ah\u00ed es donde nos desencontramos mucho! Estamos intentando hallar un punto en com\u00fan porque yo soy un gran madrugador y ella es una gran noct\u00e1mbula.<\/p>\n\n\n\n<p><strong>XL. Casi se levanta usted cuando ella se acuesta.<\/strong><\/p>\n\n\n\n<p><strong>M.V.L<\/strong>. As\u00ed es, pero nos encontramos, nos encontramos [r\u00ede].<\/p>\n\n\n\n<p><strong>XL. \u00bfEst\u00e1 contento en esta casa?<\/strong><\/p>\n\n\n\n<p><strong>M.V.L.<\/strong>&nbsp;Muy contento, s\u00ed; me siento muy a gusto. Es un sitio muy bonito y tranquilo y, adem\u00e1s, se duerme muy bien aqu\u00ed.<\/p>\n\n\n\n<p><strong>XL. Para terminar, la pregunta del mill\u00f3n.<\/strong><\/p>\n\n\n\n<p><strong>M.V.L.<\/strong>&nbsp;\u00bfCu\u00e1l es?<\/p>\n\n\n\n<p><strong>XL. \u00bfPara cu\u00e1ndo habr\u00e1 boda? Dicen que para marzo o abril.<\/strong><\/p>\n\n\n\n<p><strong>M.V.L.\u00a0<\/strong>\u00a1Ja, ja, ja! Eso tambi\u00e9n tienes que pregunt\u00e1rselo a Isabel, ella es la que lo va a decidir. Todas las decisiones importantes las toma Isabel.<\/p>\n\n\n\n<p>Fuente: ABC<\/p>\n","protected":false},"excerpt":{"rendered":"<p>Cinco esquinas\u2019, la \u00faltima novela del escritor peruano Mario Vargas Llosa, llega a las librer\u00edas. Y lo hace en medio de una gran expectaci\u00f3n, no solo por el inter\u00e9s con el que los lectores reciben siempre cada una de sus obras, sino por el revuelo medi\u00e1tico que est\u00e1 causando su relaci\u00f3n sentimental con Isabel Preysler. [&hellip;]<\/p>\n","protected":false},"author":2,"featured_media":113472,"comment_status":"open","ping_status":"open","sticky":false,"template":"","format":"standard","meta":{"footnotes":""},"categories":[11],"tags":[],"class_list":["post-113471","post","type-post","status-publish","format-standard","has-post-thumbnail","hentry","category-espectaculos"],"_links":{"self":[{"href":"https:\/\/elcuartopoder.com.mx\/nw\/wp-json\/wp\/v2\/posts\/113471","targetHints":{"allow":["GET"]}}],"collection":[{"href":"https:\/\/elcuartopoder.com.mx\/nw\/wp-json\/wp\/v2\/posts"}],"about":[{"href":"https:\/\/elcuartopoder.com.mx\/nw\/wp-json\/wp\/v2\/types\/post"}],"author":[{"embeddable":true,"href":"https:\/\/elcuartopoder.com.mx\/nw\/wp-json\/wp\/v2\/users\/2"}],"replies":[{"embeddable":true,"href":"https:\/\/elcuartopoder.com.mx\/nw\/wp-json\/wp\/v2\/comments?post=113471"}],"version-history":[{"count":1,"href":"https:\/\/elcuartopoder.com.mx\/nw\/wp-json\/wp\/v2\/posts\/113471\/revisions"}],"predecessor-version":[{"id":113473,"href":"https:\/\/elcuartopoder.com.mx\/nw\/wp-json\/wp\/v2\/posts\/113471\/revisions\/113473"}],"wp:featuredmedia":[{"embeddable":true,"href":"https:\/\/elcuartopoder.com.mx\/nw\/wp-json\/wp\/v2\/media\/113472"}],"wp:attachment":[{"href":"https:\/\/elcuartopoder.com.mx\/nw\/wp-json\/wp\/v2\/media?parent=113471"}],"wp:term":[{"taxonomy":"category","embeddable":true,"href":"https:\/\/elcuartopoder.com.mx\/nw\/wp-json\/wp\/v2\/categories?post=113471"},{"taxonomy":"post_tag","embeddable":true,"href":"https:\/\/elcuartopoder.com.mx\/nw\/wp-json\/wp\/v2\/tags?post=113471"}],"curies":[{"name":"wp","href":"https:\/\/api.w.org\/{rel}","templated":true}]}}