{"id":113477,"date":"2022-12-30T11:37:10","date_gmt":"2022-12-30T16:37:10","guid":{"rendered":"http:\/\/elcuartopoder.com.mx\/nw\/?p=113477"},"modified":"2022-12-30T11:37:15","modified_gmt":"2022-12-30T16:37:15","slug":"refugios-climaticos-que-ocurre-cuando-el-problema-es-el-frio","status":"publish","type":"post","link":"https:\/\/elcuartopoder.com.mx\/nw\/qtp\/refugios-climaticos-que-ocurre-cuando-el-problema-es-el-frio\/","title":{"rendered":"Refugios clim\u00e1ticos: \u00bfqu\u00e9 ocurre cuando el problema es el fr\u00edo?"},"content":{"rendered":"\n<p>Tanto en Toronto como en Montreal \u2014de inviernos muy fr\u00edos\u2014 existen dos urbes paralelas. Por un lado, est\u00e1 la ciudad que se ve sobre la superficie, el entramado de calles tradicional. Por otro, se encuentra su versi\u00f3n subterr\u00e1nea, un ecosistema paralelo en el subsuelo que permite no salir al mundo exterior. Son una suerte de calles espejo \u2014los servicios y las tiendas que est\u00e1n sobre superficie tambi\u00e9n lo est\u00e1n bajo tierra\u2014 y un refugio ante las inclemencias del tiempo. Como prometen en la web tur\u00edstica de Montreal, \u00abes un salvavidas cuando quieres pasear, comprar y comer lejos del sol abrasador y de la nieve helada\u00bb.<\/p>\n\n\n\n<p>La amenaza del fr\u00edo no es exactamente nueva. Pasar fr\u00edo es algo que ha sucedido invierno tras invierno durante siglos. Sin embargo, los efectos del cambio clim\u00e1tico potencian los episodios clim\u00e1ticos extremos, tambi\u00e9n en los inviernos. La gran nevada que sacudi\u00f3 Reino Unido hace unos d\u00edas, la tormenta Filomena que paraliz\u00f3 la Pen\u00ednsula Ib\u00e9rica hace un par de a\u00f1os o este primer fin de semana navide\u00f1o de nieves hist\u00f3ricas en Canad\u00e1 y Estados Unidos son ejemplos.<\/p>\n\n\n\n<p>Los efectos del fr\u00edo sobre la salud son notables, tanto de forma generalizada \u2014reduce la eficiencia del sistema inmune, por ejemplo\u2014 como durante las olas de fr\u00edo. Una investigaci\u00f3n realizada por expertos del Instituto de Salud Carlos III abordaba hace un par de a\u00f1os qu\u00e9 consecuencias estaban teniendo ya las temperaturas extremas en la salud de los espa\u00f1oles. En la comparativa acumulada de las \u00faltimas d\u00e9cadas, se observaba que la mortalidad vinculada al fr\u00edo hab\u00eda subido, especialmente en la poblaci\u00f3n m\u00e1s sensible a esas temperaturas (los mayores de 65 a\u00f1os). En parte, teorizaban, esto se explicaba porque se estaba trabajando para reducir el impacto del calor y se hab\u00eda aumentado la resiliencia de la poblaci\u00f3n a las temperaturas m\u00e1s elevadas, algo que no estaba pasando con el fr\u00edo.<\/p>\n\n\n\n<p>A esto hay que sumar el efecto que pueden tener los episodios de lluvias elevadas o de viento, otras de las razones por las que las alertas naranjas y amarillas se suceden durante el invierno. De hecho, la principal causa de muerte vinculada a los desastres ambientales en Espa\u00f1a en estas \u00faltimas d\u00e9cadas han sido las inundaciones .<\/p>\n\n\n\n<p>Aun as\u00ed, modelos como los de Toronto o Montreal no son habituales. Las ciudades del resto del mundo no est\u00e1n tomando notas sobre c\u00f3mo crear un entramado de servicios bajo tierra para proteger a sus habitantes de las temperaturas g\u00e9lidas. Mucho menos probable parece que se creen infraestructuras parecidas en Espa\u00f1a. Incluso en aquellas localidades que encabezan los rankings de temperatura y se coronan como las m\u00e1s fr\u00edas, como es el caso de Burgos, la vida contin\u00faa, sin muchos cambios, durante el invierno.<\/p>\n\n\n\n<p>Refugios, solo para el verano<br>Los refugios clim\u00e1ticos son espacios pensados para ofrecer un respiro a la poblaci\u00f3n ante las temperaturas extremas . Sin embargo, cuando se piensa en esos picos de temperatura y se dise\u00f1an esas estrategias de refugios, se tiene en cuenta el calor y no el fr\u00edo. Las ciudades est\u00e1n trabajando para preparar sus edificios y sus calles para las olas de calor, refrescando la sensaci\u00f3n t\u00e9rmica en esos entornos y creando lugares a los que la poblaci\u00f3n pueda acudir para tener un respiro. En Espa\u00f1a, solo dos ciudades cuentan con planes definidos de refugios clim\u00e1ticos, Bilbao y Barcelona, y en ambos casos est\u00e1n operativos durante los meses de verano.<\/p>\n\n\n\n<p>No obstante, la l\u00f3gica podr\u00eda llevar a pensar que si el cambio clim\u00e1tico est\u00e1 empujando el term\u00f3metro hasta los extremos tambi\u00e9n deber\u00eda pensarse qu\u00e9 ocurrir\u00e1 con esa poblaci\u00f3n cuando los picos bajen a m\u00ednimos. \u00bfSe necesitan refugios clim\u00e1ticos para sobrevivir al fr\u00edo del invierno? De entrada, la pregunta resulta confusa a los expertos en refugios clim\u00e1ticos. No es algo que realmente exista y, a pesar de los efectos del fr\u00edo en la salud y de ese temor a las temperaturas extremas, tampoco es algo que crean necesario.<\/p>\n\n\n\n<p>\u00abNo estoy seguro de que ampliar la cobertura de los refugios clim\u00e1ticos a la dimensi\u00f3n del invierno sea una aproximaci\u00f3n \u00fatil\u00bb, apunta brevemente Miguel N\u00fa\u00f1ez, investigador en la Escuela T\u00e9cnica Superior de Arquitectura de la Universidad Polit\u00e9cnica de Madrid. Si la estrategia de refugios clim\u00e1ticos se est\u00e1 centrando en las altas temperaturas, \u00abse debe al contexto en el que nos encontramos, donde el cambio clim\u00e1tico est\u00e1 acentuando la frecuencia e intensidad de las olas de calor\u00bb. Los refugios clim\u00e1ticos son \u00abun espacio seguro\u00bb para la poblaci\u00f3n vulnerable mientras \u00abnos adaptamos a este incremento de las temperaturas\u00bb.<\/p>\n\n\n\n<p>Tambi\u00e9n Isabel Ruiz Mall\u00e9n, profesora de psicolog\u00eda y ciencias de la Educaci\u00f3n e investigadora del grupo TURBA de la UOC, apunta en esa direcci\u00f3n. \u00abEl problema del cambio clim\u00e1tico es un calentamiento global del planeta\u00bb, recuerda y \u2014en el contexto mediterr\u00e1neo en el que se encuentra Espa\u00f1a\u2014 esto supone tanto que lo extremo llegue v\u00eda calor como que los per\u00edodos de calor sean m\u00e1s largos y en meses en los que la poblaci\u00f3n estaba acostumbrada a tener un descanso. Como recuerda Ruiz Mall\u00e9n, la pasada primavera los escolares se enfrentaron a \u00abtemperaturas de agosto\u00bb en colegios pensados para estar cerrados durante esos meses. Las escuelas s\u00ed est\u00e1n preparadas para el invierno y el fr\u00edo.<\/p>\n\n\n\n<p>Reducir la pobreza energ\u00e9tica, como protecci\u00f3n<br>Y, frente a lo que est\u00e1 ocurriendo ahora mismo en Norteam\u00e9rica, el arranque navide\u00f1o ejemplifica lo que dicen estos expertos: puede que Galicia haya empezado las fiestas en alerta por lluvias y viento, pero en el resto de Espa\u00f1a se registraron temperaturas mucho m\u00e1s c\u00e1lidas de lo esperado. Se podr\u00eda decir que el tiempo ha sido, m\u00e1s bien, an\u00f3malamente agradable.<\/p>\n\n\n\n<p>Aun as\u00ed, tampoco hay que olvidar por completo los efectos que el fr\u00edo tiene en la salud de las personas. Para paliarlo, reducir el riesgo de la poblaci\u00f3n vulnerable con ayudas especializadas ser\u00eda clave, pero, como se\u00f1ala N\u00fa\u00f1ez, esto implicar\u00eda m\u00e1s bien mejorar servicios sociales y \u00abno como estrategia de mejora de la adaptaci\u00f3n de la poblaci\u00f3n frente al cambio clim\u00e1tico\u00bb. No se trata tanto de crear refugios clim\u00e1ticos para el invierno como de reducir la exposici\u00f3n o la pobreza energ\u00e9tica de una parte de la poblaci\u00f3n.<\/p>\n\n\n\n<p>Con todo, algunos de los mecanismos que se usan para adaptarse a los veranos calurosos salen tambi\u00e9n a cuenta para los riesgos invernales. Mejorar el aislamiento t\u00e9rmico no solo reduce la asfixia veraniega, tambi\u00e9n el fr\u00edo. Ruiz Mall\u00e9n coordina el proyecto CoolSchools, que adapta las escuelas al cambio clim\u00e1tico y esas elevadas temperaturas del verano. Una de las mejoras que realizan es pasar de patios de hormig\u00f3n a los de tierra, integrando la naturaleza en el recreo escolar . Este tipo de superficies refrescan, pero tambi\u00e9n responden mucho mejor a la hora de, por ejemplo, gestionar un pico de lluvia.<\/p>\n\n\n\n<p>Fuente: ABC<\/p>\n","protected":false},"excerpt":{"rendered":"<p>Tanto en Toronto como en Montreal \u2014de inviernos muy fr\u00edos\u2014 existen dos urbes paralelas. Por un lado, est\u00e1 la ciudad que se ve sobre la superficie, el entramado de calles tradicional. Por otro, se encuentra su versi\u00f3n subterr\u00e1nea, un ecosistema paralelo en el subsuelo que permite no salir al mundo exterior. Son una suerte de [&hellip;]<\/p>\n","protected":false},"author":2,"featured_media":113478,"comment_status":"open","ping_status":"open","sticky":false,"template":"","format":"standard","meta":{"footnotes":""},"categories":[58],"tags":[],"class_list":["post-113477","post","type-post","status-publish","format-standard","has-post-thumbnail","hentry","category-qtp"],"_links":{"self":[{"href":"https:\/\/elcuartopoder.com.mx\/nw\/wp-json\/wp\/v2\/posts\/113477","targetHints":{"allow":["GET"]}}],"collection":[{"href":"https:\/\/elcuartopoder.com.mx\/nw\/wp-json\/wp\/v2\/posts"}],"about":[{"href":"https:\/\/elcuartopoder.com.mx\/nw\/wp-json\/wp\/v2\/types\/post"}],"author":[{"embeddable":true,"href":"https:\/\/elcuartopoder.com.mx\/nw\/wp-json\/wp\/v2\/users\/2"}],"replies":[{"embeddable":true,"href":"https:\/\/elcuartopoder.com.mx\/nw\/wp-json\/wp\/v2\/comments?post=113477"}],"version-history":[{"count":1,"href":"https:\/\/elcuartopoder.com.mx\/nw\/wp-json\/wp\/v2\/posts\/113477\/revisions"}],"predecessor-version":[{"id":113479,"href":"https:\/\/elcuartopoder.com.mx\/nw\/wp-json\/wp\/v2\/posts\/113477\/revisions\/113479"}],"wp:featuredmedia":[{"embeddable":true,"href":"https:\/\/elcuartopoder.com.mx\/nw\/wp-json\/wp\/v2\/media\/113478"}],"wp:attachment":[{"href":"https:\/\/elcuartopoder.com.mx\/nw\/wp-json\/wp\/v2\/media?parent=113477"}],"wp:term":[{"taxonomy":"category","embeddable":true,"href":"https:\/\/elcuartopoder.com.mx\/nw\/wp-json\/wp\/v2\/categories?post=113477"},{"taxonomy":"post_tag","embeddable":true,"href":"https:\/\/elcuartopoder.com.mx\/nw\/wp-json\/wp\/v2\/tags?post=113477"}],"curies":[{"name":"wp","href":"https:\/\/api.w.org\/{rel}","templated":true}]}}