{"id":113480,"date":"2022-12-30T11:58:50","date_gmt":"2022-12-30T16:58:50","guid":{"rendered":"http:\/\/elcuartopoder.com.mx\/nw\/?p=113480"},"modified":"2022-12-30T11:58:54","modified_gmt":"2022-12-30T16:58:54","slug":"cierra-ciclos-y-preparate-para-un-ano-nuevo","status":"publish","type":"post","link":"https:\/\/elcuartopoder.com.mx\/nw\/destacadas\/cierra-ciclos-y-preparate-para-un-ano-nuevo\/","title":{"rendered":"Cierra ciclos y prep\u00e1rate para un A\u00f1o Nuevo"},"content":{"rendered":"\n<p>Hola! Que gusto que est\u00e9s interesado en cerrar ciclos y empezar muy bien el siguiente a\u00f1os,&nbsp; te invito a que materialices todas estas reflexiones: \u00bfen d\u00f3nde ya no cabes? \u00bfEn d\u00f3nde hay espacio para que crezcas? \u00bfQui\u00e9n quieres que te acompa\u00f1e en este camino? Te voy a guiar con algunas preguntas que te ayudar\u00e1n a cerrar aquellos ciclos.<\/p>\n\n\n\n<p>1. \u00bfQu\u00e9 metas alcanzaste personal y profesionalmente?<br>2. \u00bfDe qu\u00e9 logro te sientes realmente orgullosa?<br>3. \u00bfCu\u00e1les se quedaron en la libreta de buenos prop\u00f3sitos? \u00bfCu\u00e1les fueron las razones para no alcanzarlos?<br>4. \u00bfCu\u00e1l ha sido la decisi\u00f3n m\u00e1s importante que tomaste y cu\u00e1l te hubiera gustado tomar pero no lo hiciste por miedo?<br>5. \u00bfQu\u00e9 personas nuevas conociste y qu\u00e9 te han aportado?<br>6. \u00bfQu\u00e9 momentos fueron los m\u00e1s felices, en cu\u00e1les te sentiste plena?<\/p>\n\n\n\n<p><img decoding=\"async\" alt=\"\" src=\"https:\/\/www.fusionradio.mx\/imgauxiliar\/images\/amor-propio-e1617304549447-800x400.jpg\"><br>7. \u00bfA qui\u00e9n quieres dar gracias por lo vivido durante este a\u00f1o?<br>8. Que h\u00e1bitos, relaciones o actitudes dejaras en este 2022?<br>9. \u00bfQui\u00e9n eres despu\u00e9s de este 2022?<br>10. \u00bfCu\u00e1les han sido tus aprendizajes m\u00e1s importantes de este a\u00f1o?<br>11. Escribe una frase corta o una palabra que resuma este a\u00f1o para ti.<\/p>\n\n\n\n<p><br>Lee tus respuestas y reflexiona: \u00bfqu\u00e9 decisiones tomar\u00e1s, a qu\u00e9 miedos vas a retar, qu\u00e9 sigue en tu camino para estar orgullosa de ti mismo? Guarda el papel en donde escribiste tus respuestas y vuelve a leerlo el \u00faltimo d\u00eda del a\u00f1o.<\/p>\n\n\n\n<p>Fuente: fusionradio<\/p>\n","protected":false},"excerpt":{"rendered":"<p>Hola! Que gusto que est\u00e9s interesado en cerrar ciclos y empezar muy bien el siguiente a\u00f1os,&nbsp; te invito a que materialices todas estas reflexiones: \u00bfen d\u00f3nde ya no cabes? \u00bfEn d\u00f3nde hay espacio para que crezcas? \u00bfQui\u00e9n quieres que te acompa\u00f1e en este camino? Te voy a guiar con algunas preguntas que te ayudar\u00e1n a [&hellip;]<\/p>\n","protected":false},"author":2,"featured_media":113481,"comment_status":"open","ping_status":"open","sticky":false,"template":"","format":"standard","meta":{"footnotes":""},"categories":[59],"tags":[],"class_list":["post-113480","post","type-post","status-publish","format-standard","has-post-thumbnail","hentry","category-destacadas"],"_links":{"self":[{"href":"https:\/\/elcuartopoder.com.mx\/nw\/wp-json\/wp\/v2\/posts\/113480","targetHints":{"allow":["GET"]}}],"collection":[{"href":"https:\/\/elcuartopoder.com.mx\/nw\/wp-json\/wp\/v2\/posts"}],"about":[{"href":"https:\/\/elcuartopoder.com.mx\/nw\/wp-json\/wp\/v2\/types\/post"}],"author":[{"embeddable":true,"href":"https:\/\/elcuartopoder.com.mx\/nw\/wp-json\/wp\/v2\/users\/2"}],"replies":[{"embeddable":true,"href":"https:\/\/elcuartopoder.com.mx\/nw\/wp-json\/wp\/v2\/comments?post=113480"}],"version-history":[{"count":1,"href":"https:\/\/elcuartopoder.com.mx\/nw\/wp-json\/wp\/v2\/posts\/113480\/revisions"}],"predecessor-version":[{"id":113482,"href":"https:\/\/elcuartopoder.com.mx\/nw\/wp-json\/wp\/v2\/posts\/113480\/revisions\/113482"}],"wp:featuredmedia":[{"embeddable":true,"href":"https:\/\/elcuartopoder.com.mx\/nw\/wp-json\/wp\/v2\/media\/113481"}],"wp:attachment":[{"href":"https:\/\/elcuartopoder.com.mx\/nw\/wp-json\/wp\/v2\/media?parent=113480"}],"wp:term":[{"taxonomy":"category","embeddable":true,"href":"https:\/\/elcuartopoder.com.mx\/nw\/wp-json\/wp\/v2\/categories?post=113480"},{"taxonomy":"post_tag","embeddable":true,"href":"https:\/\/elcuartopoder.com.mx\/nw\/wp-json\/wp\/v2\/tags?post=113480"}],"curies":[{"name":"wp","href":"https:\/\/api.w.org\/{rel}","templated":true}]}}