{"id":118154,"date":"2023-05-19T10:00:37","date_gmt":"2023-05-19T15:00:37","guid":{"rendered":"http:\/\/elcuartopoder.com.mx\/nw\/?p=118154"},"modified":"2023-05-19T10:00:38","modified_gmt":"2023-05-19T15:00:38","slug":"nadal-deja-el-tenis-sin-fecha-de-regreso-y-anuncia-que-2024-sera-su-ultimo-ano","status":"publish","type":"post","link":"https:\/\/elcuartopoder.com.mx\/nw\/entretenimiento\/deportes\/nadal-deja-el-tenis-sin-fecha-de-regreso-y-anuncia-que-2024-sera-su-ultimo-ano\/","title":{"rendered":"Nadal deja el tenis sin fecha de regreso y anuncia que 2024 ser\u00e1 su \u00faltimo a\u00f1o"},"content":{"rendered":"\n<p>En una constante en su carrera profesional, Rafael Nadal tiene un rival que puede m\u00e1s que \u00e9l: su propio cuerpo. Ante \u00e9l se inclina una vez m\u00e1s en este 2023, acuciado por un dolor en el psoas il\u00edaco que no lo ha dejado ser \u00e9l desde que se produjera la lesi\u00f3n el 18 de enero. No competir\u00e1 en Roland Garros, tampoco en Wimbledon ni en el US Open. Es un punto y aparte lleno de inc\u00f3gnitas, sin fecha de vuelta, pero s\u00ed una certeza: Nadal quiere volver. En una constante en su carrera profesional, Rafael Nadal se dar\u00e1 una nueva oportunidad para volver en 2024 a ser \u00e9l, tenista, competitivo, comprometido y qui\u00e9n sabe si otra vez campe\u00f3n. Y entonces s\u00ed, habr\u00e1 punto final.<\/p>\n\n\n\n<p>\u00abHan sido meses muy dif\u00edciles y es momento para poner un punto y aparte, no se puede exigir m\u00e1s y m\u00e1s al cuerpo porque hay un momento que el cuerpo te dice &#8216;hasta aqu\u00ed&#8217; y saca la bandera blanca\u00bb, anunci\u00f3 el balear en una rueda de prensa desde su academia en la que medio planeta apretaba los pu\u00f1os por si la decisi\u00f3n era m\u00e1s definitiva todav\u00eda. Afirm\u00f3 que ha sido imposible recuperarse del problema en la pierna izquierda para jugar en Par\u00eds; que se da m\u00e1s meses de tiempo para poder recuperarse, por lo que tampoco estar\u00e1 en\u00a0<strong>Wimbledon\u00a0<\/strong>ni en el\u00a0<strong>US Open<\/strong>; y que volver\u00e1, o se dejar\u00e1 todo en el intento, como siempre, para terminar como \u00e9l quiere: en la pista, con una raqueta en la mano y no con un micr\u00f3fono.<\/p>\n\n\n\n<p>Admitir que ten\u00eda que parar, explic\u00f3, ha sido dif\u00edcil por la parte mental, pero no ha tenido m\u00e1s remedio: \u00abEs una decisi\u00f3n que toma mi cuerpo\u00bb. Y el punto y aparte lo hace con todas las consecuencias, admiti\u00f3, sin pasearse siquiera por las pistas de entrenamiento durante un tiempo. El cuerpo de Nadal, 37 a\u00f1os el pr\u00f3ximo 3 de junio, lo necesita. \u00abTengo que saber por qu\u00e9 no me recupero bien y necesito parar y desconectar. Voy a parar, no voy a entrenar, no estoy para seguir entrenando. De muchos momentos de frustraci\u00f3n, hay un momento que hay que ponerle freno. Si no paro, no creo que pueda llegar al a\u00f1o que viene. A ver si el cuerpo se va regenerando\u00bb. Una pausa que tambi\u00e9n afecta a su equipo, que estuvo en todo momento con \u00e9l durante el anuncio, como ha estado durante estos veinte a\u00f1os de carrera y de \u00e9xitos. \u00abS\u00e9 que lo que se ve han sido las victorias, y que he conseguido algunos t\u00edtulos muy importantes, pero han sido a\u00f1os m\u00e1s bien complicados, sobre todo a nivel f\u00edsico, por lo que me ha costado tener continuidad. Sobre todo desde la pandemia, he encadenado lesi\u00f3n con lesi\u00f3n\u00bb.<\/p>\n\n\n\n<p>De todo su historial m\u00e9dico, solo en las tres \u00faltimas temporadas, el regreso del dolor en el pie debido al s\u00edndrome de Muller-Weiss, con derrota en semifinales de Roland Garros y ausencia de Wimbledon y los\u00a0<strong>Juegos Ol\u00edmpicos<\/strong>. Regres\u00f3 sin demasiado \u00e9xito en agosto y dio por concluido su a\u00f1o. Una situaci\u00f3n de tremendo desgaste en las pistas que se camuflaba con una vuelta a lo grande en 2022, con el t\u00edtulo en el\u00a0Abierto de Australia\u00a0y su decimocuarto Roland Garros en junio, despu\u00e9s de otro par\u00f3n en marzo por una fisura en una costilla, y de tener que dormirse el pie para poder disputar, y ganar, el torneo parisino.<\/p>\n\n\n\n<p>En plena efervescencia, una rotura abdominal lo dej\u00f3 sin las semifinales de Wimbledon y sin encadenar m\u00e1s de dos victorias hasta final de curso. Y en este inicio de 2023, el psoas il\u00edaco lo deja sin tenis desde el 18 de enero (segunda ronda del Abierto de Australia) y sin fecha de vuelta.<\/p>\n\n\n\n<p>Al menos, no sobre el papel, aunque el balear intent\u00f3 iluminar la esperanza del personal indicando que la Copa Davis, en noviembre, pudiera ser un buen comienzo.<\/p>\n\n\n\n<p>Un buen comienzo del final, pues si se quiere dar una nueva oportunidad de seguir siendo el Nadal que cambi\u00f3 el tenis y lo llev\u00f3, con Federer, a otros l\u00edmites, es para despedirse como \u00e9l quiere. Y ni su carrera ni su personalidad ni su forma de ser le permiten retirarse as\u00ed, en una rueda de prensa. \u00abMi intenci\u00f3n es que la pr\u00f3xima temporada sea mi \u00faltimo a\u00f1o y pueda jugar los torneos que me apetezcan. No me merezco terminar as\u00ed [en una rueda de prensa]. Me he esforzado para que el final no sea este\u00bb, se\u00f1al\u00f3 el tenista. Es la marca Nadal, luchar una y otra vez despu\u00e9s de cada ca\u00edda. Porque dejaba clara su intenci\u00f3n: \u00abNo quiero que sea un a\u00f1o de comparsa en 2024. Quiero luchar por volver a ganar torneos, aunque luego la realidad ser\u00e1 la que sea\u00bb.<\/p>\n\n\n\n<p>Fuente: ABC<\/p>\n","protected":false},"excerpt":{"rendered":"<p>En una constante en su carrera profesional, Rafael Nadal tiene un rival que puede m\u00e1s que \u00e9l: su propio cuerpo. Ante \u00e9l se inclina una vez m\u00e1s en este 2023, acuciado por un dolor en el psoas il\u00edaco que no lo ha dejado ser \u00e9l desde que se produjera la lesi\u00f3n el 18 de enero. [&hellip;]<\/p>\n","protected":false},"author":2,"featured_media":118155,"comment_status":"open","ping_status":"open","sticky":false,"template":"","format":"standard","meta":{"footnotes":""},"categories":[7],"tags":[],"class_list":["post-118154","post","type-post","status-publish","format-standard","has-post-thumbnail","hentry","category-deportes"],"_links":{"self":[{"href":"https:\/\/elcuartopoder.com.mx\/nw\/wp-json\/wp\/v2\/posts\/118154","targetHints":{"allow":["GET"]}}],"collection":[{"href":"https:\/\/elcuartopoder.com.mx\/nw\/wp-json\/wp\/v2\/posts"}],"about":[{"href":"https:\/\/elcuartopoder.com.mx\/nw\/wp-json\/wp\/v2\/types\/post"}],"author":[{"embeddable":true,"href":"https:\/\/elcuartopoder.com.mx\/nw\/wp-json\/wp\/v2\/users\/2"}],"replies":[{"embeddable":true,"href":"https:\/\/elcuartopoder.com.mx\/nw\/wp-json\/wp\/v2\/comments?post=118154"}],"version-history":[{"count":1,"href":"https:\/\/elcuartopoder.com.mx\/nw\/wp-json\/wp\/v2\/posts\/118154\/revisions"}],"predecessor-version":[{"id":118156,"href":"https:\/\/elcuartopoder.com.mx\/nw\/wp-json\/wp\/v2\/posts\/118154\/revisions\/118156"}],"wp:featuredmedia":[{"embeddable":true,"href":"https:\/\/elcuartopoder.com.mx\/nw\/wp-json\/wp\/v2\/media\/118155"}],"wp:attachment":[{"href":"https:\/\/elcuartopoder.com.mx\/nw\/wp-json\/wp\/v2\/media?parent=118154"}],"wp:term":[{"taxonomy":"category","embeddable":true,"href":"https:\/\/elcuartopoder.com.mx\/nw\/wp-json\/wp\/v2\/categories?post=118154"},{"taxonomy":"post_tag","embeddable":true,"href":"https:\/\/elcuartopoder.com.mx\/nw\/wp-json\/wp\/v2\/tags?post=118154"}],"curies":[{"name":"wp","href":"https:\/\/api.w.org\/{rel}","templated":true}]}}