{"id":118160,"date":"2023-05-19T10:07:42","date_gmt":"2023-05-19T15:07:42","guid":{"rendered":"http:\/\/elcuartopoder.com.mx\/nw\/?p=118160"},"modified":"2023-05-19T10:07:46","modified_gmt":"2023-05-19T15:07:46","slug":"fernanda-llevaba-3-dias-laborando-en-una-taqueria-y-desaparecio-ofrecen-1-5-mdp-para-encontrarla","status":"publish","type":"post","link":"https:\/\/elcuartopoder.com.mx\/nw\/estatales\/fernanda-llevaba-3-dias-laborando-en-una-taqueria-y-desaparecio-ofrecen-1-5-mdp-para-encontrarla\/","title":{"rendered":"Fernanda llevaba 3 d\u00edas laborando en una taquer\u00eda y desapareci\u00f3: ofrecen 1.5 mdp para encontrarla"},"content":{"rendered":"\n<p>Por primera vez en Quintana Roo, la Fiscal\u00eda General del Estado (FGE) ofreci\u00f3 una recompensa de 1.5 millones de pesos por informaci\u00f3n que permita dar con el paradero de Fernanda Cayetana Canul Blanco, quien desapareci\u00f3 el 21 de julio en la colonia Nazareno en Canc\u00fan cuando sali\u00f3 de su casa para lavar los platos de una taquer\u00eda a espaldas de su domicilio.<\/p>\n\n\n\n<figure class=\"wp-block-image\"><img decoding=\"async\" src=\"https:\/\/heraldodemexico.com.mx\/u\/fotografias\/m\/2023\/5\/17\/f768x1-729937_730064_128.png\" alt=\"\"\/><figcaption>Fernanda Cayetana Canul Blanco, quien desapareci\u00f3 el&nbsp;21 de julio en la colonia Nazareno en Canc\u00fan Foto: FGE Quintana Roo<\/figcaption><\/figure>\n\n\n\n<p><strong>\u201cEstamos realizando acciones para encontrarla, es lo que nos importa.<\/strong>&nbsp;Incluso, por primera vez en la historia de Quintana Roo, se va ofrecer recompensa para localizar a la v\u00edctima\u201d, dijo \u00d3scar Montes de Oca Rosales, titular de la Fiscal\u00eda General del Estado.<\/p>\n\n\n\n<h2 class=\"wp-block-heading\">Su madre lament\u00f3 que las autoridades se tardaran en ofrecer la recompensa<\/h2>\n\n\n\n<p><strong>Deysi Canul Blanco, madre de Fernanda Cayetana<\/strong>, mencion\u00f3 estar sorprendida por esta acci\u00f3n, ya que estaban en espera de la recompensa para la captura de Ang\u00e9lica \u201cV\u201d, esposa de&nbsp;<strong>Marcos \u201cC, quien fue el \u00faltimo en ver a la adolescente y que enfrenta un proceso por la posible comisi\u00f3n de un delito.<\/strong><\/p>\n\n\n\n<p><strong>\u201cEs un poquito de avance, pero es por presi\u00f3n\u201d,&nbsp;<\/strong>record\u00f3 la integrante de la organizaci\u00f3n \u201cMadres Buscadoras de Quintana Roo\u201d. Durante casi un a\u00f1o, abogados y organizaciones civiles han realizado diversas protestas para denunciar la falta de avances en los casos de desaparici\u00f3n, as\u00ed como otras presuntas irregularidades cometidas por la FGE.<\/p>\n\n\n\n<blockquote class=\"wp-block-quote is-layout-flow wp-block-quote-is-layout-flow\"><p>\u201cSi ellos se hubieran apresurado a ofrecer la recompensa, al instante que desapareci\u00f3 la ni\u00f1a, yo creo que ya la hubi\u00e9ramos localizado, pero se tardaron mucho\u201d, sentenci\u00f3&nbsp;Deysi Canul Blanco.<\/p><\/blockquote>\n\n\n\n<figure class=\"wp-block-image\"><img decoding=\"async\" src=\"https:\/\/heraldodemexico.com.mx\/u\/fotografias\/m\/2023\/5\/17\/f768x1-729936_730063_5050.jpeg\" alt=\"\"\/><figcaption>\u201cSi ellos se hubieran apresurado a ofrecer la recompensa, al instante que desapareci\u00f3 la ni\u00f1a, yo creo que ya la hubi\u00e9ramos localizado\u201d, asegur\u00f3 la madre de Fernanda Foto: Fernanda Duque<\/figcaption><\/figure>\n\n\n\n<p>Adem\u00e1s manifest\u00f3 desconfianza hacia las autoridades, por los obst\u00e1culos en el pago de la recompensa hacia quienes permitieron la localizaci\u00f3n de Marcos \u201cC\u201d en Chiapas, por estar involucrado en la desaparici\u00f3n de su hija.<\/p>\n\n\n\n<figure class=\"wp-block-image\"><img decoding=\"async\" src=\"https:\/\/heraldodemexico.com.mx\/u\/fotografias\/m\/2023\/5\/17\/f768x1-729935_730062_0.png\" alt=\"\"\/><figcaption>Su madre no ha parado de buscarla en todos estos meses Foto: Twitter @IvanCadena<\/figcaption><\/figure>\n\n\n\n<h2 class=\"wp-block-heading\">\u00bfC\u00f3mo desapareci\u00f3 Fernanda Cayetana Canul Blanco?<\/h2>\n\n\n\n<p><strong>Fernanda Cayetana Canul Blanco, ten\u00eda solo 12 a\u00f1os cuando fue vista por \u00faltima vez por su madre<\/strong>&nbsp;antes de dirigirse al negocio de sus vecinos, una familia con la que trabajaba desde el lunes 18 de julio. La desesperada madre de familia asegur\u00f3 a los medios locales que<strong>&nbsp;su vecino fue quien se llev\u00f3 a Cayetana, ya que un d\u00eda antes de su desaparici\u00f3n, la menor le coment\u00f3 que el hombre la ve\u00eda con morbo.<\/strong><\/p>\n\n\n\n<p><strong>La mam\u00e1 de la adolescente describi\u00f3 a su hija como una ni\u00f1a tranquila, alegre y callada, quien trabajaba con sus vecinos<\/strong>, un matrimonio con dos hijos dedicados a la venta de tacos de guisado, desde hac\u00eda solo tres d\u00edas. Su labor consist\u00eda en lavar trastes y recoger la basura que generada, trabajo por el que le pagaban 250 pesos diariamente.<\/p>\n\n\n\n<h2 class=\"wp-block-heading\">Detienen a Marcos \u201cC\u201d por desaparici\u00f3n de Fernanda Cayetana<\/h2>\n\n\n\n<p><strong>El 11 de noviembre fue aprehendido Marcos \u201cC\u00bb, presunto responsable de la desaparici\u00f3n de Fernanda Cayetana en San Crist\u00f3bal de las Casas, Chiapas,<\/strong>&nbsp;inform\u00f3 Ricardo Mej\u00eda, subsecretario de seguridad, detall\u00f3 que la detenci\u00f3n se llev\u00f3 a cabo por elementos de la Fiscal\u00eda de Quintana Roo en colaboraci\u00f3n con autoridades de Chiapas.<\/p>\n\n\n\n<figure class=\"wp-block-image\"><img decoding=\"async\" src=\"https:\/\/heraldodemexico.com.mx\/u\/fotografias\/m\/2023\/5\/17\/f768x1-729959_730086_124.png\" alt=\"\"\/><figcaption>El 11 de noviembre fue aprehendido Marcos \u201cC\u00bb, presunto responsable de la desaparici\u00f3n de Fernanda Cayetana Foto: Especial<\/figcaption><\/figure>\n\n\n\n<p>\u201cEl arresto se da tras cumplimentar una&nbsp;orden de aprehensi\u00f3n&nbsp;en su contra por el delito de desaparici\u00f3n de Fernanda Cayetana Canul Blanco, una menor de 12 a\u00f1os de la que se desconoce su paradero desde el 21 de julio de este a\u00f1o\u00bb, precis\u00f3 el subsecretario.<\/p>\n\n\n\n<p>Lamentablemente pese a la detenci\u00f3n del hombre por el que se ofrec\u00eda la recompensa de 1 mill\u00f3n de pesos se desconoce el paradero de la menor.<\/p>\n","protected":false},"excerpt":{"rendered":"<p>Por primera vez en Quintana Roo, la Fiscal\u00eda General del Estado (FGE) ofreci\u00f3 una recompensa de 1.5 millones de pesos por informaci\u00f3n que permita dar con el paradero de Fernanda Cayetana Canul Blanco, quien desapareci\u00f3 el 21 de julio en la colonia Nazareno en Canc\u00fan cuando sali\u00f3 de su casa para lavar los platos de [&hellip;]<\/p>\n","protected":false},"author":2,"featured_media":118161,"comment_status":"open","ping_status":"open","sticky":false,"template":"","format":"standard","meta":{"footnotes":""},"categories":[60],"tags":[],"class_list":["post-118160","post","type-post","status-publish","format-standard","has-post-thumbnail","hentry","category-estatales"],"_links":{"self":[{"href":"https:\/\/elcuartopoder.com.mx\/nw\/wp-json\/wp\/v2\/posts\/118160","targetHints":{"allow":["GET"]}}],"collection":[{"href":"https:\/\/elcuartopoder.com.mx\/nw\/wp-json\/wp\/v2\/posts"}],"about":[{"href":"https:\/\/elcuartopoder.com.mx\/nw\/wp-json\/wp\/v2\/types\/post"}],"author":[{"embeddable":true,"href":"https:\/\/elcuartopoder.com.mx\/nw\/wp-json\/wp\/v2\/users\/2"}],"replies":[{"embeddable":true,"href":"https:\/\/elcuartopoder.com.mx\/nw\/wp-json\/wp\/v2\/comments?post=118160"}],"version-history":[{"count":1,"href":"https:\/\/elcuartopoder.com.mx\/nw\/wp-json\/wp\/v2\/posts\/118160\/revisions"}],"predecessor-version":[{"id":118162,"href":"https:\/\/elcuartopoder.com.mx\/nw\/wp-json\/wp\/v2\/posts\/118160\/revisions\/118162"}],"wp:featuredmedia":[{"embeddable":true,"href":"https:\/\/elcuartopoder.com.mx\/nw\/wp-json\/wp\/v2\/media\/118161"}],"wp:attachment":[{"href":"https:\/\/elcuartopoder.com.mx\/nw\/wp-json\/wp\/v2\/media?parent=118160"}],"wp:term":[{"taxonomy":"category","embeddable":true,"href":"https:\/\/elcuartopoder.com.mx\/nw\/wp-json\/wp\/v2\/categories?post=118160"},{"taxonomy":"post_tag","embeddable":true,"href":"https:\/\/elcuartopoder.com.mx\/nw\/wp-json\/wp\/v2\/tags?post=118160"}],"curies":[{"name":"wp","href":"https:\/\/api.w.org\/{rel}","templated":true}]}}