{"id":118163,"date":"2023-05-19T10:10:49","date_gmt":"2023-05-19T15:10:49","guid":{"rendered":"http:\/\/elcuartopoder.com.mx\/nw\/?p=118163"},"modified":"2023-05-19T10:10:50","modified_gmt":"2023-05-19T15:10:50","slug":"4-de-junio-de-2023-el-fin-del-pri","status":"publish","type":"post","link":"https:\/\/elcuartopoder.com.mx\/nw\/politica\/4-de-junio-de-2023-el-fin-del-pri\/","title":{"rendered":"4 de junio de 2023: El fin del PRI"},"content":{"rendered":"\n<p>El pr\u00f3ximo 4 de junio ser\u00e1 un d\u00eda hist\u00f3rico. Ese d\u00eda terminar\u00e1 de manera real el pri\u00edsmo en M\u00e9xico, toda vez que perder\u00e1 sus \u00faltimas dos gubernaturas, hecho que colocar\u00e1 a este partido pol\u00edtico en el lugar que la historia le tiene destinado. El olvido.<\/p>\n\n\n\n<p>La derrota del PRI en el Estado de M\u00e9xico y Coahuila, significar\u00e1 la cumbre de un largo proceso socio-pol\u00edtico en que la sociedad mexicana ha luchado contra el enorme poder pol\u00edtico y econ\u00f3mico que los dirigentes del partido tricolor, acumularon para mantener en sus manos las administraciones municipales, gubernamentales y federal a trav\u00e9s de la fuerza que le daba el control econ\u00f3mico, militar y policiaco del pa\u00eds.<\/p>\n\n\n\n<p>Durante&nbsp;las primeras d\u00e9cadas de su gobierno el PRI&nbsp;nacionaliz\u00f3 la industria petrolera y dio tierras a los campesinos. A\u00f1os despu\u00e9s, el partido se desdijo, se inclin\u00f3 a la derecha introduciendo reformas liberales, suscribiendo ambiciosos tratados de libre comercio y privatizando gran parte de la econom\u00eda.<\/p>\n\n\n\n<p>El PRI se convirti\u00f3 en sin\u00f3nimo de la persecuci\u00f3n de opositores estudiantiles entre el 68 y el 71, los esc\u00e1ndalos de corrupci\u00f3n de la presidencia de Jos\u00e9 L\u00f3pez Portillo en la segunda mitad de los 70 e incluso, presuntos lazos con el narcotr\u00e1fico.<\/p>\n\n\n\n<p>Cuando fue al fin derrotado en el a\u00f1o 2000, el partido ya era ampliamente considerado en el pa\u00eds como corrupto y antidemocr\u00e1tico, tras las sucesivas acusaciones de manipular elecciones. Seis a\u00f1os despu\u00e9s registr\u00f3 el peor resultado de su historia, obteniendo el tercer lugar en los comicios presidenciales.<\/p>\n\n\n\n<p>Sin embargo, tras la decepci\u00f3n de algunos con&nbsp;los 12 a\u00f1os de gobierno del PAN, muchos vieron en el PRI un mal menor. \u201cConocemos al PRI\u201d. Pero la administraci\u00f3n de Pe\u00f1a Nieto signific\u00f3 represi\u00f3n (nunca olvidaremos a los 43 de Ayotzinapa) y una corrupci\u00f3n ofensiva que signific\u00f3 la segunda y definitiva derrota del pri\u00edsmo.<\/p>\n\n\n\n<p>Hoy el pueblo de M\u00e9xico decidi\u00f3 convertir al viejo PRI en un mal sue\u00f1o del cual s\u00f3lo queda una pobre minor\u00eda en el Senado (tomemos en cuenta que de sus 13 senadores 12 son senadores plurinominales, es decir, no ganaron sus elecciones respectivas) y en la c\u00e1mara de Diputados, s\u00f3lo tienen 69 diputados de 500.<\/p>\n\n\n\n<p>Es decir, el partido que otrora tuvo control absoluto en ambas c\u00e1maras hoy est\u00e1 totalmente derrotado, de la misma forma que quien tuvo todas las gubernaturas y actu\u00f3 con total impunidad y cinismo, hoy est\u00e1 a punto de desaparecer del mapa pol\u00edtico.<\/p>\n\n\n\n<p>Dice el refr\u00e1n \u201cno hay mal que dure cien a\u00f1os\u2026\u201d ni mexicano que los aguante. Estamos a un paso de colocar este 4 de junio en los libros de historia. Haremos que el pri\u00edsmo sea olvidado y con esto, ratificaremos el poder del pueblo, mismo que ha pintado el pa\u00eds de guinda para obligarnos a construir un pa\u00eds mejor a trav\u00e9s del proyecto de la Cuarta Transformaci\u00f3n.<\/p>\n\n\n\n<p>Es un hecho, ganaremos los gobiernos del Estado de M\u00e9xico y Coahuila y las fuerzas progresistas y de izquierda construiremos un mejor pa\u00eds sobre las ruinas de los proyectos de dispendios y privilegios que hundieron a millones de mexicanas y mexicanos en la pobreza para enriquecer a unos pocos que hoy son parte de los partidos pol\u00edticos de la derecha neoliberal que hoy son sin\u00f3nimo de derrota, enojo y frustraci\u00f3n.<\/p>\n\n\n\n<p>POR JOS\u00c9 NARRO C\u00c9SPEDES<\/p>\n","protected":false},"excerpt":{"rendered":"<p>El pr\u00f3ximo 4 de junio ser\u00e1 un d\u00eda hist\u00f3rico. Ese d\u00eda terminar\u00e1 de manera real el pri\u00edsmo en M\u00e9xico, toda vez que perder\u00e1 sus \u00faltimas dos gubernaturas, hecho que colocar\u00e1 a este partido pol\u00edtico en el lugar que la historia le tiene destinado. El olvido. La derrota del PRI en el Estado de M\u00e9xico y [&hellip;]<\/p>\n","protected":false},"author":2,"featured_media":118164,"comment_status":"open","ping_status":"open","sticky":false,"template":"","format":"standard","meta":{"footnotes":""},"categories":[61],"tags":[],"class_list":["post-118163","post","type-post","status-publish","format-standard","has-post-thumbnail","hentry","category-politica"],"_links":{"self":[{"href":"https:\/\/elcuartopoder.com.mx\/nw\/wp-json\/wp\/v2\/posts\/118163","targetHints":{"allow":["GET"]}}],"collection":[{"href":"https:\/\/elcuartopoder.com.mx\/nw\/wp-json\/wp\/v2\/posts"}],"about":[{"href":"https:\/\/elcuartopoder.com.mx\/nw\/wp-json\/wp\/v2\/types\/post"}],"author":[{"embeddable":true,"href":"https:\/\/elcuartopoder.com.mx\/nw\/wp-json\/wp\/v2\/users\/2"}],"replies":[{"embeddable":true,"href":"https:\/\/elcuartopoder.com.mx\/nw\/wp-json\/wp\/v2\/comments?post=118163"}],"version-history":[{"count":1,"href":"https:\/\/elcuartopoder.com.mx\/nw\/wp-json\/wp\/v2\/posts\/118163\/revisions"}],"predecessor-version":[{"id":118165,"href":"https:\/\/elcuartopoder.com.mx\/nw\/wp-json\/wp\/v2\/posts\/118163\/revisions\/118165"}],"wp:featuredmedia":[{"embeddable":true,"href":"https:\/\/elcuartopoder.com.mx\/nw\/wp-json\/wp\/v2\/media\/118164"}],"wp:attachment":[{"href":"https:\/\/elcuartopoder.com.mx\/nw\/wp-json\/wp\/v2\/media?parent=118163"}],"wp:term":[{"taxonomy":"category","embeddable":true,"href":"https:\/\/elcuartopoder.com.mx\/nw\/wp-json\/wp\/v2\/categories?post=118163"},{"taxonomy":"post_tag","embeddable":true,"href":"https:\/\/elcuartopoder.com.mx\/nw\/wp-json\/wp\/v2\/tags?post=118163"}],"curies":[{"name":"wp","href":"https:\/\/api.w.org\/{rel}","templated":true}]}}