{"id":118174,"date":"2023-05-20T11:49:01","date_gmt":"2023-05-20T16:49:01","guid":{"rendered":"http:\/\/elcuartopoder.com.mx\/nw\/?p=118174"},"modified":"2023-05-20T11:49:05","modified_gmt":"2023-05-20T16:49:05","slug":"oms-alerta-del-aumento-de-brotes-mortales-de-colera-en-24-paises","status":"publish","type":"post","link":"https:\/\/elcuartopoder.com.mx\/nw\/internacionales\/oms-alerta-del-aumento-de-brotes-mortales-de-colera-en-24-paises\/","title":{"rendered":"OMS alerta del aumento de brotes mortales de c\u00f3lera en 24 pa\u00edses"},"content":{"rendered":"\n<p>La Organizaci\u00f3n Mundial de la Salud (OMS) alert\u00f3 este viernes de un aumento alarmante de brotes de c\u00f3lera en el mundo -principalmente en el este y el sur de \u00c1frica- este a\u00f1o y de su elevada tasa de mortalidad.<\/p>\n\n\n\n<p>Desde enero y hasta mediados de mayo se observaron nuevos brotes de c\u00f3lera en 24 pa\u00edses, aunque m\u00e1s de 1.000 millones de personas en 43 pa\u00edses est\u00e1n en riesgo epid\u00e9mico, seg\u00fan el director de la OMS para la respuesta global al c\u00f3lera, Henry Gray.<\/p>\n\n\n\n<p>Los casos m\u00e1s graves actualmente son los de Mozambique y Malaui, donde el c\u00f3lera afect\u00f3 a 90.000 personas en los tres primeros meses de 2023, coincidiendo con graves inundaciones.<\/p>\n\n\n\n<p>En situaci\u00f3n de \u00abcrisis aguda\u00bb se encuentran Burundi, Camer\u00fan, la Rep\u00fablica Democr\u00e1tica del Congo, Etiop\u00eda, Kenia, Malaui, Mozambique, Somalia, Siria, Zambia y Zimbabue.<\/p>\n\n\n\n<p>\u00abNos debemos preparar para m\u00e1s y m\u00e1s caso\u00bb, alert\u00f3 el especialista.<\/p>\n\n\n\n<p>Los problemas de acceso a agua potable y a servicios de saneamiento b\u00e1sico son la causa central de las epidemias de c\u00f3lera, que se agravan en casos de conflicto por los grandes movimientos de personas que provocan.<\/p>\n\n\n\n<p>\u00abAqu\u00ed se trata de resolver cuestiones de acceso al agua, de higiene y de dignidad como seres humanos . La vacuna puede ayudar a detener la cadena de transmisi\u00f3n, como preventivo, pero la base de todo es garantizar el acceso al agua y al saneamiento r\u00e1pidamente\u00bb, dijo Gray.<\/p>\n\n\n\n<p>La OMS se\u00f1al\u00f3 que los recursos para enfrentar esta situaci\u00f3n son muy insuficientes, as\u00ed como la producci\u00f3n de vacunas, cuyas existencias apenas est\u00e1n permitiendo inmunizar parcialmente a las comunidades en mayor riesgo.<\/p>\n\n\n\n<p>De las 18 millones de dosis que son necesarias, s\u00f3lo hay 8 millones, raz\u00f3n por la cual se han tenido que interrumpir las campa\u00f1as de prevenci\u00f3n en lugares de alto riesgo, seg\u00fan los datos del organismo.<\/p>\n\n\n\n<p>Adem\u00e1s, la OMS se ha visto obligada a reducir de dos a una las dosis administradas con el objetivo de proteger -aunque sea por menos tiempo- a m\u00e1s personas entre aquellas que est\u00e1n en mayor riesgo de morir, como los ni\u00f1os.<\/p>\n\n\n\n<p>\u00abEl c\u00f3lera mata r\u00e1pido y por tanto necesitamos reaccionar r\u00e1pido para salvar vidas\u00bb, dijo a la prensa el jefe de la salud p\u00fablica y emergencias de UNICEF, J\u00e9r\u00f4me Pfaffmann Zambruni.<\/p>\n\n\n\n<p>Con ese fin, la OMS y UNICEF presentaron un plan conjunto anual de respuesta a la enfermedad que cubrir\u00e1 acciones en 40 pa\u00edses y para el que se requieren m\u00e1s de 600 millones de d\u00f3lares.<\/p>\n","protected":false},"excerpt":{"rendered":"<p>La Organizaci\u00f3n Mundial de la Salud (OMS) alert\u00f3 este viernes de un aumento alarmante de brotes de c\u00f3lera en el mundo -principalmente en el este y el sur de \u00c1frica- este a\u00f1o y de su elevada tasa de mortalidad. Desde enero y hasta mediados de mayo se observaron nuevos brotes de c\u00f3lera en 24 pa\u00edses, [&hellip;]<\/p>\n","protected":false},"author":2,"featured_media":118175,"comment_status":"open","ping_status":"open","sticky":false,"template":"","format":"standard","meta":{"footnotes":""},"categories":[8],"tags":[],"class_list":["post-118174","post","type-post","status-publish","format-standard","has-post-thumbnail","hentry","category-internacionales"],"_links":{"self":[{"href":"https:\/\/elcuartopoder.com.mx\/nw\/wp-json\/wp\/v2\/posts\/118174","targetHints":{"allow":["GET"]}}],"collection":[{"href":"https:\/\/elcuartopoder.com.mx\/nw\/wp-json\/wp\/v2\/posts"}],"about":[{"href":"https:\/\/elcuartopoder.com.mx\/nw\/wp-json\/wp\/v2\/types\/post"}],"author":[{"embeddable":true,"href":"https:\/\/elcuartopoder.com.mx\/nw\/wp-json\/wp\/v2\/users\/2"}],"replies":[{"embeddable":true,"href":"https:\/\/elcuartopoder.com.mx\/nw\/wp-json\/wp\/v2\/comments?post=118174"}],"version-history":[{"count":1,"href":"https:\/\/elcuartopoder.com.mx\/nw\/wp-json\/wp\/v2\/posts\/118174\/revisions"}],"predecessor-version":[{"id":118176,"href":"https:\/\/elcuartopoder.com.mx\/nw\/wp-json\/wp\/v2\/posts\/118174\/revisions\/118176"}],"wp:featuredmedia":[{"embeddable":true,"href":"https:\/\/elcuartopoder.com.mx\/nw\/wp-json\/wp\/v2\/media\/118175"}],"wp:attachment":[{"href":"https:\/\/elcuartopoder.com.mx\/nw\/wp-json\/wp\/v2\/media?parent=118174"}],"wp:term":[{"taxonomy":"category","embeddable":true,"href":"https:\/\/elcuartopoder.com.mx\/nw\/wp-json\/wp\/v2\/categories?post=118174"},{"taxonomy":"post_tag","embeddable":true,"href":"https:\/\/elcuartopoder.com.mx\/nw\/wp-json\/wp\/v2\/tags?post=118174"}],"curies":[{"name":"wp","href":"https:\/\/api.w.org\/{rel}","templated":true}]}}