{"id":118189,"date":"2023-05-20T18:50:35","date_gmt":"2023-05-20T23:50:35","guid":{"rendered":"http:\/\/elcuartopoder.com.mx\/nw\/?p=118189"},"modified":"2023-05-20T18:50:36","modified_gmt":"2023-05-20T23:50:36","slug":"harrison-ford-y-calista-flockhart-leccion-de-estilo-mas-alla-de-los-60-anos-en-la-alfombra-roja-del-festival-de-cannes","status":"publish","type":"post","link":"https:\/\/elcuartopoder.com.mx\/nw\/entretenimiento\/espectaculos\/harrison-ford-y-calista-flockhart-leccion-de-estilo-mas-alla-de-los-60-anos-en-la-alfombra-roja-del-festival-de-cannes\/","title":{"rendered":"Harrison Ford y Calista Flockhart, lecci\u00f3n de estilo m\u00e1s all\u00e1 de los 60 a\u00f1os en la alfombra roja del Festival de Cannes"},"content":{"rendered":"\n<p>El\u00a0<strong>Festival de Cannes<\/strong>\u00a0nos est\u00e1 dejando momentos de estilo fascinantes como el que protagonizaron\u00a0los chicos Almod\u00f3var. Si nos centramos en las parejas que han pasado por el certamen, la formada por\u00a0<strong>Harrison Ford<\/strong>, que ha recibido la\u00a0Palma de Oro honor\u00edfica, y\u00a0<strong>Calista Flockhart<\/strong>, ha sido, sin duda, la m\u00e1s elegante. Como si hubieran conjuntado sus &#8216;outfits&#8217; los actores deslumbraron en la\u00a0<strong>alfombra roja<\/strong>\u00a0apostando por el color m\u00e1s cl\u00e1sico en estos eventos, el negro. Demostrando, adem\u00e1s, que el estilo nada tiene que ver con la edad, que se puede\u00a0<strong>envejecer en la meca del cine<\/strong>\u00a0y seguir triunfando, tanto con sus trabajos de intepretaci\u00f3n, como con sus estilismos a la hora de acudir a los eventos tan habituales en la profesi\u00f3n.<\/p>\n\n\n\n<p>A sus&nbsp;<strong>80 a\u00f1os<\/strong>&nbsp;(el 13 de julio cumplir\u00e1 81), Harrison Ford derroch\u00f3 elegancia apostando por lo m\u00e1s sencillo: un&nbsp;<strong>esmoquin<\/strong>, el traje de noche masculino por excelencia, recomendado para fiestas nocturnas como la alfombra roja de Cannes. El actor de m\u00edticas pel\u00edculas como &#8216;Star Wars&#8217;, &#8216;Indiana Jones&#8217;, &#8216;Blade Runner&#8217; o &#8216;El Fugitivo&#8217;, entre otras muchas, luci\u00f3 un esmoquin cl\u00e1sico formado por chaqueta con bolsillo, por donde asomaba un pa\u00f1uelo blanco, pantal\u00f3n por encima del tac\u00f3n del zapato, camisa blanca y pajarita negra. Lo acompa\u00f1\u00f3 por unos&nbsp;<a href=\"https:\/\/www.abc.es\/summum\/estilo\/moda\/abci-zapatos-monktrap-y-como-llevan-elegancia-202302282316_noticia.html\" target=\"_blank\" rel=\"noreferrer noopener\">zapatos Oxford<\/a>&nbsp;tipo Balmoral de charol.<\/p>\n\n\n\n<figure class=\"wp-block-image\"><img decoding=\"async\" src=\"https:\/\/s1.abcstatics.com\/abc\/www\/multimedia\/summum\/2023\/05\/19\/harrison-ford-calista-cannes_20230519123116-U42258687082BUP-624x910@abc.jpg\" alt=\"Harrison Ford y Calista Flockhart, lecci\u00f3n de estilo m\u00e1s all\u00e1 de los 60.\"\/><figcaption>Harrison Ford y Calista Flockhart, lecci\u00f3n de estilo m\u00e1s all\u00e1 de los 60.&nbsp;GTRES<\/figcaption><\/figure>\n\n\n\n<p>A su lado brill\u00f3 la mujer con la que comparte su vida desde 2002, la tambi\u00e9n actriz Calista Flockhart. Conocida por ser la protagonista de la serie&nbsp;<strong>&#8216;Ally McBeal&#8217;,<\/strong>&nbsp;la int\u00e9rprete que tiene&nbsp;<strong>58 a\u00f1os<\/strong>, eligi\u00f3 un espectacular vestido negro de Zuhair Murad de la colecci\u00f3n Pre-Fall 2023. Se trata de un dise\u00f1o de tul, con elegantes detalles de terciopelo: como los tirantes en &#8216;V&#8217; y el cintur\u00f3n. Debajo, para evitar las transparencias que tanto triunfan \u00faltimamente en las alfombras rojas, se adivinaba un forro en color piel. La actriz acompa\u00f1\u00f3 su vestido con discretas&nbsp;<strong>joyas de Chopard<\/strong>, unos pendientes largos y un brazalete.<\/p>\n\n\n\n<p>Respecto al &#8216;look beauty&#8217;, Florckhart escogi\u00f3 un sencillo peinado pero rejuvenecedor: dej\u00f3 su\u00a0<strong>media melena suelta<\/strong>\u00a0con raya en el medio y unas ondas ligeras solo en las puntas. El maquillaje, natural y muy apropiado para pieles maduras, centr\u00f3 la atenci\u00f3n en los ojos, maquillados con sombras en tonos tierra. Lo acompa\u00f1\u00f3 de colorete rosado en las mejillas, un\u00a0<strong>truco antiedad infalible<\/strong>, y labios rosas con acabado gloss.<\/p>\n\n\n\n<p>Aunque no es una pareja que se prodigue en la alfombra roja, en Cannes han demostrado que lo m\u00e1s sencillo y cl\u00e1sico es tambi\u00e9n lo m\u00e1s elegante y que el edadismo no tiene raz\u00f3n de ser nunca, ni siquiera en la moda. Pero independientemente de sus &#8216;outfits&#8217; la simpat\u00eda y la complicidad de la que hicieron gala, jug\u00f3 un papel fundamental para conquistar a todos. Los\u00a0<strong>&#8216;seniors&#8217;<\/strong>\u00a0tienen mucho qu\u00e9 decir, incluso en las alfombras rojas.<\/p>\n\n\n\n<p>Fuente: ABC<\/p>\n","protected":false},"excerpt":{"rendered":"<p>El\u00a0Festival de Cannes\u00a0nos est\u00e1 dejando momentos de estilo fascinantes como el que protagonizaron\u00a0los chicos Almod\u00f3var. Si nos centramos en las parejas que han pasado por el certamen, la formada por\u00a0Harrison Ford, que ha recibido la\u00a0Palma de Oro honor\u00edfica, y\u00a0Calista Flockhart, ha sido, sin duda, la m\u00e1s elegante. Como si hubieran conjuntado sus &#8216;outfits&#8217; los actores [&hellip;]<\/p>\n","protected":false},"author":2,"featured_media":118190,"comment_status":"open","ping_status":"open","sticky":false,"template":"","format":"standard","meta":{"footnotes":""},"categories":[11],"tags":[],"class_list":["post-118189","post","type-post","status-publish","format-standard","has-post-thumbnail","hentry","category-espectaculos"],"_links":{"self":[{"href":"https:\/\/elcuartopoder.com.mx\/nw\/wp-json\/wp\/v2\/posts\/118189","targetHints":{"allow":["GET"]}}],"collection":[{"href":"https:\/\/elcuartopoder.com.mx\/nw\/wp-json\/wp\/v2\/posts"}],"about":[{"href":"https:\/\/elcuartopoder.com.mx\/nw\/wp-json\/wp\/v2\/types\/post"}],"author":[{"embeddable":true,"href":"https:\/\/elcuartopoder.com.mx\/nw\/wp-json\/wp\/v2\/users\/2"}],"replies":[{"embeddable":true,"href":"https:\/\/elcuartopoder.com.mx\/nw\/wp-json\/wp\/v2\/comments?post=118189"}],"version-history":[{"count":1,"href":"https:\/\/elcuartopoder.com.mx\/nw\/wp-json\/wp\/v2\/posts\/118189\/revisions"}],"predecessor-version":[{"id":118191,"href":"https:\/\/elcuartopoder.com.mx\/nw\/wp-json\/wp\/v2\/posts\/118189\/revisions\/118191"}],"wp:featuredmedia":[{"embeddable":true,"href":"https:\/\/elcuartopoder.com.mx\/nw\/wp-json\/wp\/v2\/media\/118190"}],"wp:attachment":[{"href":"https:\/\/elcuartopoder.com.mx\/nw\/wp-json\/wp\/v2\/media?parent=118189"}],"wp:term":[{"taxonomy":"category","embeddable":true,"href":"https:\/\/elcuartopoder.com.mx\/nw\/wp-json\/wp\/v2\/categories?post=118189"},{"taxonomy":"post_tag","embeddable":true,"href":"https:\/\/elcuartopoder.com.mx\/nw\/wp-json\/wp\/v2\/tags?post=118189"}],"curies":[{"name":"wp","href":"https:\/\/api.w.org\/{rel}","templated":true}]}}