{"id":122474,"date":"2023-10-02T10:40:37","date_gmt":"2023-10-02T15:40:37","guid":{"rendered":"http:\/\/elcuartopoder.com.mx\/nw\/?p=122474"},"modified":"2023-10-02T10:40:40","modified_gmt":"2023-10-02T15:40:40","slug":"no-eres-tu-es-la-contaminacion-detectan-compuestos-quimicos-que-hacen-subir-de-peso","status":"publish","type":"post","link":"https:\/\/elcuartopoder.com.mx\/nw\/opinion\/no-eres-tu-es-la-contaminacion-detectan-compuestos-quimicos-que-hacen-subir-de-peso\/","title":{"rendered":"No eres t\u00fa, es la contaminaci\u00f3n: detectan compuestos qu\u00edmicos que hacen subir de peso"},"content":{"rendered":"\n<p>Los alimentos procesados, las dietas poco saludables y la vida sedentaria, adem\u00e1s de factores gen\u00e9ticos, son tradicionalmente consideradas las causas del sobrepeso en la mayor\u00eda de las personas. Pero&nbsp;<strong>los cient\u00edficos han descubierto un nuevo factor: los obes\u00f3genos<\/strong>.<\/p>\n\n\n\n<p>De acuerdo con un estudio publicado por investigadores de Estados Unidos y Europa, estos compuestos qu\u00edmicos, presentes lo mismo en la ropa que en el aire de las ciudades contaminadas,&nbsp;<strong>podr\u00eda influir en el aumento de peso<\/strong>.<\/p>\n\n\n\n<figure class=\"wp-block-image\"><img decoding=\"async\" src=\"https:\/\/heraldodemexico.com.mx\/u\/fotografias\/m\/2023\/9\/29\/f768x1-812240_812367_0.jpeg\" alt=\"\"\/><figcaption>Los obes\u00f3genos est\u00e1n presentes en el ambiente de pr\u00e1cticamente todo el mundo. Foto: Pexels<\/figcaption><\/figure>\n\n\n\n<p>\u201cLos obes\u00f3genos son una subcategor\u00eda de qu\u00edmicos ambientales que act\u00faan como disruptores endocrinos que afectan puntos metab\u00f3licos. La hip\u00f3tesis obes\u00f3gena propone que estos y otros qu\u00edmicos pueden alterar el desarrollo y la funci\u00f3n del tejido adiposo, h\u00edgado, p\u00e1ncreas, tracto intestinal y el cerebro,&nbsp;<strong>cambiando los l\u00edmites metab\u00f3licos<\/strong>.<\/p>\n\n\n\n<p>\u201cLos obes\u00f3genos pueden determinar cu\u00e1nta comida se necesita para mantener la homeostasis y, de esa manera,&nbsp;<strong>incrementar la susceptibilidad a ser obeso<\/strong>\u201d, detalla el estudio.<\/p>\n\n\n\n<h2 class=\"wp-block-heading\">\u00bfQu\u00e9 son los obes\u00f3genos y d\u00f3nde est\u00e1n?<\/h2>\n\n\n\n<p>De acuerdo con un art\u00edculo publicado por Raquel Soler, investigadora de la Universidad de Valencia,&nbsp;<strong>existen m\u00e1s de 50 compuestos qu\u00edmicos identificados como obes\u00f3genos<\/strong>, los cuales pueden afectarnos al comerlos, beberlos, respirarlos e incluso solo con tocarlos.<\/p>\n\n\n\n<p>\u201c<strong>Forman parte de muchos productos que usamos diariamente<\/strong>&nbsp;(detergentes, alimentos, envases de pl\u00e1stico, ropa, cosm\u00e9ticos\u2026), lo que complica evadir sus efectos\u201d, escribe la especialista.<\/p>\n\n\n\n<figure class=\"wp-block-image\"><img decoding=\"async\" src=\"https:\/\/heraldodemexico.com.mx\/u\/fotografias\/m\/2023\/9\/29\/f768x1-812243_812370_5050.jpg\" alt=\"\"\/><figcaption>Algunos de estos compuestos est\u00e1n presentes en empaques y art\u00edculos cotidianos. Foto: Pexels<\/figcaption><\/figure>\n\n\n\n<p>La exposici\u00f3n a estos compuestos puede hacer que el organismo&nbsp;<strong>produzca c\u00e9lulas acumuladoras de grasa<\/strong>, llamadas adipocitos, m\u00e1s grandes y en mayor cantidad, lo cual es un determinante directo del aumento de peso.<\/p>\n\n\n\n<p>A trav\u00e9s de una reacci\u00f3n en cadena, ante una mayor cantidad de c\u00e9lulas grasas, tambi\u00e9n&nbsp;<strong>aumenta la probabilidad de padecer enfermedades degenerativas<\/strong>&nbsp;como la diabetes o de fallos en el h\u00edgado y el p\u00e1ncreas.<\/p>\n\n\n\n<h2 class=\"wp-block-heading\">Expuestos desde la cuna<\/h2>\n\n\n\n<p>Los investigadores descubrieron que el efecto de los obes\u00f3genos&nbsp;<strong>inicia incluso antes del nacimiento<\/strong>, mediante la exposici\u00f3n a estos compuestos mientras las madres se encuentran en el proceso de gestaci\u00f3n.<\/p>\n\n\n\n<p>\u201cEl tiempo m\u00e1s sensible para la acci\u00f3n de los obes\u00f3genos es durante el embarazo y en la infancia temprana, en parte v\u00eda programaci\u00f3n epigen\u00e9tica,<strong>&nbsp;la cual puede ser transmitida a futuras generaciones<\/strong>\u201d, explican.<\/p>\n\n\n\n<figure class=\"wp-block-image\"><img decoding=\"async\" src=\"https:\/\/heraldodemexico.com.mx\/u\/fotografias\/m\/2023\/9\/29\/f768x1-812241_812368_5050.jpeg\" alt=\"\"\/><figcaption>Los obes\u00f3genos pueden afectar al organismo incluso al contacto. Foto: Pexels<\/figcaption><\/figure>\n\n\n\n<p>Aunque la exposici\u00f3n a estos qu\u00edmicos&nbsp;<strong>puede ser una causa del sobrepeso<\/strong>, los investigadores afirman que no es la \u00fanica. De hecho, la obesidad es considerada una enfermedad causada por una suma de factores.<\/p>\n\n\n\n<p>\u201c<strong>La obesidad es una enfermedad multifactorial con componentes gen\u00e9ticos y ambientales<\/strong>. La perspectiva m\u00e1s difundida es que la obesidad resulta de un desbalance entre la energ\u00eda que se consume y la que se gasta, causada por una sobrealimentaci\u00f3n y ejercicio insuficiente\u201d, destacan.<\/p>\n\n\n\n<h2 class=\"wp-block-heading\">\u00bfC\u00f3mo protegerse de los obes\u00f3genos?<\/h2>\n\n\n\n<p>Tal y como lo se\u00f1ala la investigadora Raquel Soler,&nbsp;<strong>es dif\u00edcil evitar el contacto con estos compuestos<\/strong>&nbsp;que, de una u otra forma, son parte de la vida cotidiana moderna. Sin embargo, siempre hay maneras de reducir su efecto.<\/p>\n\n\n\n<figure class=\"wp-block-image\"><img decoding=\"async\" src=\"https:\/\/heraldodemexico.com.mx\/u\/fotografias\/m\/2023\/9\/29\/f768x1-812242_812369_5050.jpeg\" alt=\"\"\/><figcaption>Los componentes de algunos cosm\u00e9ticos son considerados obes\u00f3genos. Foto: Pexels<\/figcaption><\/figure>\n\n\n\n<p>No fumar,&nbsp;<strong>reducir el consumo de pl\u00e1sticos<\/strong>, preferir alimentos sin pesticidas o envasados y abstenerse del uso de ciertos cosm\u00e9ticos que contienen ftalatos, son algunas de las acciones que Soler sugiere para disminuir su impacto.<\/p>\n","protected":false},"excerpt":{"rendered":"<p>Los alimentos procesados, las dietas poco saludables y la vida sedentaria, adem\u00e1s de factores gen\u00e9ticos, son tradicionalmente consideradas las causas del sobrepeso en la mayor\u00eda de las personas. Pero&nbsp;los cient\u00edficos han descubierto un nuevo factor: los obes\u00f3genos. De acuerdo con un estudio publicado por investigadores de Estados Unidos y Europa, estos compuestos qu\u00edmicos, presentes lo [&hellip;]<\/p>\n","protected":false},"author":2,"featured_media":122475,"comment_status":"open","ping_status":"open","sticky":false,"template":"","format":"standard","meta":{"footnotes":""},"categories":[62],"tags":[],"class_list":["post-122474","post","type-post","status-publish","format-standard","has-post-thumbnail","hentry","category-opinion"],"_links":{"self":[{"href":"https:\/\/elcuartopoder.com.mx\/nw\/wp-json\/wp\/v2\/posts\/122474","targetHints":{"allow":["GET"]}}],"collection":[{"href":"https:\/\/elcuartopoder.com.mx\/nw\/wp-json\/wp\/v2\/posts"}],"about":[{"href":"https:\/\/elcuartopoder.com.mx\/nw\/wp-json\/wp\/v2\/types\/post"}],"author":[{"embeddable":true,"href":"https:\/\/elcuartopoder.com.mx\/nw\/wp-json\/wp\/v2\/users\/2"}],"replies":[{"embeddable":true,"href":"https:\/\/elcuartopoder.com.mx\/nw\/wp-json\/wp\/v2\/comments?post=122474"}],"version-history":[{"count":1,"href":"https:\/\/elcuartopoder.com.mx\/nw\/wp-json\/wp\/v2\/posts\/122474\/revisions"}],"predecessor-version":[{"id":122476,"href":"https:\/\/elcuartopoder.com.mx\/nw\/wp-json\/wp\/v2\/posts\/122474\/revisions\/122476"}],"wp:featuredmedia":[{"embeddable":true,"href":"https:\/\/elcuartopoder.com.mx\/nw\/wp-json\/wp\/v2\/media\/122475"}],"wp:attachment":[{"href":"https:\/\/elcuartopoder.com.mx\/nw\/wp-json\/wp\/v2\/media?parent=122474"}],"wp:term":[{"taxonomy":"category","embeddable":true,"href":"https:\/\/elcuartopoder.com.mx\/nw\/wp-json\/wp\/v2\/categories?post=122474"},{"taxonomy":"post_tag","embeddable":true,"href":"https:\/\/elcuartopoder.com.mx\/nw\/wp-json\/wp\/v2\/tags?post=122474"}],"curies":[{"name":"wp","href":"https:\/\/api.w.org\/{rel}","templated":true}]}}