{"id":122501,"date":"2023-10-03T13:34:47","date_gmt":"2023-10-03T18:34:47","guid":{"rendered":"http:\/\/elcuartopoder.com.mx\/nw\/?p=122501"},"modified":"2023-10-03T13:34:51","modified_gmt":"2023-10-03T18:34:51","slug":"cinco-cardenales-desafian-al-papa-y-le-piden-que-declare-publicamente-que-no-modificara-la-doctrina-sobre-los-homosexuales","status":"publish","type":"post","link":"https:\/\/elcuartopoder.com.mx\/nw\/destacadas\/cinco-cardenales-desafian-al-papa-y-le-piden-que-declare-publicamente-que-no-modificara-la-doctrina-sobre-los-homosexuales\/","title":{"rendered":"Cinco cardenales desaf\u00edan al Papa y le piden que declare p\u00fablicamente que no modificar\u00e1 la doctrina sobre los homosexuales"},"content":{"rendered":"\n<p>Cada vez que se celebra\u00a0un s\u00ednodo en el Vaticano, se agitan las aguas de la Iglesia y salen a flote las dos corrientes que se contienden las presiones al Papa. En v\u00edsperas de la asamblea que comienza este mi\u00e9rcoles, cinco cardenales han solicitado p\u00fablicamente al Papa que responda con un \u00abs\u00ed o no\u00bb a si habr\u00e1 cambios en la<strong>\u00a0doctrina sobre la homosexualidad<\/strong>, el sacerdocio femenino o la confesi\u00f3n. \u00abEl Papa ya les respondi\u00f3, y ahora publican nuevas preguntas como si el Papa fuera esclavo para los mandados\u00bb, lamenta el cardenal V\u00edctor Manuel Fern\u00e1ndez, prefecto vaticano para la Doctrina de la Fe.<\/p>\n\n\n\n<p>Los cinco purpurados, de corte conservador, cuestionaron por carta\u00a0al Papa\u00a0el pasado 10 de julio y consideraron insuficiente la respuesta que el Pont\u00edfice les envi\u00f3 un d\u00eda m\u00e1s tarde. A finales de agosto le enviaron de vuelta esas mismas cuestiones reformuladas y, al no haber recibido respuesta,<strong>\u00a0las han hecho p\u00fablicas<\/strong>\u00a0en forma de \u00abNotificaci\u00f3n a los fieles laicos\u00bb, a trav\u00e9s de publicaciones de Internet cr\u00edticas con el pont\u00edfice.<\/p>\n\n\n\n<p>Aunque s\u00f3lo 5 de los 242 cardenales firman la \u00abnotificaci\u00f3n\u00bb, han conseguido levantar un\u00a0<strong>enorme revuelo<\/strong>. De ellos, dos son electores y tres em\u00e9ritos. Se trata del alem\u00e1n Walter Brandm\u00fcller (94 a\u00f1os), el estadounidense Raymond Leo Burke (75), el mexicano Juan Sandoval \u00cd\u00f1iguez (90), Robert Sarah (78), de Guinea Conakry, y Joseph Zen Ze-kiun (91), de Hong Kong. Varios de ellos participaron en el consistorio del pasado s\u00e1bado en el que el Papa Francisco impuso la birreta cardenalicia a nuevos cardenales.<\/p>\n\n\n\n<p>Los cinco cardenales han dado a conocer la carta que enviaron al Papa con fecha de 21 agosto en la que explican con tono sorprendente que \u00absus respuestas<strong>\u00a0no han resuelto las dudas<\/strong>\u00a0que hab\u00edamos planteado, sino que las han profundizado. Por ello, nos sentimos obligados a volver a proponer, reformul\u00e1ndolas, estas preguntas a Vuestra Santidad (\u2026) para que puedan ser respondidas con un simple &#8216;s\u00ed&#8217; o &#8216;no&#8217;\u00bb.<\/p>\n\n\n\n<p>A continuaci\u00f3n, detallan las cinco preguntas sobre diferentes cuestiones de doctrina y moral. La primera es si \u00abes posible que la Iglesia ense\u00f1e hoy doctrinas contrarias a las que ha ense\u00f1ado anteriormente en materia de fe y de moral\u00bb; la segunda se refiere a la bendici\u00f3n de&nbsp;<a href=\"https:\/\/www.abc.es\/sociedad\/papa-aclara-actos-homosexuales-pecado-acto-sexual-20230128195007-nt.html\">parejas del mismo sexo<\/a>, que solicitan algunos obispos de Alemania, y que el Vaticano ya rechaz\u00f3 en un reciente documento.<\/p>\n\n\n\n<p>\u00abNos preocupa que la bendici\u00f3n de parejas del mismo sexo pueda<strong>&nbsp;crear confusi\u00f3n<\/strong>&nbsp;no s\u00f3lo en el sentido de que pueda hacerlas parecer an\u00e1logas al matrimonio, sino tambi\u00e9n en el sentido de que los actos homosexuales se presentar\u00edan pr\u00e1cticamente como un bien, o al menos como el posible bien que Dios pide a las personas en su camino hacia \u00c9l\u00bb, escriben.<\/p>\n\n\n\n<h3 class=\"wp-block-heading\">Bendici\u00f3n de parejas homosexuales<\/h3>\n\n\n\n<p>Tras esa introducci\u00f3n formulan dos \u00abdudas\u00bb o \u00abdubia\u00bb: \u00ab\u00bfEs posible que en algunas circunstancias un pastor pueda bendecir&nbsp;<a href=\"https:\/\/www.abc.es\/sociedad\/papa-aclara-actos-homosexuales-pecado-acto-sexual-20230128195007-nt.html\">uniones entre personas homosexuales<\/a>, sugiriendo as\u00ed que el comportamiento homosexual como tal no ser\u00eda contrario a la ley de Dios y al camino de la persona hacia Dios? \u00bfSigue siendo v\u00e1lida la ense\u00f1anza sostenida por el magisterio ordinario universal, seg\u00fan la cual todo acto sexual fuera del matrimonio, y en particular los actos homosexuales, constituyen un pecado objetivamente grave contra la ley de Dios, independientemente de las circunstancias en las que tenga lugar y de la intenci\u00f3n con la que se realice?\u00bb<\/p>\n\n\n\n<p>Tambi\u00e9n le piden que aclare si \u00abla Iglesia podr\u00eda en el futuro tener la facultad de&nbsp;<strong>conferir la ordenaci\u00f3n sacerdotal a las mujeres<\/strong>, contradiciendo as\u00ed que la reserva exclusiva de este sacramento a los varones bautizados pertenece a la sustancia misma del sacramento del Orden, que la Iglesia no puede cambiar\u00bb.<\/p>\n\n\n\n<h3 class=\"wp-block-heading\">Poder deliberativo<\/h3>\n\n\n\n<p>Las otras dos cuestiones son si \u00abpuede recibir v\u00e1lidamente la absoluci\u00f3n sacramental un penitente que, aun admitiendo un pecado, se niega a manifestar, de cualquier modo, la intenci\u00f3n de no volver a cometerlo\u00bb; y si el s\u00ednodo es meramente consultivo o si tiene poder deliberativo.<\/p>\n\n\n\n<p>En la \u00abnotificaci\u00f3n a los fieles laicos\u00bb explican por qu\u00e9 han hecho p\u00fablico este texto, que constituye&nbsp;<strong>un desaf\u00edo y un gesto de desconfianza<\/strong>&nbsp;hacia el Papa. \u00abDada la gravedad del asunto juzgamos nuestro deber informaros a vosotros de manera que no qued\u00e9is sujetos a confusi\u00f3n, error y desaliento, sino que rec\u00e9is por la Iglesia universal y, en particular, por el Romano Pont\u00edfice, para que el Evangelio sea ense\u00f1ado cada vez m\u00e1s claramente y seguido cada vez m\u00e1s fielmente\u00bb, explican en una nota fechada el 2 de octubre.<\/p>\n\n\n\n<p>Ya en 2016, dos de los cardenales firmantes, Raymond Burke y Walter Brandmuller, plantearon p\u00fablicamente cinco preguntas al Papa sobre&nbsp;<strong>cuestiones controvertidas<\/strong>&nbsp;de su documento sobre la familia \u00abAmoris Laetitia\u00bb. Los otros dos firmantes de entonces, el italiano Carlo Caffarra y el alem\u00e1n Joachim Meisner, fallecieron en 2017. En aquella ocasi\u00f3n solicitaron que aclarara si su decisi\u00f3n de que algunas personas divorciadas vueltas a casar, bajo ciertas condiciones, pudieran recibir la comuni\u00f3n, significaba que el matrimonio no es \u00abindisoluble\u00bb. No hubo una respuesta formal de Francisco y el portavoz del Vaticano asegur\u00f3 que el Papa hab\u00eda dicho que \u00abla respuesta estaba en el documento\u00bb.<\/p>\n\n\n\n<h3 class=\"wp-block-heading\">\u00abHablan como si el Papa fuera esclavo para sus mandados\u00bb<\/h3>\n\n\n\n<p>\u00abEl Papa ya ha respondido los &#8216;dubia&#8217; de estos cardenales\u00bb, subraya a ABC el cardenal V\u00edctor Manuel Fern\u00e1ndez, prefecto del dicasterio para la Doctrina de la Fe. \u00abEllos no han publicado la respuesta del Santo Padre, que a pesar de sus muchas ocupaciones\u00a0<strong>se tom\u00f3 el trabajo de responderles<\/strong>. En lugar de publicar esas respuestas, ahora hacen p\u00fablicas nuevas preguntas, como si el Papa fuera su esclavo para los mandados\u00bb, lamenta.<\/p>\n\n\n\n<p>Quiz\u00e1, consciente de que el texto estaba a punto de ser publicado, el Papa dijo este s\u00e1bado que \u00abla verdad no necesita gritos violentos para llegar al coraz\u00f3n de los hombres. A Dios no le gustan las proclamas y los alborotos, las habladur\u00edas y la confusi\u00f3n\u00bb. \u00abRecemos para que el s\u00ednodo sea un tiempo de fraternidad, lugar donde el Esp\u00edritu Santo purifique a la Iglesia de las murmuraciones, las ideolog\u00edas y las polarizaciones\u00bb, pidi\u00f3 entonces.<\/p>\n\n\n\n<p>Fuente: ABC<\/p>\n","protected":false},"excerpt":{"rendered":"<p>Cada vez que se celebra\u00a0un s\u00ednodo en el Vaticano, se agitan las aguas de la Iglesia y salen a flote las dos corrientes que se contienden las presiones al Papa. En v\u00edsperas de la asamblea que comienza este mi\u00e9rcoles, cinco cardenales han solicitado p\u00fablicamente al Papa que responda con un \u00abs\u00ed o no\u00bb a si [&hellip;]<\/p>\n","protected":false},"author":2,"featured_media":122502,"comment_status":"open","ping_status":"open","sticky":false,"template":"","format":"standard","meta":{"footnotes":""},"categories":[59],"tags":[],"class_list":["post-122501","post","type-post","status-publish","format-standard","has-post-thumbnail","hentry","category-destacadas"],"_links":{"self":[{"href":"https:\/\/elcuartopoder.com.mx\/nw\/wp-json\/wp\/v2\/posts\/122501","targetHints":{"allow":["GET"]}}],"collection":[{"href":"https:\/\/elcuartopoder.com.mx\/nw\/wp-json\/wp\/v2\/posts"}],"about":[{"href":"https:\/\/elcuartopoder.com.mx\/nw\/wp-json\/wp\/v2\/types\/post"}],"author":[{"embeddable":true,"href":"https:\/\/elcuartopoder.com.mx\/nw\/wp-json\/wp\/v2\/users\/2"}],"replies":[{"embeddable":true,"href":"https:\/\/elcuartopoder.com.mx\/nw\/wp-json\/wp\/v2\/comments?post=122501"}],"version-history":[{"count":1,"href":"https:\/\/elcuartopoder.com.mx\/nw\/wp-json\/wp\/v2\/posts\/122501\/revisions"}],"predecessor-version":[{"id":122503,"href":"https:\/\/elcuartopoder.com.mx\/nw\/wp-json\/wp\/v2\/posts\/122501\/revisions\/122503"}],"wp:featuredmedia":[{"embeddable":true,"href":"https:\/\/elcuartopoder.com.mx\/nw\/wp-json\/wp\/v2\/media\/122502"}],"wp:attachment":[{"href":"https:\/\/elcuartopoder.com.mx\/nw\/wp-json\/wp\/v2\/media?parent=122501"}],"wp:term":[{"taxonomy":"category","embeddable":true,"href":"https:\/\/elcuartopoder.com.mx\/nw\/wp-json\/wp\/v2\/categories?post=122501"},{"taxonomy":"post_tag","embeddable":true,"href":"https:\/\/elcuartopoder.com.mx\/nw\/wp-json\/wp\/v2\/tags?post=122501"}],"curies":[{"name":"wp","href":"https:\/\/api.w.org\/{rel}","templated":true}]}}