{"id":122513,"date":"2023-10-03T13:45:13","date_gmt":"2023-10-03T18:45:13","guid":{"rendered":"http:\/\/elcuartopoder.com.mx\/nw\/?p=122513"},"modified":"2023-10-03T13:45:15","modified_gmt":"2023-10-03T18:45:15","slug":"conservadores-vs-progres","status":"publish","type":"post","link":"https:\/\/elcuartopoder.com.mx\/nw\/qtp\/conservadores-vs-progres\/","title":{"rendered":"Conservadores vs progres"},"content":{"rendered":"\n<p><strong>Cinco cardenales<\/strong>&nbsp;conservadores de&nbsp;<strong>Europa<\/strong>,&nbsp;<strong>Asia<\/strong>,&nbsp;<strong>\u00c1frica<\/strong>&nbsp;y&nbsp;<strong>Am\u00e9rica<\/strong>&nbsp;han desafiado al&nbsp;<strong>Papa Francisco<\/strong>&nbsp;a ratificar las ense\u00f1anzas&nbsp;<strong>cat\u00f3licas<\/strong>&nbsp;sobre la&nbsp;<strong>homosexualidad<\/strong>&nbsp;y la ordenaci\u00f3n de&nbsp;<strong>mujeres<\/strong>&nbsp;antes de una importante reuni\u00f3n en el&nbsp;<strong>Vaticano<\/strong>&nbsp;en la que se debatir\u00e1n esos<strong>&nbsp;temas controversiales<\/strong>.<\/p>\n\n\n\n<p>Los cardenales publicaron el lunes cinco preguntas que hab\u00edan enviado a Francisco, conocidas como \u201cdubia\u201d, as\u00ed como una carta abierta a los fieles cat\u00f3licos en la que expon\u00edan sus preocupaciones.<\/p>\n\n\n\n<p>Los cardenales dijeron que se sent\u00edan obligados a informar a los fieles \u201cpara que ustedes no sean objeto de confusi\u00f3n, error y desaliento\u201d.<\/p>\n\n\n\n<figure class=\"wp-block-image\" id=\"attachment_4416384\"><img decoding=\"async\" src=\"https:\/\/i0.wp.com\/www.sinembargo.mx\/wp-content\/uploads\/2023\/10\/ap23275240702914-scaled.jpg?resize=700%2C475&amp;quality=80&amp;strip=all&amp;ssl=1\" alt=\"\" class=\"wp-image-4416384\"\/><figcaption>El cardenal Raymond Leo Burke, a la izquierda, habla con el cardenal Robert Sarah. Foto: Andrew Medichini, AP.<\/figcaption><\/figure>\n\n\n\n<p>La carta y las preguntas fueron recogidas primero en los blogs del veterano periodista del Vaticano Sandro Magister y&nbsp;<em>Messa in Latino<\/em>, dos d\u00edas antes de que comenzara el gran s\u00ednodo, o cumbre, que se celebrar\u00e1 durante tres semanas en el Vaticano. M\u00e1s de 450 obispos y legos se congregar\u00e1n a puerta cerrada para abordar el futuro de la iglesia cat\u00f3lica tras dos a\u00f1os de consultas con los feligreses en todo el planeta.<\/p>\n\n\n\n<p>Entre los temas a tratar est\u00e1n las peticiones de medidas concretas para colocar mujeres en puestos con capacidad de decisi\u00f3n de la iglesia, como di\u00e1cono, y que los fieles corrientes tengan m\u00e1s poder sobre la gobernanza de la iglesia. Tambi\u00e9n se pide una \u201cinclusi\u00f3n radical\u201d de cat\u00f3licos LGBTQ+ y otras personas que han sido marginadas por la instituci\u00f3n, as\u00ed como nuevas medidas de control sobre c\u00f3mo ejercen los obispos su autoridad para impedir abusos.<\/p>\n\n\n\n<p>El s\u00ednodo y sus propuestas de incrementar la implicaci\u00f3n de los legos han entusiasmado a los progresistas y soliviantado a los conservadores, que advierten de que cualquier cambio podr\u00eda provocar un cisma. Los cardenales firmantes de la carta est\u00e1n entre los que han hecho esas advertencias, y sus preguntas al Papa le ped\u00edan que ratificara la doctrina cat\u00f3lica para que el s\u00ednodo no trastoque las ense\u00f1anzas tradicionales de la iglesia.<\/p>\n\n\n\n<p>En particular pidieron a Francisco que recalcara que la iglesia no puede bendecir a parejas del mismo sexo y que cualquier acto sexual fuera del matrimonio entre un hombre y una mujer es un grave pecado. El Vaticano mantiene que los homosexuales deben ser tratados con dignidad y respeto, pero que los actos homosexuales son \u201cdesordenados de forma intr\u00ednseca\u201d.<\/p>\n\n\n\n<p>Los cardenales le preguntaron si el s\u00ednodo pod\u00eda reemplazar al Papa y los obispos como autoridad suprema en la iglesia, una cuesti\u00f3n que preocupa a algunos jerarcas que se sienten amenazado por la petici\u00f3n del s\u00ednodo de dar m\u00e1s poder a los legos. Y le pidieron que afirmara o negara si en el futuro, la iglesia podr\u00eda ordenar a mujeres. La doctrina de la iglesia es que s\u00f3lo los hombres pueden ser ordenados como sacerdotes.<\/p>\n\n\n\n<p>La carta y las preguntas son un nuevo desaf\u00edo de la c\u00fapula eclesi\u00e1stica al pontificado de Francisco y sus esfuerzos de reforma. Los firmantes son algunos de los mayores cr\u00edticos del Papa, todos ellos retirados y miembros de la generaci\u00f3n m\u00e1s doctrinaria de cardenales nombrados por san Juan Pablo II o el Papa Benedicto XVI.<\/p>\n\n\n\n<p>Eran los cardenales Walter Brandmueller, de Alemania, exhistoriador del Vaticano; Raymond Burke, de Estados Unidos, al que Francisco destituy\u00f3 como responsable de la corte suprema del Vaticano; Juan Sandoval \u00cd\u00f1iguez, de M\u00e9xico, arzobispo retirado de Guadalajara; Robert Sarah, de Guinea-Conakri, exjefe de la oficina de liturgia del Vaticano; y Joseph Zen, arzobispo retirado de Hong Kong.<\/p>\n\n\n\n<p>Brandmueller y Burke estaban entre los cuatro firmantes de una ronda anterior de \u201cdubia\u201d enviada a Francisco en 2016 tras su controversial iniciativa de permitir que las personas divorciadas y casadas en segundas nupcias en ceremonias civiles recibieran la comuni\u00f3n. Los cardenales expresaron su preocupaci\u00f3n entonces porque la posici\u00f3n de Francisco infring\u00eda las ense\u00f1anzas de la iglesia sobre la indisolubilidad del matrimonio. Francisco nunca respondi\u00f3 a sus preguntas, y dos de los cofirmantes han muerto desde entonces.<\/p>\n\n\n\n<p>Francisco parec\u00eda haber respondido a la nueva ronda de preguntas en abril. Los cardenales no publicaron su respuesta, pero al parecer la encontraron tan poco satisfactoria que reformularon sus cinco preguntas, volvieron a enviarlas y le pidieron que respondiera simplemente s\u00ed o no.<\/p>\n\n\n\n<figure class=\"wp-block-image\" id=\"attachment_4413413\"><img decoding=\"async\" src=\"https:\/\/i0.wp.com\/www.sinembargo.mx\/wp-content\/uploads\/2023\/09\/el-papa-francisco-asiste-a-la-audiencia-semanal-en-la-basilica-de-san-pedro.jpg?resize=701%2C370&amp;quality=80&amp;strip=all&amp;ssl=1\" alt=\"El Papa Francisco asiste a la audiencia semanal en la Bas\u00edlica de San Pedro, en el Vaticano, el mi\u00e9rcoles 13 de septiembre de 2023.\" class=\"wp-image-4413413\"\/><figcaption>El Papa Francisco asiste a la audiencia semanal en la Bas\u00edlica de San Pedro, en el Vaticano, el mi\u00e9rcoles 13 de septiembre de 2023. Foto: Gregorio Borgia, Archivo, AP<\/figcaption><\/figure>\n\n\n\n<p>No lo hizo, lo que llev\u00f3 a los cardenales a publicar los textos y emitir una \u201cnotificaci\u00f3n\u201d de advertencia a los fieles.<\/p>\n\n\n\n<p>Fuente: sinembargo<\/p>\n","protected":false},"excerpt":{"rendered":"<p>Cinco cardenales&nbsp;conservadores de&nbsp;Europa,&nbsp;Asia,&nbsp;\u00c1frica&nbsp;y&nbsp;Am\u00e9rica&nbsp;han desafiado al&nbsp;Papa Francisco&nbsp;a ratificar las ense\u00f1anzas&nbsp;cat\u00f3licas&nbsp;sobre la&nbsp;homosexualidad&nbsp;y la ordenaci\u00f3n de&nbsp;mujeres&nbsp;antes de una importante reuni\u00f3n en el&nbsp;Vaticano&nbsp;en la que se debatir\u00e1n esos&nbsp;temas controversiales. Los cardenales publicaron el lunes cinco preguntas que hab\u00edan enviado a Francisco, conocidas como \u201cdubia\u201d, as\u00ed como una carta abierta a los fieles cat\u00f3licos en la que expon\u00edan sus preocupaciones. [&hellip;]<\/p>\n","protected":false},"author":2,"featured_media":122514,"comment_status":"open","ping_status":"open","sticky":false,"template":"","format":"standard","meta":{"footnotes":""},"categories":[58],"tags":[],"class_list":["post-122513","post","type-post","status-publish","format-standard","has-post-thumbnail","hentry","category-qtp"],"_links":{"self":[{"href":"https:\/\/elcuartopoder.com.mx\/nw\/wp-json\/wp\/v2\/posts\/122513","targetHints":{"allow":["GET"]}}],"collection":[{"href":"https:\/\/elcuartopoder.com.mx\/nw\/wp-json\/wp\/v2\/posts"}],"about":[{"href":"https:\/\/elcuartopoder.com.mx\/nw\/wp-json\/wp\/v2\/types\/post"}],"author":[{"embeddable":true,"href":"https:\/\/elcuartopoder.com.mx\/nw\/wp-json\/wp\/v2\/users\/2"}],"replies":[{"embeddable":true,"href":"https:\/\/elcuartopoder.com.mx\/nw\/wp-json\/wp\/v2\/comments?post=122513"}],"version-history":[{"count":1,"href":"https:\/\/elcuartopoder.com.mx\/nw\/wp-json\/wp\/v2\/posts\/122513\/revisions"}],"predecessor-version":[{"id":122515,"href":"https:\/\/elcuartopoder.com.mx\/nw\/wp-json\/wp\/v2\/posts\/122513\/revisions\/122515"}],"wp:featuredmedia":[{"embeddable":true,"href":"https:\/\/elcuartopoder.com.mx\/nw\/wp-json\/wp\/v2\/media\/122514"}],"wp:attachment":[{"href":"https:\/\/elcuartopoder.com.mx\/nw\/wp-json\/wp\/v2\/media?parent=122513"}],"wp:term":[{"taxonomy":"category","embeddable":true,"href":"https:\/\/elcuartopoder.com.mx\/nw\/wp-json\/wp\/v2\/categories?post=122513"},{"taxonomy":"post_tag","embeddable":true,"href":"https:\/\/elcuartopoder.com.mx\/nw\/wp-json\/wp\/v2\/tags?post=122513"}],"curies":[{"name":"wp","href":"https:\/\/api.w.org\/{rel}","templated":true}]}}