{"id":129071,"date":"2024-05-22T11:31:50","date_gmt":"2024-05-22T16:31:50","guid":{"rendered":"http:\/\/elcuartopoder.com.mx\/nw\/?p=129071"},"modified":"2024-05-22T11:31:52","modified_gmt":"2024-05-22T16:31:52","slug":"asma-la-esposa-del-presidente-sirio-bashar-al-asad-padece-leucemia","status":"publish","type":"post","link":"https:\/\/elcuartopoder.com.mx\/nw\/internacionales\/asma-la-esposa-del-presidente-sirio-bashar-al-asad-padece-leucemia\/","title":{"rendered":"Asma, la esposa del presidente sirio Bashar al Asad, padece leucemia"},"content":{"rendered":"\n<p>Asma al Asad, esposa del presidente\u00a0sirio, que declar\u00f3 en 2019 que super\u00f3 un c\u00e1ncer de mama,\u00a0<strong>padece una leucemia<\/strong>, seg\u00fan ha informado este martes el gobierno.<\/p>\n\n\n\n<p>\u00abLa primera dama, Asma al Asad, fue diagnosticada con<strong>&nbsp;leucemia mieloide aguda<\/strong>\u00bb, ha indicado la presidencia siria en un comunicado en el que asegura que la esposa del mandatario Bashar al Asad, de 48 a\u00f1os, se someter\u00e1 a un tratamiento.<\/p>\n\n\n\n<p>En agosto de 2019, Asma asegur\u00f3 que se hab\u00eda recuperado completamente del c\u00e1ncer de mama que, seg\u00fan confirm\u00f3, se hab\u00eda descubierto temprano.<\/p>\n\n\n\n<p>Asma al Asad, esposa del presidente\u00a0sirio, que declar\u00f3 en 2019 que super\u00f3 un c\u00e1ncer de mama,\u00a0<strong>padece una leucemia<\/strong>, seg\u00fan ha informado este martes el gobierno.<\/p>\n\n\n\n<p>\u00abLa primera dama, Asma al Asad, fue diagnosticada con<strong>&nbsp;leucemia mieloide aguda<\/strong>\u00bb, ha indicado la presidencia siria en un comunicado en el que asegura que la esposa del mandatario Bashar al Asad, de 48 a\u00f1os, se someter\u00e1 a un tratamiento.<\/p>\n\n\n\n<p>En agosto de 2019, Asma asegur\u00f3 que se hab\u00eda recuperado completamente del c\u00e1ncer de mama que, seg\u00fan confirm\u00f3, se hab\u00eda descubierto temprano.<\/p>\n\n\n\n<h3 class=\"wp-block-heading\">Creciente papel en los asuntos p\u00fablicos<\/h3>\n\n\n\n<p>Asma dirige el Syria Trust for Development, una gran ONG que act\u00faa como organizaci\u00f3n coordinadora de muchas de las operaciones de ayuda y desarrollo en Siria.<\/p>\n\n\n\n<p>El a\u00f1o pasado, acompa\u00f1\u00f3 a su marido, el presidente Bashar al-Assad, en una visita a los Emiratos \u00c1rabes Unidos, su primer viaje oficial al extranjero con \u00e9l desde 2011. Conoci\u00f3 a Fatima bint Mubarak, la madre del presidente emirat\u00ed, durante un viaje visto como se\u00f1al p\u00fablica de su creciente papel en los asuntos p\u00fablicos.<\/p>\n\n\n\n<p>Fuente: ABC<\/p>\n","protected":false},"excerpt":{"rendered":"<p>Asma al Asad, esposa del presidente\u00a0sirio, que declar\u00f3 en 2019 que super\u00f3 un c\u00e1ncer de mama,\u00a0padece una leucemia, seg\u00fan ha informado este martes el gobierno. \u00abLa primera dama, Asma al Asad, fue diagnosticada con&nbsp;leucemia mieloide aguda\u00bb, ha indicado la presidencia siria en un comunicado en el que asegura que la esposa del mandatario Bashar al [&hellip;]<\/p>\n","protected":false},"author":2,"featured_media":129072,"comment_status":"open","ping_status":"open","sticky":false,"template":"","format":"standard","meta":{"footnotes":""},"categories":[8],"tags":[],"class_list":["post-129071","post","type-post","status-publish","format-standard","has-post-thumbnail","hentry","category-internacionales"],"_links":{"self":[{"href":"https:\/\/elcuartopoder.com.mx\/nw\/wp-json\/wp\/v2\/posts\/129071","targetHints":{"allow":["GET"]}}],"collection":[{"href":"https:\/\/elcuartopoder.com.mx\/nw\/wp-json\/wp\/v2\/posts"}],"about":[{"href":"https:\/\/elcuartopoder.com.mx\/nw\/wp-json\/wp\/v2\/types\/post"}],"author":[{"embeddable":true,"href":"https:\/\/elcuartopoder.com.mx\/nw\/wp-json\/wp\/v2\/users\/2"}],"replies":[{"embeddable":true,"href":"https:\/\/elcuartopoder.com.mx\/nw\/wp-json\/wp\/v2\/comments?post=129071"}],"version-history":[{"count":1,"href":"https:\/\/elcuartopoder.com.mx\/nw\/wp-json\/wp\/v2\/posts\/129071\/revisions"}],"predecessor-version":[{"id":129073,"href":"https:\/\/elcuartopoder.com.mx\/nw\/wp-json\/wp\/v2\/posts\/129071\/revisions\/129073"}],"wp:featuredmedia":[{"embeddable":true,"href":"https:\/\/elcuartopoder.com.mx\/nw\/wp-json\/wp\/v2\/media\/129072"}],"wp:attachment":[{"href":"https:\/\/elcuartopoder.com.mx\/nw\/wp-json\/wp\/v2\/media?parent=129071"}],"wp:term":[{"taxonomy":"category","embeddable":true,"href":"https:\/\/elcuartopoder.com.mx\/nw\/wp-json\/wp\/v2\/categories?post=129071"},{"taxonomy":"post_tag","embeddable":true,"href":"https:\/\/elcuartopoder.com.mx\/nw\/wp-json\/wp\/v2\/tags?post=129071"}],"curies":[{"name":"wp","href":"https:\/\/api.w.org\/{rel}","templated":true}]}}