{"id":129074,"date":"2024-05-22T11:37:00","date_gmt":"2024-05-22T16:37:00","guid":{"rendered":"http:\/\/elcuartopoder.com.mx\/nw\/?p=129074"},"modified":"2024-05-22T11:37:04","modified_gmt":"2024-05-22T16:37:04","slug":"injusticia-historica-el-emperador-hispano-al-que-el-imperio-romano-quiso-borrar-de-la-historia","status":"publish","type":"post","link":"https:\/\/elcuartopoder.com.mx\/nw\/varios\/injusticia-historica-el-emperador-hispano-al-que-el-imperio-romano-quiso-borrar-de-la-historia\/","title":{"rendered":"Injusticia hist\u00f3rica: el emperador hispano al que el Imperio romano quiso borrar de la historia"},"content":{"rendered":"\n<p>Se llamaba\u00a0Publio Elio Adriano, se asume que naci\u00f3 en It\u00e1lica (cerca de Sevilla), y fue un l\u00edder cargado de muchos claros y otros tantos oscuros. Dadivoso con sus amigos y bondadoso con el pueblo, las cr\u00f3nicas narran tambi\u00e9n que multiplic\u00f3 las condenas a muerte en la &#8216;urbs eterna&#8217; y que arremeti\u00f3 contra todo aquel que pudiera amenazar su derecho a la poltrona. \u00bfVerdad o mito? Imposible saberlo si nos basamos en unos textos cl\u00e1sicos trufados de opiniones personales y fobias varias. Con todo, lo que ha prevalecido es que fue uno de los cinco &#8216;emperadores buenos&#8217; del viejo Imperio romano. Y eso, a pesar de que el\u00a0Senado\u00a0quiso someterle a una &#8216;damnatio memoriae&#8217;: su eliminaci\u00f3n absoluta del pasado.<\/p>\n\n\n\n<h3 class=\"wp-block-heading\">La cara<\/h3>\n\n\n\n<p>Pero que no les enga\u00f1en porque, por mucho que les duela a los\u00a0negrolegendarios, las fuentes cl\u00e1sicas corroboran que Adriano fue un emperador magn\u00e1nimo. Ejemplos los hay a cientos en los textos cl\u00e1sicos. Desde que se sent\u00f3 en la poltrona, el nuevo emperador se mostr\u00f3 dadivoso con los estratos m\u00e1s bajos de la sociedad; a los ni\u00f1os pobres, por poner un caso, les aument\u00f3 la cantidad de alimentos que recib\u00edan. Por si fuera poco, redujo el dinero que los grupos sociales m\u00e1s modestos deb\u00edan al tesoro imperial y fue liberal en extremo con sus donativos. \u00bfPopulista? Resulta imposible saberlo; pero los hechos son los hechos.<\/p>\n\n\n\n<p>Hasta tal punto quiso contentar a la poblaci\u00f3n, que entreg\u00f3 la duod\u00e9cima parte de los bienes de sus padres a los hijos de los proscritos. En ese sentido, las escasas cr\u00f3nicas que existen sobre \u00e9l coinciden en que el centro de sus desvelos durante los veinte a\u00f1os y once meses que permaneci\u00f3 en la c\u00faspide de Roma fueron sus s\u00fabditos. \u00abProhibi\u00f3 que los amos mataran a sus esclavos y orden\u00f3 que fueran los jueces quien los condenaran, si eran dignos de condena\u00bb, confirma la &#8216;Historia Augusta&#8217;. En resumen, \u00abdespreci\u00f3 a aquellos que trataban de privarle de la satisfacci\u00f3n de ser bondadoso bajo el pretexto de que as\u00ed preservaba su dignidad imperial\u00bb.<\/p>\n\n\n\n<p>Y eso tan solo a nivel social. En lo que a la modernizaci\u00f3n de Roma respecta, Adriano orden\u00f3 construir edificios que hoy han pasado a la historia y han forjado el legado cultural de la Ciudad Eterna. Desde el templo de Venus, hasta el\u00a0Pante\u00f3n. La residencia de descanso que levant\u00f3 en Tivoli, a unos veinte kil\u00f3metros de la capital, es considerada por los expertos como una de las joyas m\u00e1s relucientes de Italia por su mezcla de estilos arquitect\u00f3nicos, su belleza y sus gigantescas dimensiones. En la pr\u00e1ctica, embelleci\u00f3 la &#8216;urbs eterna&#8217; en una era en que otros imperios amenazaban sus fronteras. Que vaya si se dice pronto, por mucho que cueste.<\/p>\n\n\n\n<p>Aunque hubo un \u00e1mbito en el que Adriano destac\u00f3 sobre el resto: esa necesidad cuasi obsesiva de visitar todos los territorios bajo su corona. Seg\u00fan recoge la &#8216;Historia Augusta&#8217;, \u00abera tan aficionado a los viajes que quer\u00eda aprender personalmente todo lo que hab\u00eda le\u00eddo sobre los distintos lugares del mundo\u00bb. Hasta sus dominios se desplazaba siempre con la cabeza descubierta, aunque fuera \u00absoportando fr\u00edos y tempestades\u00bb, para que sus s\u00fabditos le distinguieran. Adem\u00e1s, se negaba a hacer los trayectos en carroza, pues consideraba que las opulentas comitivas turbaban a la sociedad y le hac\u00edan estar lejos del pueblo llano; \u00e9l prefer\u00eda la normalidad del caballo.<\/p>\n\n\n\n<p>Los datos estremecen. De sus 21 a\u00f1os de reinado, Adriano dedic\u00f3 ocho a recorrer las provincias romanas. Aquellas largas vacaciones alejadas de la&nbsp;<a href=\"https:\/\/www.abc.es\/cultura\/arte\/roma-emerge-excavaciones-metro-ciudad-eterna-20230204132410-nt.html\">Ciudad Eterna<\/a>&nbsp;le permitieron reforzar las fronteras del Imperio, desplazar legiones sobre el terreno, saciar su curiosidad y hasta encontrar el amor.<\/p>\n\n\n\n<h3 class=\"wp-block-heading\">Y la cruz<\/h3>\n\n\n\n<p>\u00bfCu\u00e1ndo naci\u00f3, entonces, la<a href=\"https:\/\/www.abc.es\/historia\/existe-leyenda-negra-destrozo-imperio-espanol-verdad-20240404043820-nt.html\">&nbsp;leyenda negra<\/a>&nbsp;de Adriano? La realidad es que fue durante su \u00faltima etapa cuando se gan\u00f3 los recelos de sus s\u00fabditos. Y todo, seg\u00fan parece, motivado por la p\u00e9sima salud que le acompa\u00f1aba; o as\u00ed lo explic\u00f3 la &#8216;Historia Augusta&#8217;. En el ocaso de su vida, el gran l\u00edder se vio doblegado por una larga y dolorosa enfermedad. Uno de los primeros s\u00edntomas que sufri\u00f3 fue la falta de aire; una disnea, en t\u00e9rminos m\u00e9dicos, que fue en aumento y le impidi\u00f3 subir los pocos escalones de su villa. A continuaci\u00f3n, llegaron los problemas de coraz\u00f3n. Al final, la situaci\u00f3n era tan penosa que dio algunos discursos tumbado. Su m\u00e9dico, Herm\u00f3genes, le diagnostic\u00f3 hidropes\u00eda card\u00edaca, y parece que acert\u00f3.<\/p>\n\n\n\n<p>Aquella dolencia le agri\u00f3 el car\u00e1cter. O eso narraron las cr\u00f3nicas&#8230; Entre los personajes que sufrieron su ira se hall\u00f3 Lucio Julio Urso Serviano, un senador de 90 a\u00f1os que hab\u00eda servido de forma intachable a&nbsp;<a href=\"https:\/\/www.abc.es\/xlsemanal\/historia\/trajano-el-emperador-hispano-que-conquisto-el-mundo.html\">Trajano<\/a>. Adriano, que no hab\u00eda engendrado hijos, le baraj\u00f3 como posible sucesor, pero declin\u00f3 la idea debido a su avanzada edad. Otro tanto hizo con el nieto del anciano, aunque, en este caso, por su inexperiencia. Cuando seleccion\u00f3 a Lucio Elio C\u00e9sar como heredero, orden\u00f3 ejecutar a ambos porque actuaban \u00abcomo aspirantes al trono obsequiando con cenas a los esclavos imperiales y sent\u00e1ndose en el esca\u00f1o real\u00bb.<\/p>\n\n\n\n<p>Las \u00faltimas palabras del condenado antes de morir fueron estremecedoras: \u00ab\u00a1Dioses, bien sab\u00e9is que no soy culpable de ning\u00fan delito! Y en cuanto a Adriano, he aqu\u00ed mi \u00fanico ruego: que desee largamente la muerte y no la pueda obtener\u00bb.<\/p>\n\n\n\n<p>Estas sentencias de muerte se unieron a las ignominias perpetradas contra otros tantos rivales pol\u00edticos a lo largo de su vida. Algunos de ellos, miembros del Senado que, aunque adversarios pol\u00edticos, jam\u00e1s le hab\u00edan chistado. Y otros tantos, viejos camaradas que le hab\u00edan aupado hasta el poder. \u00abPrecipit\u00f3 en la indigencia a Eudem\u00f3n, anteriormente c\u00f3mplice de su ascenso al trono; oblig\u00f3 a Polieno y a Marcelo a que se dieran una muerte voluntaria, zahiri\u00f3 a Heliodoro con libelos infamantes y permiti\u00f3 que Ticiano fuera acusado como culpable de un intento de usurpaci\u00f3n y que se le proscribiera. Persigui\u00f3 encarnecidamente a Umidio Cuadrato, Catilo Severo y Turb\u00f3n\u00bb, inciden los textos cl\u00e1sicos.<\/p>\n\n\n\n<p>Aunque es posible que todo sea parte de una leyenda negra transmitida por sus enemigos, dict\u00f3 tambi\u00e9n decenas de condenas a muerte en sus \u00faltimos d\u00edas, aunque no vivi\u00f3 para verlas. Y es que, tras la muerte de Lucio Elio C\u00e9sar por culpa de una rara enfermedad, el nuevo sucesor, Tito Aurelio Fulvo Boyonio Antonino \u2013el futuro Antonino P\u00edo\u2013 las cancel\u00f3 a sus espaldas.<\/p>\n\n\n\n<p>Adriano expir\u00f3 su \u00faltimo aliento el 10 de julio del 138 d.C. Se march\u00f3 harto de pedir a sus sirvientes que acabaran con su sufrimiento. Nadie se atrevi\u00f3. Para lo que s\u00ed tuvo arrestos el Senado, con el que hab\u00eda mantenido varios encontronazos, fue para barajar la posibilidad de someterle a la &#8216;damnatio memoriae&#8217; o &#8216;condena de la memoria&#8217;: la destrucci\u00f3n de su recuerdo mediante la eliminaci\u00f3n de cualquier monumento, escrito, inscripci\u00f3n o imagen que recordara a su reinado y a su persona. Solo abandonaron sus intenciones cuando Antonino les plante\u00f3 la siguiente disyuntiva: \u00abPues bien, no os gobernar\u00e9 si a vuestros ojos Adriano se ha convertido en objeto de odio y enemigo p\u00fablico. Y es que, en tal caso, tendr\u00e9is que anular todos sus actos, uno de los cuales fue mi adopci\u00f3n\u00bb. Gracias a \u00e9l, el segundo emperador hispano permanece todav\u00eda entre nosotros.<\/p>\n\n\n\n<p>Fuente: ABC<\/p>\n","protected":false},"excerpt":{"rendered":"<p>Se llamaba\u00a0Publio Elio Adriano, se asume que naci\u00f3 en It\u00e1lica (cerca de Sevilla), y fue un l\u00edder cargado de muchos claros y otros tantos oscuros. Dadivoso con sus amigos y bondadoso con el pueblo, las cr\u00f3nicas narran tambi\u00e9n que multiplic\u00f3 las condenas a muerte en la &#8216;urbs eterna&#8217; y que arremeti\u00f3 contra todo aquel que [&hellip;]<\/p>\n","protected":false},"author":2,"featured_media":129075,"comment_status":"open","ping_status":"open","sticky":false,"template":"","format":"standard","meta":{"footnotes":""},"categories":[64],"tags":[],"class_list":["post-129074","post","type-post","status-publish","format-standard","has-post-thumbnail","hentry","category-varios"],"_links":{"self":[{"href":"https:\/\/elcuartopoder.com.mx\/nw\/wp-json\/wp\/v2\/posts\/129074","targetHints":{"allow":["GET"]}}],"collection":[{"href":"https:\/\/elcuartopoder.com.mx\/nw\/wp-json\/wp\/v2\/posts"}],"about":[{"href":"https:\/\/elcuartopoder.com.mx\/nw\/wp-json\/wp\/v2\/types\/post"}],"author":[{"embeddable":true,"href":"https:\/\/elcuartopoder.com.mx\/nw\/wp-json\/wp\/v2\/users\/2"}],"replies":[{"embeddable":true,"href":"https:\/\/elcuartopoder.com.mx\/nw\/wp-json\/wp\/v2\/comments?post=129074"}],"version-history":[{"count":1,"href":"https:\/\/elcuartopoder.com.mx\/nw\/wp-json\/wp\/v2\/posts\/129074\/revisions"}],"predecessor-version":[{"id":129076,"href":"https:\/\/elcuartopoder.com.mx\/nw\/wp-json\/wp\/v2\/posts\/129074\/revisions\/129076"}],"wp:featuredmedia":[{"embeddable":true,"href":"https:\/\/elcuartopoder.com.mx\/nw\/wp-json\/wp\/v2\/media\/129075"}],"wp:attachment":[{"href":"https:\/\/elcuartopoder.com.mx\/nw\/wp-json\/wp\/v2\/media?parent=129074"}],"wp:term":[{"taxonomy":"category","embeddable":true,"href":"https:\/\/elcuartopoder.com.mx\/nw\/wp-json\/wp\/v2\/categories?post=129074"},{"taxonomy":"post_tag","embeddable":true,"href":"https:\/\/elcuartopoder.com.mx\/nw\/wp-json\/wp\/v2\/tags?post=129074"}],"curies":[{"name":"wp","href":"https:\/\/api.w.org\/{rel}","templated":true}]}}