{"id":129189,"date":"2024-05-27T11:00:20","date_gmt":"2024-05-27T16:00:20","guid":{"rendered":"http:\/\/elcuartopoder.com.mx\/nw\/?p=129189"},"modified":"2024-05-27T11:00:24","modified_gmt":"2024-05-27T16:00:24","slug":"alfred-beck-primer-dj-de-guadalajara-en-presentarse-en-tomorrowland","status":"publish","type":"post","link":"https:\/\/elcuartopoder.com.mx\/nw\/entretenimiento\/espectaculos\/alfred-beck-primer-dj-de-guadalajara-en-presentarse-en-tomorrowland\/","title":{"rendered":"Alfred Beck, Primer DJ de Guadalajara en Presentarse en Tomorrowland"},"content":{"rendered":"\n<p><strong>Alfred Beck<\/strong>, reconocido como uno de los principales exponentes de la escena electr\u00f3nica en&nbsp;<strong>Guadalajara<\/strong>, M\u00e9xico, est\u00e1 a punto de hacer historia al convertirse en el&nbsp;<strong>primer DJ tapat\u00edo en presentarse en Tomorrowland<\/strong>, el prestigioso festival de m\u00fasica electr\u00f3nica que se celebra anualmente en Boom, B\u00e9lgica.<\/p>\n\n\n\n<p>Con una&nbsp;<strong>carrera de 18 a\u00f1os<\/strong>&nbsp;en la industria musical, Beck ha demostrado su dedicaci\u00f3n y pasi\u00f3n por la m\u00fasica electr\u00f3nica, consolid\u00e1ndose como uno de los referentes en su g\u00e9nero en M\u00e9xico y m\u00e1s all\u00e1 de sus fronteras.<\/p>\n\n\n\n<blockquote class=\"wp-block-quote is-layout-flow wp-block-quote-is-layout-flow\"><p><em>&nbsp;&nbsp;\u00abLa trayectoria que uno tiene es importante para los organizadores de este evento y algo tambi\u00e9n importante que sucedi\u00f3 el a\u00f1o pasado es que me fui de gira a Europa y estuve invitado a las oficinas de&nbsp;<strong>Armin Van Buuren<\/strong>&nbsp;(DJ de talla internacional) y regresando a M\u00e9xico me mandaron una propuesta con la posibilidad de presentarme en&nbsp;<strong>Tomorrowland<\/strong>.<\/em><\/p><p><em>&nbsp;&nbsp;\u00abAs\u00ed se dio el acercamiento al evento. Dijeron que hab\u00eda la posibilidad, pero que depend\u00eda de la m\u00fasica, de lo que yo ten\u00eda pensado tocar en caso de que se aceptara mi proyecto, as\u00ed que me pidieron un set original y, literal, se los hice de una d\u00eda para otro. A los dos meses me confirmaron que me hab\u00edan aceptado, esto fue en el mes de enero\u00bb<\/em>, platic\u00f3 el tapat\u00edo.<\/p><\/blockquote>\n\n\n\n<p>La presentaci\u00f3n del DJ en la pr\u00f3xima edici\u00f3n de\u00a0<strong>Tomorrowland<\/strong>\u00a0ser\u00e1 el viernes 19 de julio en el escenario\u00a0<strong>Rise Sage<\/strong>.<\/p>\n\n\n\n<p>El masivo, que se realiza anualmente desde 2005, tendr\u00e1 lugar durante los fines de semana del 19 al 21 de julio y del viernes 27 al 28 del mismo mes, donde tambi\u00e9n se presentar\u00e1 astros de las tornamesas como David Guetta, Armin Van Buuren, Steve Aoki, Ti\u00ebsto, Amber Bross y Purple Disco Machine.<\/p>\n\n\n\n<p>El proyecto de&nbsp;<strong>Alfred Beck<\/strong>&nbsp;ha pasado por varias facetas, incluida aquella en la que perteneci\u00f3 a un d\u00fao.<\/p>\n\n\n\n<blockquote class=\"wp-block-quote is-layout-flow wp-block-quote-is-layout-flow\"><p>&nbsp;<em>&nbsp;\u00abEn este proceso tambi\u00e9n estuve trabajando con Belinda tres a\u00f1os, girando con su tour Catarsis, pero luego me volv\u00ed a concentrar en mi proyectos en solitario y desde 2018 he estado recorriendo M\u00e9xico y otros pa\u00edses, creo que eso ha hecho que sucedan estas cosas buenas para mi carrera\u00bb<\/em>, agreg\u00f3.<\/p><\/blockquote>\n\n\n\n<p>El 5 de julio, d\u00edas antes de presentarse en Tomorrowland, Alfred Beck lanzar\u00e1 el EP titulado\u00a0<strong>Future<\/strong>, bajo el sello de Nueva York Uprise Music.<\/p>\n\n\n\n<p>Tras estos logros,\u00a0<strong>el DJ y productor<\/strong>\u00a0tiene como meta formar parte de\u00a0<strong>Armada Music<\/strong>, una importante disquera independiente especializada en m\u00fasica electr\u00f3nica que fue creada por Armin van Buuren, Maykel Piron y David Lewis, en 2003.<\/p>\n\n\n\n<p>Hasta ahora, entre&nbsp;<strong>los sellos con los que ha trabajado<\/strong>&nbsp;destacan Uprise Music, Revealed Records, Zerothree (Toolroom), Sony Music, Universal Music, Loudkult, Enormous Tunes, +Maslabel, Den Haku, Time Records, Vox Records, Less is More Records, Dammove Records y Bearlin Records.<\/p>\n\n\n\n<p>En su faceta como productor est\u00e1 trabajando en\u00a0<strong>un remix que lanzar\u00e1n Moenia y Aleks Syntek<\/strong>, otro de los artistas con quien ha hecho mancuerna a lo largo de su carrera.<\/p>\n\n\n\n<p>Fuente: SIPSE<\/p>\n","protected":false},"excerpt":{"rendered":"<p>Alfred Beck, reconocido como uno de los principales exponentes de la escena electr\u00f3nica en&nbsp;Guadalajara, M\u00e9xico, est\u00e1 a punto de hacer historia al convertirse en el&nbsp;primer DJ tapat\u00edo en presentarse en Tomorrowland, el prestigioso festival de m\u00fasica electr\u00f3nica que se celebra anualmente en Boom, B\u00e9lgica. Con una&nbsp;carrera de 18 a\u00f1os&nbsp;en la industria musical, Beck ha demostrado [&hellip;]<\/p>\n","protected":false},"author":2,"featured_media":129190,"comment_status":"open","ping_status":"open","sticky":false,"template":"","format":"standard","meta":{"footnotes":""},"categories":[11],"tags":[],"class_list":["post-129189","post","type-post","status-publish","format-standard","has-post-thumbnail","hentry","category-espectaculos"],"_links":{"self":[{"href":"https:\/\/elcuartopoder.com.mx\/nw\/wp-json\/wp\/v2\/posts\/129189","targetHints":{"allow":["GET"]}}],"collection":[{"href":"https:\/\/elcuartopoder.com.mx\/nw\/wp-json\/wp\/v2\/posts"}],"about":[{"href":"https:\/\/elcuartopoder.com.mx\/nw\/wp-json\/wp\/v2\/types\/post"}],"author":[{"embeddable":true,"href":"https:\/\/elcuartopoder.com.mx\/nw\/wp-json\/wp\/v2\/users\/2"}],"replies":[{"embeddable":true,"href":"https:\/\/elcuartopoder.com.mx\/nw\/wp-json\/wp\/v2\/comments?post=129189"}],"version-history":[{"count":1,"href":"https:\/\/elcuartopoder.com.mx\/nw\/wp-json\/wp\/v2\/posts\/129189\/revisions"}],"predecessor-version":[{"id":129191,"href":"https:\/\/elcuartopoder.com.mx\/nw\/wp-json\/wp\/v2\/posts\/129189\/revisions\/129191"}],"wp:featuredmedia":[{"embeddable":true,"href":"https:\/\/elcuartopoder.com.mx\/nw\/wp-json\/wp\/v2\/media\/129190"}],"wp:attachment":[{"href":"https:\/\/elcuartopoder.com.mx\/nw\/wp-json\/wp\/v2\/media?parent=129189"}],"wp:term":[{"taxonomy":"category","embeddable":true,"href":"https:\/\/elcuartopoder.com.mx\/nw\/wp-json\/wp\/v2\/categories?post=129189"},{"taxonomy":"post_tag","embeddable":true,"href":"https:\/\/elcuartopoder.com.mx\/nw\/wp-json\/wp\/v2\/tags?post=129189"}],"curies":[{"name":"wp","href":"https:\/\/api.w.org\/{rel}","templated":true}]}}