{"id":129197,"date":"2024-05-27T15:55:08","date_gmt":"2024-05-27T20:55:08","guid":{"rendered":"http:\/\/elcuartopoder.com.mx\/nw\/?p=129197"},"modified":"2024-05-27T15:55:10","modified_gmt":"2024-05-27T20:55:10","slug":"asi-ha-sido-el-brutal-accidente-que-ha-obligado-a-detener-el-gp-de-monaco","status":"publish","type":"post","link":"https:\/\/elcuartopoder.com.mx\/nw\/entretenimiento\/deportes\/asi-ha-sido-el-brutal-accidente-que-ha-obligado-a-detener-el-gp-de-monaco\/","title":{"rendered":"As\u00ed ha sido el brutal accidente que ha obligado a detener el GP de M\u00f3naco"},"content":{"rendered":"\n<p>Apenas pasaban unos segundos desde el inicio de la\u00a0carrera del Gran Premio de M\u00f3naco de F1\u00a0cuando un\u00a0<strong>accidente<\/strong>\u00a0en el que se han visto implicados tres monoplazas provocaba que se mostrase la\u00a0<strong>temida bandera roja<\/strong>.<\/p>\n\n\n\n<p>El piloto mexicano de\u00a0<strong>Red Bull<\/strong>,\u00a0<strong>Sergio &#8216;Checo&#8217; P\u00e9rez<\/strong>, ha tocado con su rueda posterior derecha con la delantera izquierda del\u00a0<strong>Haas<\/strong>\u00a0de\u00a0<strong>Magnussen<\/strong>, destrozando su monoplaza y dejando fuera de carrera tanto al piloto dan\u00e9s como a su compa\u00f1ero de escuder\u00eda,\u00a0<strong>Nico H\u00fclkenberg<\/strong>, alcanzado tambi\u00e9n por el impacto.<\/p>\n\n\n\n<p>El monoplaza de P\u00e9rez ha quedado\u00a0<strong>totalmente destrozado<\/strong>\u00a0y la carrera ha tenido que detenerse mientras despejaban la pista de los numerosos restos del Red Bull que hab\u00edan quedado desperdigados por el asfalto monegasco. La\u00a0<strong>violencia del impacto<\/strong>\u00a0ha sido tal que el monoplaza del piloto mexicano\u00a0<strong>ha perdido sus dos ruedas delanteras<\/strong>.<\/p>\n\n\n\n<p>Finalmente, la carrera se ha reanudado m\u00e1s de media hora despu\u00e9s del accidente, manteni\u00e9ndose las posiciones principales hasta el final de la misma.\u00a0<strong>Leclerc<\/strong>, piloto nacido en\u00a0<strong>Montecarlo<\/strong>, ha ganado por primera vez el GP de su tierra, mientras que\u00a0<strong>Carlos Sainz<\/strong>\u00a0ha logrado un meritorio tercer puesto, por detr\u00e1s de\u00a0<strong>Piastri<\/strong>.<\/p>\n\n\n\n<p>Fuente: ABC<\/p>\n","protected":false},"excerpt":{"rendered":"<p>Apenas pasaban unos segundos desde el inicio de la\u00a0carrera del Gran Premio de M\u00f3naco de F1\u00a0cuando un\u00a0accidente\u00a0en el que se han visto implicados tres monoplazas provocaba que se mostrase la\u00a0temida bandera roja. El piloto mexicano de\u00a0Red Bull,\u00a0Sergio &#8216;Checo&#8217; P\u00e9rez, ha tocado con su rueda posterior derecha con la delantera izquierda del\u00a0Haas\u00a0de\u00a0Magnussen, destrozando su monoplaza y [&hellip;]<\/p>\n","protected":false},"author":2,"featured_media":129198,"comment_status":"open","ping_status":"open","sticky":false,"template":"","format":"standard","meta":{"footnotes":""},"categories":[7],"tags":[],"class_list":["post-129197","post","type-post","status-publish","format-standard","has-post-thumbnail","hentry","category-deportes"],"_links":{"self":[{"href":"https:\/\/elcuartopoder.com.mx\/nw\/wp-json\/wp\/v2\/posts\/129197","targetHints":{"allow":["GET"]}}],"collection":[{"href":"https:\/\/elcuartopoder.com.mx\/nw\/wp-json\/wp\/v2\/posts"}],"about":[{"href":"https:\/\/elcuartopoder.com.mx\/nw\/wp-json\/wp\/v2\/types\/post"}],"author":[{"embeddable":true,"href":"https:\/\/elcuartopoder.com.mx\/nw\/wp-json\/wp\/v2\/users\/2"}],"replies":[{"embeddable":true,"href":"https:\/\/elcuartopoder.com.mx\/nw\/wp-json\/wp\/v2\/comments?post=129197"}],"version-history":[{"count":1,"href":"https:\/\/elcuartopoder.com.mx\/nw\/wp-json\/wp\/v2\/posts\/129197\/revisions"}],"predecessor-version":[{"id":129199,"href":"https:\/\/elcuartopoder.com.mx\/nw\/wp-json\/wp\/v2\/posts\/129197\/revisions\/129199"}],"wp:featuredmedia":[{"embeddable":true,"href":"https:\/\/elcuartopoder.com.mx\/nw\/wp-json\/wp\/v2\/media\/129198"}],"wp:attachment":[{"href":"https:\/\/elcuartopoder.com.mx\/nw\/wp-json\/wp\/v2\/media?parent=129197"}],"wp:term":[{"taxonomy":"category","embeddable":true,"href":"https:\/\/elcuartopoder.com.mx\/nw\/wp-json\/wp\/v2\/categories?post=129197"},{"taxonomy":"post_tag","embeddable":true,"href":"https:\/\/elcuartopoder.com.mx\/nw\/wp-json\/wp\/v2\/tags?post=129197"}],"curies":[{"name":"wp","href":"https:\/\/api.w.org\/{rel}","templated":true}]}}