{"id":129200,"date":"2024-05-28T09:36:38","date_gmt":"2024-05-28T14:36:38","guid":{"rendered":"http:\/\/elcuartopoder.com.mx\/nw\/?p=129200"},"modified":"2024-05-28T09:36:40","modified_gmt":"2024-05-28T14:36:40","slug":"el-papa-francisco-hay-demasiado-ambiente-marica-en-ciertos-seminarios","status":"publish","type":"post","link":"https:\/\/elcuartopoder.com.mx\/nw\/destacadas\/el-papa-francisco-hay-demasiado-ambiente-marica-en-ciertos-seminarios\/","title":{"rendered":"El Papa Francisco: \u00abHay demasiado ambiente marica en ciertos seminarios\u00bb"},"content":{"rendered":"\n<p>El\u00a0Papa Francisco\u00a0ha solicitado a los obispos italianos que no ordenen sacerdotes\u00a0<strong>ni admitan en el seminario a personas homosexuales<\/strong>. Se lo ha pedido a puerta cerrada, en un encuentro en el que ha usado un tono bastante coloquial que ha incluido una expresi\u00f3n poco delicada: \u00abCreo que hay demasiada mariconer\u00eda en ciertos seminarios\u00bb, habr\u00eda dicho. Y a la vez que les ha rogado que \u00abacompa\u00f1en\u00bb con \u00abrespeto y delicadeza\u00bb a los candidatos rechazados, les ha confiado que \u00abpor experiencia\u00bb piensa que es mejor que no entren en el seminario\u00a0<strong>y no se conviertan en sacerdotes.<\/strong><\/p>\n\n\n\n<p>Naturalmente, el Papa, que no habla el idioma de Dante como lengua nativa, no era consciente de que<strong>\u00a0la palabra italiana \u00abfrociaggine\u00bb es muy ofensiva<\/strong>. En su familia hablaba el dialecto piamont\u00e9s, no el italiano.<\/p>\n\n\n\n<p>Lo que el Papa Francisco les dice coincide con lo que establece la \u00abInstrucci\u00f3n\u00bb preparada por el Vaticano en 2005 y confirmada por \u00e9l mismo en 2016. \u00abLa Iglesia no puede admitir al seminario y a las \u00f3rdenes sagradas a quienes practican la homosexualidad, presentan tendencias homosexuales profundamente arraigadas o&nbsp;<strong>sostienen la as\u00ed llamada cultura gay<\/strong>\u00bb, recita el texto.<\/p>\n\n\n\n<p>Entre los motivos que explican esa decisi\u00f3n est\u00e1 el de evitar condicionamientos, de forma que nadie elija ser sacerdote para escapar de su propia condici\u00f3n sexual. La idea, explica la instrucci\u00f3n, es que el sacerdote est\u00e9 capacitado \u00abpara situarse en una relaci\u00f3n correcta con hombres y mujeres,<strong>\u00a0desarrollando en \u00e9l un verdadero sentido de la paternidad espiritual<\/strong>\u00a0en relaci\u00f3n con la comunidad eclesial que le ser\u00e1 confiada\u00bb.<\/p>\n\n\n\n<h3 class=\"wp-block-heading\">Temas infiltrados<\/h3>\n\n\n\n<p>La conversaci\u00f3n del Papa Francisco con los obispos italianos tuvo lugar el pasado lunes 20 de mayo en el Vaticano. Se trat\u00f3 de un intercambio de impresiones a puerta cerrada, pero dos medios de comunicaci\u00f3n, el franc\u00e9s \u00abLa Croix\u00bb y el italiano \u00abRepubblica\u00bb, han filtrado algunos de los temas que afrontaron. Aunque Francisco no pertenece a la Conferencia Episcopal Italiana, como obispo de Roma&nbsp;<strong>es primado de la Iglesia italiana<\/strong>&nbsp;y por eso suele reunirse una vez al a\u00f1o con los obispos de este pa\u00eds, justo antes de su Asamblea general.<\/p>\n\n\n\n<p>Durante el encuentro, uno de los obispos le pregunt\u00f3 qu\u00e9 debe hacer si un hombre \u00abdeclaradamente homosexual\u00bb solicita entrar en el seminario. Precisamente, en oto\u00f1o elaboraron&nbsp;<strong>un nuevo reglamento sobre la admisi\u00f3n de seminaristas<\/strong>&nbsp;y el texto est\u00e1 siendo revisado por el Vaticano para su eventual aprobaci\u00f3n. Francisco habr\u00eda respondido que \u00abes mejor no ordenar a alguien con esta tendencia\u00bb. Bas\u00e1ndose en experiencias que conoce de primera mano, les ha dicho que es mejor arriesgarse a \u00abperder una vocaci\u00f3n\u00bb aplicando este criterio, que afrontar los \u00abproblemas\u00bb causados por tales situaciones. Ha explicado que<strong>&nbsp;le preocupa que acaben llevando una doble vida<\/strong>, continuando con la pr\u00e1ctica de la homosexualidad, y sufriendo ellos mismos por el disimulo.<\/p>\n\n\n\n<p>Le preocupa que acaben llevando una doble vida, continuando con la pr\u00e1ctica de la homosexualidad, y sufriendo ellos mismos por el disimulo<\/p>\n\n\n\n<p>Tambi\u00e9n les ha pedido que cuando tomen esta decisi\u00f3n, \u00abacompa\u00f1en\u00bb lo mejor posible a los j\u00f3venes rechazados. En ese contexto les alert\u00f3 de que percibe&nbsp;<strong>\u00abdemasiado ambiente marica en seminarios\u00bb<\/strong>&nbsp;de Italia.<\/p>\n\n\n\n<p>Desde que inici\u00f3 su pontificado, el Papa ha combatido toda discriminaci\u00f3n injusta contra personas homosexuales, tambi\u00e9n en la participaci\u00f3n en los sacramentos. Por ejemplo, se mostr\u00f3 favorable a normas jur\u00eddicas que doten de garant\u00edas&nbsp;<strong>en cuestiones como herencia o atenci\u00f3n m\u00e9dica<\/strong>&nbsp;a parejas homosexuales, a que sus hijos sean bautizados o a que ellos reciban atenci\u00f3n espiritual y no se d\u00e9 la impresi\u00f3n de que han sido expulsados de la Iglesia.<\/p>\n","protected":false},"excerpt":{"rendered":"<p>El\u00a0Papa Francisco\u00a0ha solicitado a los obispos italianos que no ordenen sacerdotes\u00a0ni admitan en el seminario a personas homosexuales. Se lo ha pedido a puerta cerrada, en un encuentro en el que ha usado un tono bastante coloquial que ha incluido una expresi\u00f3n poco delicada: \u00abCreo que hay demasiada mariconer\u00eda en ciertos seminarios\u00bb, habr\u00eda dicho. Y [&hellip;]<\/p>\n","protected":false},"author":2,"featured_media":129201,"comment_status":"open","ping_status":"open","sticky":false,"template":"","format":"standard","meta":{"footnotes":""},"categories":[59],"tags":[],"class_list":["post-129200","post","type-post","status-publish","format-standard","has-post-thumbnail","hentry","category-destacadas"],"_links":{"self":[{"href":"https:\/\/elcuartopoder.com.mx\/nw\/wp-json\/wp\/v2\/posts\/129200","targetHints":{"allow":["GET"]}}],"collection":[{"href":"https:\/\/elcuartopoder.com.mx\/nw\/wp-json\/wp\/v2\/posts"}],"about":[{"href":"https:\/\/elcuartopoder.com.mx\/nw\/wp-json\/wp\/v2\/types\/post"}],"author":[{"embeddable":true,"href":"https:\/\/elcuartopoder.com.mx\/nw\/wp-json\/wp\/v2\/users\/2"}],"replies":[{"embeddable":true,"href":"https:\/\/elcuartopoder.com.mx\/nw\/wp-json\/wp\/v2\/comments?post=129200"}],"version-history":[{"count":1,"href":"https:\/\/elcuartopoder.com.mx\/nw\/wp-json\/wp\/v2\/posts\/129200\/revisions"}],"predecessor-version":[{"id":129202,"href":"https:\/\/elcuartopoder.com.mx\/nw\/wp-json\/wp\/v2\/posts\/129200\/revisions\/129202"}],"wp:featuredmedia":[{"embeddable":true,"href":"https:\/\/elcuartopoder.com.mx\/nw\/wp-json\/wp\/v2\/media\/129201"}],"wp:attachment":[{"href":"https:\/\/elcuartopoder.com.mx\/nw\/wp-json\/wp\/v2\/media?parent=129200"}],"wp:term":[{"taxonomy":"category","embeddable":true,"href":"https:\/\/elcuartopoder.com.mx\/nw\/wp-json\/wp\/v2\/categories?post=129200"},{"taxonomy":"post_tag","embeddable":true,"href":"https:\/\/elcuartopoder.com.mx\/nw\/wp-json\/wp\/v2\/tags?post=129200"}],"curies":[{"name":"wp","href":"https:\/\/api.w.org\/{rel}","templated":true}]}}