{"id":129216,"date":"2024-05-28T09:49:47","date_gmt":"2024-05-28T14:49:47","guid":{"rendered":"http:\/\/elcuartopoder.com.mx\/nw\/?p=129216"},"modified":"2024-05-28T09:49:50","modified_gmt":"2024-05-28T14:49:50","slug":"el-pacto-del-gobierno-de-amlo-con-grupos-criminales","status":"publish","type":"post","link":"https:\/\/elcuartopoder.com.mx\/nw\/nacionales\/el-pacto-del-gobierno-de-amlo-con-grupos-criminales\/","title":{"rendered":"El pacto del gobierno de AMLO con grupos criminales"},"content":{"rendered":"\n<p>A fines de 2021, fuerzas del<strong>&nbsp;Ej\u00e9rcito mexicano<\/strong>&nbsp;mataron a 400 integrantes del&nbsp;<strong>C\u00e1rtel Jalisco Nueva Generaci\u00f3n<\/strong>&nbsp;en el estado de Michoac\u00e1n y desaparecieron los cuerpos con ayuda de un grupo criminal local, seg\u00fan un informe dado a conocer la semana pasada por la organizaci\u00f3n International<strong>&nbsp;Crisis Group<\/strong>.<\/p>\n\n\n\n<p>La intenci\u00f3n era que el presidente&nbsp;<strong>L\u00f3pez Obrador<\/strong>&nbsp;pudiera presumir una baja en los niveles de violencia.<\/p>\n\n\n\n<p>Crisis Group asegura que hubo un&nbsp;<strong>acuerdo&nbsp;<\/strong>entre c\u00fapulas militares y l\u00edderes criminales para que estas organizaciones ocultaran \u201cla violencia que perpetran\u201d.<\/p>\n\n\n\n<p>Seg\u00fan el documento \u201cEl laberinto de los generales: crimen y militares en M\u00e9xico\u201d, elaborado a partir de&nbsp;<strong>entrevistas&nbsp;<\/strong>con mandos del Ej\u00e9rcito, comandantes policiacos locales, jefes criminales e incluso sicarios, hubo un acuerdo para reducir&nbsp;<strong>\u201cla violencia visible\u201d<\/strong>&nbsp;a cambio de que los grupos del crimen organizado pudieran \u201c<strong>diversificar&nbsp;<\/strong>sus operaciones de tr\u00e1fico (incluyendo drogas nuevas como fentanilo), ampliar sus redes de extorsi\u00f3n, expandir su control de negocios legales y asumir un<strong>&nbsp;mayor control&nbsp;<\/strong>sobre las comunidades y los gobiernos locales\u201d.<\/p>\n\n\n\n<p>El gobierno de L\u00f3pez Obrador&nbsp;<strong>despleg\u00f3&nbsp;<\/strong>tropas en el pa\u00eds \u201cen una escala nunca antes vista\u201d. Pero esa medida, asegura el informe, solo logr\u00f3 una peque\u00f1a reducci\u00f3n en el control que ejercen sobre estados, ciudades y comunidades, los grupos del crimen organizado.<\/p>\n\n\n\n<p>En Michoac\u00e1n, Guerrero, Veracruz, Colima, entre otros estados afectados por la&nbsp;<strong>delincuencia organizada<\/strong>, hubo, se\u00f1ala el informe, un \u201cacuerdo de coexistencia\u201d que permiti\u00f3 a los c\u00e1rteles \u201cobtener ganancias y ampliar su control sobre comunidades\u201d siempre que se redujera \u201cla violencia visible\u201d.<\/p>\n\n\n\n<p>El informe de International Crisis Group es un esc\u00e1ndalo. Acusa que el Ej\u00e9rcito&nbsp;<strong>pact\u00f3&nbsp;<\/strong>con grupos criminales de Michoac\u00e1n para enfrentar \u201cde manera conjunta y coordinada\u201d al C\u00e1rtel Jalisco Nueva Generaci\u00f3n: asesinaron a centenares de integrantes y enterraron los cuerpos en fosas clandestinas.<\/p>\n\n\n\n<p>En febrero de 2022, un l\u00edder criminal asisti\u00f3 al velorio de su madre, en San Jos\u00e9 de Gracia, Michoac\u00e1n. De ah\u00ed lo sacaron integrantes de un grupo del crimen organizado y lo fusilaron en la calle, contra una pared, al lado de otras diez personas. Un video que mostr\u00f3 las im\u00e1genes del fusilamiento se populariz\u00f3 en<strong>&nbsp;redes sociales<\/strong>.<\/p>\n\n\n\n<p>Pero los cuerpos de los fusilados no aparecieron jam\u00e1s.<\/p>\n\n\n\n<p>Seg\u00fan los testimonios recabados aquel d\u00eda, los cad\u00e1veres fueron&nbsp;<strong>levantados&nbsp;<\/strong>de la calle y subidos a las bateas de varias camionetas. M\u00e1s tarde llegaron personas con la misi\u00f3n de eliminar de la acera las manchas hem\u00e1ticas<\/p>\n\n\n\n<p>Seg\u00fan Falko Ernst, investigador experto en crimen organizado, \u201csoldados y delincuentes formaron un frente conjunto contra el C\u00e1rtel Jalisco Nueva Generaci\u00f3n,&nbsp;<strong>coordinando&nbsp;<\/strong>sus operaciones e incluso luchando uno al lado del otro\u201d.<\/p>\n\n\n\n<p>Decenas de sicarios fueron asesinados. International Crisis Group asegura que esas muertes \u201cno se reflejan en las estad\u00edsticas de homicidios o desapariciones\u201d que registra el gobierno federal.<\/p>\n\n\n\n<p>La organizaci\u00f3n afirma que intent\u00f3 hablar con el gobierno de L\u00f3pez Obrador y su gabinete de seguridad, \u201cpero las autoridades federales rechazaron entrar en di\u00e1logo con los investigadores\u201d.<\/p>\n\n\n\n<p>M\u00e1s de 80 entrevistas con jefes militares, polic\u00edas, funcionarios estatales, especialistas en crimen organizado, acad\u00e9micos, l\u00edderes delincuenciales e incluso sicarios sustentan el informe, que sostiene que hubo una oferta por parte del&nbsp;<strong>Estado&nbsp;<\/strong>para que los c\u00e1rteles bajaran los niveles de violencia a cambio de un mayor control territorial. En algunas zonas, las operaciones militares&nbsp;<strong>cesaron&nbsp;<\/strong>por completo mientras los c\u00e1rteles avanzaban en el control de territorios.<\/p>\n\n\n\n<p>De acuerdo con el informe, un alto mando de la Marina confes\u00f3 que al llegar al poder L\u00f3pez Obrador se recibi\u00f3 la instrucci\u00f3n de \u201ccesar todas las operaciones de inmediato\u201d.<\/p>\n\n\n\n<p>La indicaci\u00f3n, revel\u00f3 Falko Ernst, fue esconder los cad\u00e1veres: \u201cdesaparecer a las v\u00edctimas de homicidio en vez de exponerlas p\u00fablicamente\u201d. Todo para que L\u00f3pez Obrador pudiera presentar sus&nbsp;<strong>gr\u00e1ficas enga\u00f1osas<\/strong>&nbsp;en las \u201cma\u00f1aneras\u201d.<\/p>\n\n\n\n<p>Un terrible, verdadero esc\u00e1ndalo.<\/p>\n","protected":false},"excerpt":{"rendered":"<p>A fines de 2021, fuerzas del&nbsp;Ej\u00e9rcito mexicano&nbsp;mataron a 400 integrantes del&nbsp;C\u00e1rtel Jalisco Nueva Generaci\u00f3n&nbsp;en el estado de Michoac\u00e1n y desaparecieron los cuerpos con ayuda de un grupo criminal local, seg\u00fan un informe dado a conocer la semana pasada por la organizaci\u00f3n International&nbsp;Crisis Group. La intenci\u00f3n era que el presidente&nbsp;L\u00f3pez Obrador&nbsp;pudiera presumir una baja en los [&hellip;]<\/p>\n","protected":false},"author":2,"featured_media":129217,"comment_status":"open","ping_status":"open","sticky":false,"template":"","format":"standard","meta":{"footnotes":""},"categories":[55],"tags":[],"class_list":["post-129216","post","type-post","status-publish","format-standard","has-post-thumbnail","hentry","category-nacionales"],"_links":{"self":[{"href":"https:\/\/elcuartopoder.com.mx\/nw\/wp-json\/wp\/v2\/posts\/129216","targetHints":{"allow":["GET"]}}],"collection":[{"href":"https:\/\/elcuartopoder.com.mx\/nw\/wp-json\/wp\/v2\/posts"}],"about":[{"href":"https:\/\/elcuartopoder.com.mx\/nw\/wp-json\/wp\/v2\/types\/post"}],"author":[{"embeddable":true,"href":"https:\/\/elcuartopoder.com.mx\/nw\/wp-json\/wp\/v2\/users\/2"}],"replies":[{"embeddable":true,"href":"https:\/\/elcuartopoder.com.mx\/nw\/wp-json\/wp\/v2\/comments?post=129216"}],"version-history":[{"count":1,"href":"https:\/\/elcuartopoder.com.mx\/nw\/wp-json\/wp\/v2\/posts\/129216\/revisions"}],"predecessor-version":[{"id":129218,"href":"https:\/\/elcuartopoder.com.mx\/nw\/wp-json\/wp\/v2\/posts\/129216\/revisions\/129218"}],"wp:featuredmedia":[{"embeddable":true,"href":"https:\/\/elcuartopoder.com.mx\/nw\/wp-json\/wp\/v2\/media\/129217"}],"wp:attachment":[{"href":"https:\/\/elcuartopoder.com.mx\/nw\/wp-json\/wp\/v2\/media?parent=129216"}],"wp:term":[{"taxonomy":"category","embeddable":true,"href":"https:\/\/elcuartopoder.com.mx\/nw\/wp-json\/wp\/v2\/categories?post=129216"},{"taxonomy":"post_tag","embeddable":true,"href":"https:\/\/elcuartopoder.com.mx\/nw\/wp-json\/wp\/v2\/tags?post=129216"}],"curies":[{"name":"wp","href":"https:\/\/api.w.org\/{rel}","templated":true}]}}