{"id":132462,"date":"2024-09-13T13:12:47","date_gmt":"2024-09-13T18:12:47","guid":{"rendered":"http:\/\/elcuartopoder.com.mx\/nw\/?p=132462"},"modified":"2024-09-13T13:12:50","modified_gmt":"2024-09-13T18:12:50","slug":"el-megatsunami-de-mas-de-200-metros-que-hizo-vibrar-la-tierra-durante-nueve-dias-en-2023-tras-fundirse-un-glaciar","status":"publish","type":"post","link":"https:\/\/elcuartopoder.com.mx\/nw\/entretenimiento\/tecnologia\/el-megatsunami-de-mas-de-200-metros-que-hizo-vibrar-la-tierra-durante-nueve-dias-en-2023-tras-fundirse-un-glaciar\/","title":{"rendered":"El megatsunami de m\u00e1s de 200 metros que hizo vibrar la Tierra durante nueve d\u00edas en 2023 tras fundirse un glaciar"},"content":{"rendered":"\n<p class=\"wp-block-paragraph\">En un\u00a0art\u00edculo\u00a0que se publica esta misma semana en\u00a0&#8216;Science&#8217;,\u00a0un equipo internacional de investigadores detalla la extraordinaria cadena de acontecimientos que llev\u00f3 a la Tierra a vibrar como una campana durante nueve largos d\u00edas en septiembre de 2023: en una zona remota de Groenlandia, un deslizamiento de tierra provoc\u00f3 un\u00a0&#8216;mega tsunami&#8217;\u00a0que estuvo azotando un fiordo durante nueve largos d\u00edas, algo nunca visto hasta ahora, generando esas vibraciones que repercutieron en todo el planeta.<\/p>\n\n\n\n<p class=\"wp-block-paragraph\">El evento inicial, del que nadie fue testigo directo, fue el colapso del pico de una monta\u00f1a de 1,2 kil\u00f3metros de altura en el remoto fiordo Dickson, en el este de Groenlandia, lo que hizo que el agua salpicara hasta 200 metros en el aire y gener\u00f3 una ola que alcanz\u00f3 los 110 metros de altura. La ola, que se desplaz\u00f3 atr\u00e1s y adelante, en un movimiento de vaiv\u00e9n a lo largo de los 10 km del estrecho y curvo fiordo, redujo su altura a siete metros en apenas unos minutos, y baj\u00f3 hasta unos pocos cent\u00edmetros en los d\u00edas siguientes. Pero los c\u00e1lculos mostraron que la agitaci\u00f3n del agua se prolong\u00f3 durante d\u00edas, y que pr\u00e1cticamente toda la energ\u00eda producida por el tsunami qued\u00f3 atrapada dentro del fiordo.<\/p>\n\n\n\n<p class=\"wp-block-paragraph\">El modelo matem\u00e1tico usado por los investigadores predijo que la masa de agua se habr\u00eda movido alternadamente hacia delante y hacia atr\u00e1s cada 90 segundos, lo que coincide con los registros de las ondas s\u00edsmicas que hicieron vibrar la corteza terrestre en todo el mundo.<\/p>\n\n\n\n<h3 class=\"wp-block-heading\">El cambio clim\u00e1tico fue el culpable<\/h3>\n\n\n\n<p class=\"wp-block-paragraph\">El deslizamiento de tierra inicial, escriben los investigadores, fue el resultado del adelgazamiento del glaciar al pie de la monta\u00f1a, que termin\u00f3 por no ser capaz de sostener la pared rocosa que hay sobre \u00e9l. En \u00faltima instancia, por lo tanto, todo el episodio puede achacarse al\u00a0<a href=\"https:\/\/www.abc.es\/natural\/cambio-climatico\/\">cambio clim\u00e1tico<\/a>. Tanto el deslizamiento de tierra como el tsunami fueron los primeros que se observan en el este de Groenlandia.<\/p>\n\n\n\n<p class=\"wp-block-paragraph\">\u00abCuando vi por primera vez la se\u00f1al s\u00edsmica -afirma Stephen Hicks, investigador de Ciencias de la Tierra en el University College de Londres y coautor del art\u00edculo-, qued\u00e9 completamente desconcertado. Aunque sabemos que los sism\u00f3metros pueden registrar una variedad de fuentes que ocurren en la superficie de la Tierra, nunca antes se hab\u00eda registrado una onda s\u00edsmica de tan larga duraci\u00f3n, que viaja globalmente y que contiene una sola frecuencia de oscilaci\u00f3n. Fue eso lo que me inspir\u00f3 a codirigir un gran equipo de cient\u00edficos para resolver el rompecabezas\u00bb.<\/p>\n\n\n\n<p class=\"wp-block-paragraph\">\u00abNuestro estudio de este evento -prosigue Hicks- resalta sorprendentemente las intrincadas interconexiones entre el cambio clim\u00e1tico en la atm\u00f3sfera, la desestabilizaci\u00f3n del hielo de los glaciares en la criosfera, los movimientos de los cuerpos de agua en la hidrosfera y la corteza s\u00f3lida de la Tierra en la litosfera. Esta es la primera vez que el chapoteo del agua se registra como vibraciones a trav\u00e9s de la corteza terrestre, viajando por todo el mundo y durando varios d\u00edas\u00bb.<\/p>\n\n\n\n<h3 class=\"wp-block-heading\">Una se\u00f1al global<\/h3>\n\n\n\n<p class=\"wp-block-paragraph\">La misteriosa se\u00f1al s\u00edsmica, en efecto, fue detectada por sism\u00f3metros de todo el mundo, desde el \u00c1rtico hasta la Ant\u00e1rtida. Y su aspecto era del todo diferente a los &#8216;retumbos&#8217; y &#8216;pings&#8217; ricos en frecuencias de las grabaciones de terremotos, ya que conten\u00eda solo una frecuencia de vibraci\u00f3n, como una especie de zumbido mon\u00f3tono. De hecho, cuando los autores del estudio descubrieron la se\u00f1al, la anotaron como un &#8216;OSU&#8217;: Objeto S\u00edsmico no Identificado.<\/p>\n\n\n\n<p class=\"wp-block-paragraph\">Al mismo tiempo, sin embargo, la noticia de un gran tsunami en un remoto fiordo del noreste de Groenlandia lleg\u00f3 hasta las autoridades e investigadores que trabajan en la zona. De modo que los cient\u00edficos unieron sus fuerzas en un grupo multidisciplinar \u00fanico en el que participaron 68 cient\u00edficos de 40 instituciones en 15 pa\u00edses, combinando datos de sism\u00f3metros e infrasonidos, mediciones de campo, im\u00e1genes terrestres y satelitales y simulaciones de ondas de tsunami.<\/p>\n\n\n\n<p class=\"wp-block-paragraph\">El equipo tambi\u00e9n utiliz\u00f3 im\u00e1genes capturadas por el ej\u00e9rcito dan\u00e9s, que naveg\u00f3 hacia el fiordo pocos d\u00edas despu\u00e9s del evento para inspeccionar la ladera de la monta\u00f1a colapsada y el frente del glaciar junto con las dram\u00e1ticas cicatrices dejadas por el tsunami.<\/p>\n\n\n\n<p class=\"wp-block-paragraph\">Fue esta combinaci\u00f3n de datos de campo locales y observaciones remotas a escala global lo que permiti\u00f3 que finalmente se resolviera el rompecabezas, reconstruyendo la extraordinaria cascada de eventos que llev\u00f3 a la Tierra entera a vibrar durante nueve d\u00edas.<\/p>\n\n\n\n<h3 class=\"wp-block-heading\">Una aventura cient\u00edfica<\/h3>\n\n\n\n<p class=\"wp-block-paragraph\">En palabras de Kristian Svennevig, del Servicio Geol\u00f3gico de Dinamarca y Groenlandia (GEUS) y autor principal del art\u00edculo, \u00abcuando nos embarcamos en esta aventura cient\u00edfica, todo el mundo estaba desconcertado y nadie ten\u00eda la m\u00e1s m\u00ednima idea de qu\u00e9 causaba la se\u00f1al. Todo lo que sab\u00edamos era que de alguna manera todo estaba asociado al deslizamiento de tierra. S\u00f3lo logramos resolver este enigma mediante un enorme esfuerzo interdisciplinar e internacional. Se trata del primer deslizamiento de tierra y tsunami observado en el este de Groenlandia, lo que demuestra c\u00f3mo el cambio clim\u00e1tico ya tiene importantes impactos all\u00ed\u00bb.<\/p>\n\n\n\n<p class=\"wp-block-paragraph\">Los investigadores estiman que unos 25 millones de metros c\u00fabicos de roca (suficiente para llenar 10.000 piscinas ol\u00edmpicas) se estrellaron ese d\u00eda contra el fiordo y causaron uno de los mayores tsunamis de la historia reciente.<\/p>\n\n\n\n<p class=\"wp-block-paragraph\">El fiordo Dickson forma parte de una ruta com\u00fanmente utilizada por los cruceros tur\u00edsticos que visitan Groenlandia. Afortunadamente, no hab\u00eda ning\u00fan barco cerca el d\u00eda del deslizamiento de tierra y el tsunami. De haber estado, las consecuencias de una ola de tsunami de esa magnitud habr\u00edan sido devastadoras.<\/p>\n\n\n\n<p class=\"wp-block-paragraph\">Una de las conclusiones del trabajo es que, dada la r\u00e1pida aceleraci\u00f3n del cambio clim\u00e1tico, es ahora m\u00e1s importante que nunca caracterizar y monitorear regiones que antes se consideraban estables y proporcionar alertas tempranas sobre estos eventos de deslizamientos de tierra masivos y tsunamis.<\/p>\n","protected":false},"excerpt":{"rendered":"<p>En un\u00a0art\u00edculo\u00a0que se publica esta misma semana en\u00a0&#8216;Science&#8217;,\u00a0un equipo internacional de investigadores detalla la extraordinaria cadena de acontecimientos que llev\u00f3 a la Tierra a vibrar como una campana durante nueve largos d\u00edas en septiembre de 2023: en una zona remota de Groenlandia, un deslizamiento de tierra provoc\u00f3 un\u00a0&#8216;mega tsunami&#8217;\u00a0que estuvo azotando un fiordo durante nueve [&hellip;]<\/p>\n","protected":false},"author":2,"featured_media":132463,"comment_status":"open","ping_status":"open","sticky":false,"template":"","format":"standard","meta":{"footnotes":""},"categories":[57],"tags":[],"class_list":["post-132462","post","type-post","status-publish","format-standard","has-post-thumbnail","hentry","category-tecnologia"],"_links":{"self":[{"href":"https:\/\/elcuartopoder.com.mx\/nw\/wp-json\/wp\/v2\/posts\/132462","targetHints":{"allow":["GET"]}}],"collection":[{"href":"https:\/\/elcuartopoder.com.mx\/nw\/wp-json\/wp\/v2\/posts"}],"about":[{"href":"https:\/\/elcuartopoder.com.mx\/nw\/wp-json\/wp\/v2\/types\/post"}],"author":[{"embeddable":true,"href":"https:\/\/elcuartopoder.com.mx\/nw\/wp-json\/wp\/v2\/users\/2"}],"replies":[{"embeddable":true,"href":"https:\/\/elcuartopoder.com.mx\/nw\/wp-json\/wp\/v2\/comments?post=132462"}],"version-history":[{"count":1,"href":"https:\/\/elcuartopoder.com.mx\/nw\/wp-json\/wp\/v2\/posts\/132462\/revisions"}],"predecessor-version":[{"id":132464,"href":"https:\/\/elcuartopoder.com.mx\/nw\/wp-json\/wp\/v2\/posts\/132462\/revisions\/132464"}],"wp:featuredmedia":[{"embeddable":true,"href":"https:\/\/elcuartopoder.com.mx\/nw\/wp-json\/wp\/v2\/media\/132463"}],"wp:attachment":[{"href":"https:\/\/elcuartopoder.com.mx\/nw\/wp-json\/wp\/v2\/media?parent=132462"}],"wp:term":[{"taxonomy":"category","embeddable":true,"href":"https:\/\/elcuartopoder.com.mx\/nw\/wp-json\/wp\/v2\/categories?post=132462"},{"taxonomy":"post_tag","embeddable":true,"href":"https:\/\/elcuartopoder.com.mx\/nw\/wp-json\/wp\/v2\/tags?post=132462"}],"curies":[{"name":"wp","href":"https:\/\/api.w.org\/{rel}","templated":true}]}}