{"id":132465,"date":"2024-09-13T13:14:44","date_gmt":"2024-09-13T18:14:44","guid":{"rendered":"http:\/\/elcuartopoder.com.mx\/nw\/?p=132465"},"modified":"2024-09-13T13:14:48","modified_gmt":"2024-09-13T18:14:48","slug":"propone-batres-a-ministros-mesa-de-transicion-para-garantizar-la-reforma-del-pjf","status":"publish","type":"post","link":"https:\/\/elcuartopoder.com.mx\/nw\/nacionales\/propone-batres-a-ministros-mesa-de-transicion-para-garantizar-la-reforma-del-pjf\/","title":{"rendered":"Propone Batres a ministros mesa de transici\u00f3n para garantizar la reforma del PJF"},"content":{"rendered":"\n<p class=\"wp-block-paragraph\"><em>Ciudad de M\u00e9xico.<\/em>&nbsp;La ministra Lenia Batres Guadarrama propuso al Pleno de la Suprema Corte de Justicia de la Naci\u00f3n (SCJN) que ante la aprobaci\u00f3n de la reforma al Poder Judicial se instale una mesa de transici\u00f3n que entre otras cosas \u201cformule una propuesta de reformas necesarias en la legislaci\u00f3n secundaria que de com\u00fan acuerdo entre las y los integrantes de este Pleno, deben ser consideradas para garantizar la viabilidad de la funci\u00f3n jurisdiccional con los cambios que conlleva la aplicaci\u00f3n de los cambios constitucionales respecto del Poder Judicial de la Federaci\u00f3n\u201d.<\/p>\n\n\n\n<p class=\"wp-block-paragraph\">En la propuesta que fue presentada ayer, la ministra se\u00f1ala en su escrito establece que \u201cante el incidente de confrontaci\u00f3n que lleg\u00f3 al punto de permitir la in\u00e9dita irrupci\u00f3n de personal del Poder Judicial en un recinto del Poder Legislativo para sabotear el ejercicio de una facultad constitucional de ese poder, considero necesario hacer un llamado a la prudencia, responsabilidad e institucionalidad de la comunidad que conforma los distintos \u00f3rganos del PJF.<\/p>\n\n\n\n<p class=\"wp-block-paragraph\">\u201cCorresponde al Pleno de la SCJN asumir el papel de liderazgo que le compete como cabeza de uno de los tres poderes del Estado mexicano\u201d.<\/p>\n\n\n\n<p class=\"wp-block-paragraph\">Batres Guadarrama se\u00f1al\u00f3 a los integrantes de la Corte que \u201cante la inminente aprobaci\u00f3n de la reforma en materia del Poder Judicial, por parte de la mayor\u00eda de los congresos de las entidades federativas de nuestro pa\u00eds, es necesario generar las condiciones que permitan \u2013 adem\u00e1s de un funcionamiento regular del Poder Judicial- participar constructivamente en la nueva \u00e9poca democr\u00e1tica, que configurar\u00e1 a este poder\u201d.<\/p>\n\n\n\n<p class=\"wp-block-paragraph\">En la propuesta para una mesa de transici\u00f3n menciona que se debe convocar al Consejo de la Judicatura Federal (CJF) para dise\u00f1ar los instrumentos normativos que permitan aprovechar los recursos con los que cuenta el Poder Judicial actual para la instalaci\u00f3n y funcionamiento tanto del \u00f3rgano de administraci\u00f3n, como del Tribunal de Disciplina Judicial aprobados en la reforma constitucional.<\/p>\n\n\n\n<p class=\"wp-block-paragraph\">En el documento que hoy fue recibido en la presidencia de la Corte refiere que esta, en conjunto con el CJF y el Tribunal Electoral del Poder Judicial de la Federaci\u00f3n (TEPJF), \u201ctome las medidas adecuadas que garanticen el cumplimiento de obligaciones financieras y laborales se\u00f1aladas en la reforma, como la extinci\u00f3n de fideicomisos y la adopci\u00f3n de l\u00edmites a las remuneraciones, con estricto respeto de los derechos de las personas trabajadoras\u201d.<\/p>\n\n\n\n<p class=\"wp-block-paragraph\">Asimismo menciona que se debe generar un canal institucional que sea adecuado para recibir propuestas normativas por parte del personal de base y de confianza adscrito a los juzgados, tribunales, la Corte y dem\u00e1s \u00e1reas administrativas, para ponerlas a consideraci\u00f3n del Poder Legislativo\u201d.<\/p>\n\n\n\n<p class=\"wp-block-paragraph\">Concluye su escrito se\u00f1alando que una mesa de transici\u00f3n \u201cpuede coadyuvar a reconstruir el orden constitucional y reencausar las labores ordinarias del Poder Judicial\u201d.<\/p>\n","protected":false},"excerpt":{"rendered":"<p>Ciudad de M\u00e9xico.&nbsp;La ministra Lenia Batres Guadarrama propuso al Pleno de la Suprema Corte de Justicia de la Naci\u00f3n (SCJN) que ante la aprobaci\u00f3n de la reforma al Poder Judicial se instale una mesa de transici\u00f3n que entre otras cosas \u201cformule una propuesta de reformas necesarias en la legislaci\u00f3n secundaria que de com\u00fan acuerdo entre [&hellip;]<\/p>\n","protected":false},"author":2,"featured_media":132466,"comment_status":"open","ping_status":"open","sticky":false,"template":"","format":"standard","meta":{"footnotes":""},"categories":[55],"tags":[],"class_list":["post-132465","post","type-post","status-publish","format-standard","has-post-thumbnail","hentry","category-nacionales"],"_links":{"self":[{"href":"https:\/\/elcuartopoder.com.mx\/nw\/wp-json\/wp\/v2\/posts\/132465","targetHints":{"allow":["GET"]}}],"collection":[{"href":"https:\/\/elcuartopoder.com.mx\/nw\/wp-json\/wp\/v2\/posts"}],"about":[{"href":"https:\/\/elcuartopoder.com.mx\/nw\/wp-json\/wp\/v2\/types\/post"}],"author":[{"embeddable":true,"href":"https:\/\/elcuartopoder.com.mx\/nw\/wp-json\/wp\/v2\/users\/2"}],"replies":[{"embeddable":true,"href":"https:\/\/elcuartopoder.com.mx\/nw\/wp-json\/wp\/v2\/comments?post=132465"}],"version-history":[{"count":1,"href":"https:\/\/elcuartopoder.com.mx\/nw\/wp-json\/wp\/v2\/posts\/132465\/revisions"}],"predecessor-version":[{"id":132467,"href":"https:\/\/elcuartopoder.com.mx\/nw\/wp-json\/wp\/v2\/posts\/132465\/revisions\/132467"}],"wp:featuredmedia":[{"embeddable":true,"href":"https:\/\/elcuartopoder.com.mx\/nw\/wp-json\/wp\/v2\/media\/132466"}],"wp:attachment":[{"href":"https:\/\/elcuartopoder.com.mx\/nw\/wp-json\/wp\/v2\/media?parent=132465"}],"wp:term":[{"taxonomy":"category","embeddable":true,"href":"https:\/\/elcuartopoder.com.mx\/nw\/wp-json\/wp\/v2\/categories?post=132465"},{"taxonomy":"post_tag","embeddable":true,"href":"https:\/\/elcuartopoder.com.mx\/nw\/wp-json\/wp\/v2\/tags?post=132465"}],"curies":[{"name":"wp","href":"https:\/\/api.w.org\/{rel}","templated":true}]}}