{"id":132470,"date":"2024-09-13T13:52:55","date_gmt":"2024-09-13T18:52:55","guid":{"rendered":"http:\/\/elcuartopoder.com.mx\/nw\/?p=132470"},"modified":"2024-09-13T13:52:59","modified_gmt":"2024-09-13T18:52:59","slug":"yasmin-prepara-golpe-contra-norma","status":"publish","type":"post","link":"https:\/\/elcuartopoder.com.mx\/nw\/editorial\/yasmin-prepara-golpe-contra-norma\/","title":{"rendered":"Yasm\u00edn prepara golpe contra Norma"},"content":{"rendered":"\n<p class=\"wp-block-paragraph\">\u201cLo mejor es lo peor que se va a poner\u201d, dijo el Ejecutivo federal. Y es verdad, ahora van por&nbsp;<strong>Norma Pi\u00f1a.<\/strong>&nbsp;En la cadena de venganzas y \u201cresarcimientos\u201d del r\u00e9gimen, ese es el eslab\u00f3n que sigue. Mi triste pron\u00f3stico: la ministra presidenta de la Suprema Corte de Justicia,<strong>&nbsp;Norma Luc\u00eda Pi\u00f1a<\/strong>, no llegar\u00e1 al primero de octubre al frente de la&nbsp;<strong>SCJN<\/strong>.<\/p>\n\n\n\n<p class=\"wp-block-paragraph\">El golpe m\u00e1s importante al poder Judicial ha sido dado. La reforma judicial fue aprobada de una manera burda, atroz. Pero viene m\u00e1s.<\/p>\n\n\n\n<p class=\"wp-block-paragraph\">Desde el inicio de a\u00f1o, la 4t prepara un mot\u00edn, un golpe interno, contra la cabeza del tribunal supremo. No se esperar\u00e1n a que se implemente la reforma judicial, claro que no. En esta insurrecci\u00f3n,&nbsp;<strong>Yasm\u00edn Esquivel Mossa<\/strong>&nbsp;jugar\u00e1 un papel fundamental. No es coincidencia que ha sido la m\u00e1s vociferante cr\u00edtica de&nbsp;<strong>Pi\u00f1a Hern\u00e1ndez<\/strong>. La ministra plagiaria enfila su inquina en contra de una \u201cNorma\u201d a la que nunca podr\u00e1 alcanzar ni en conocimientos ni en honorabilidad.<\/p>\n\n\n\n<p class=\"wp-block-paragraph\">La defraudadora quiere ser la nueva presidenta de \u2018la Corte del Bienestar\u2019; se presta a convertirse en el instrumento del presidente&nbsp;<strong>AMLO&nbsp;<\/strong>y del morenismo para cobrarse una venganza. No sorprende la embestida que Esquivel hizo contra la contrapropuesta de reforma que present\u00f3 el domingo la a\u00fan constitucionalista presidenta.<\/p>\n\n\n\n<p class=\"wp-block-paragraph\">Muy en sinton\u00eda ha actuado con<strong>&nbsp;L\u00f3pez Obrador<\/strong>&nbsp;quien ayer amenaz\u00f3 \u2014s\u00ed, amenaz\u00f3\u2014 a&nbsp;<strong>Pi\u00f1a&nbsp;<\/strong>(y de paso a todos los juristas que han tenido la decencia de no plegarse al dictador). \u201cYo les aconsejar\u00eda a la ministra Pi\u00f1a y al resto de los ministros que act\u00faen con responsabilidad; es como el que est\u00e1 en un pantano, en arenas movedizas, siguen caminando y se siguen hundiendo\u00bb, dijo el primer mandatario.<\/p>\n\n\n\n<p class=\"wp-block-paragraph\">Esquivel quiere llegar a ser presidenta del&nbsp;<strong>Tribunal Supremo,&nbsp;<\/strong>aunque eso suponga terminar de condenar al pa\u00eds a la ignominia. Y a la eterna burla\u2026 M\u00e1s nos vale irnos imaginando al gremio del Derecho teniendo como presidenta a quien en el fondo no es abogada; a una doble plagiaria de tesis. Una persona que utiliz\u00f3 la ley para amordazar a la&nbsp;<strong>UNAM&nbsp;<\/strong>y no permitir que dijera a la opini\u00f3n p\u00fablica lo que ya todos sabemos.<\/p>\n\n\n\n<p class=\"wp-block-paragraph\">A&nbsp;<strong>Yasm\u00edn&nbsp;<\/strong>y a muchos del r\u00e9gimen&nbsp;<strong>obradorista<\/strong>, incapaces de verse en el espejo pues la verg\u00fcenza y la pena ajena los aniquilar\u00eda, les estorba Pi\u00f1a Hern\u00e1ndez.<\/p>\n\n\n\n<p class=\"wp-block-paragraph\">El golpe lo plane\u00f3 el Ejecutivo federal y ha sido operado por quienes forman parte de la rama Judicial, lo cual incluye ir a placearse a diversos medios de comunicaci\u00f3n para narrar torvamente una historia donde las ministras que se han vendido al autocr\u00e1tico r\u00e9gimen son las hero\u00ednas de la destrucci\u00f3n y del desamparo en el que van a enterrar a todos los mexicanos sin excepci\u00f3n. Las ministras&nbsp;<strong>Loretta Ortiz y Lenia Batres<\/strong>, afines al gobierno y militantes de Morena completan la triada. Ayer festejaron la aprobaci\u00f3n de la reforma judicial en el Senado. \u00bfC\u00f3mo ven?<\/p>\n\n\n\n<p class=\"wp-block-paragraph\"><strong>Yasm\u00edn Esquivel&nbsp;<\/strong>debiera preguntarse si sus sue\u00f1os plagiarios le alcanzan para tener el c\u00e9ntimo de humildad de consultarlos con la presidenta electa,&nbsp;<strong>Claudia Sheinbaum<\/strong>. Y a su vez, la primera mandataria en ciernes debiera consultar con la almohada si no est\u00e1 heredando ya demasiados infiernos como para aventarse este otro trompo a la u\u00f1a y secundar en sus fechor\u00edas a las tres ministras espurias.<\/p>\n\n\n\n<p class=\"wp-block-paragraph\">Espero, de verdad ruego, que la presidenta electa ya haya pensado a qui\u00e9n \u2014y garantizado el c\u00f3mo\u2014 va a poner como nueva presidenta (con A) o presidente (con E) del m\u00e1ximo tribunal. Es algo que, dado el nuevo modelo de Poder Judicial que Morena y aliados acaban de aprobar, le corresponder\u00eda a&nbsp;<strong>Sheinbaum&nbsp;<\/strong>definir.<\/p>\n\n\n\n<p class=\"wp-block-paragraph\">\u00bfO s\u00ed se va a inclinar por defender a la mencionada doble plagiaria (junto con la llegada de&nbsp;<strong>Arturo Zald\u00edvar<\/strong>&nbsp;a presidir el Tribunal de Disciplina Judicial)? \u00bf<strong>Claudia&nbsp;<\/strong>est\u00e1 lista para ponerle el \u00faltimo clavo al ata\u00fad del Estado de derecho en este pa\u00eds?<\/p>\n\n\n\n<p class=\"wp-block-paragraph\">Se prepara un golpe de Estado contra la presidenta de la SCJN. Dado que los&nbsp;<strong>morenistas&nbsp;<\/strong>ya no guardan ni las m\u00e1s m\u00ednimas formas espero que esto que escribo sea tan obvio para Sheinbaum como lo es para m\u00ed. Ella, la futura presidenta de nuestra naci\u00f3n, debe preguntarse: \u00bfqu\u00e9 es lo que beneficiar\u00eda m\u00e1s a su gobierno, pero sobre todo a M\u00e9xico?<\/p>\n\n\n\n<p class=\"wp-block-paragraph\">POR VER\u00d3NICA MALO GUZM\u00c1N&nbsp;<\/p>\n","protected":false},"excerpt":{"rendered":"<p>\u201cLo mejor es lo peor que se va a poner\u201d, dijo el Ejecutivo federal. Y es verdad, ahora van por&nbsp;Norma Pi\u00f1a.&nbsp;En la cadena de venganzas y \u201cresarcimientos\u201d del r\u00e9gimen, ese es el eslab\u00f3n que sigue. Mi triste pron\u00f3stico: la ministra presidenta de la Suprema Corte de Justicia,&nbsp;Norma Luc\u00eda Pi\u00f1a, no llegar\u00e1 al primero de octubre [&hellip;]<\/p>\n","protected":false},"author":2,"featured_media":132471,"comment_status":"open","ping_status":"open","sticky":false,"template":"","format":"standard","meta":{"footnotes":""},"categories":[63],"tags":[],"class_list":["post-132470","post","type-post","status-publish","format-standard","has-post-thumbnail","hentry","category-editorial"],"_links":{"self":[{"href":"https:\/\/elcuartopoder.com.mx\/nw\/wp-json\/wp\/v2\/posts\/132470","targetHints":{"allow":["GET"]}}],"collection":[{"href":"https:\/\/elcuartopoder.com.mx\/nw\/wp-json\/wp\/v2\/posts"}],"about":[{"href":"https:\/\/elcuartopoder.com.mx\/nw\/wp-json\/wp\/v2\/types\/post"}],"author":[{"embeddable":true,"href":"https:\/\/elcuartopoder.com.mx\/nw\/wp-json\/wp\/v2\/users\/2"}],"replies":[{"embeddable":true,"href":"https:\/\/elcuartopoder.com.mx\/nw\/wp-json\/wp\/v2\/comments?post=132470"}],"version-history":[{"count":1,"href":"https:\/\/elcuartopoder.com.mx\/nw\/wp-json\/wp\/v2\/posts\/132470\/revisions"}],"predecessor-version":[{"id":132472,"href":"https:\/\/elcuartopoder.com.mx\/nw\/wp-json\/wp\/v2\/posts\/132470\/revisions\/132472"}],"wp:featuredmedia":[{"embeddable":true,"href":"https:\/\/elcuartopoder.com.mx\/nw\/wp-json\/wp\/v2\/media\/132471"}],"wp:attachment":[{"href":"https:\/\/elcuartopoder.com.mx\/nw\/wp-json\/wp\/v2\/media?parent=132470"}],"wp:term":[{"taxonomy":"category","embeddable":true,"href":"https:\/\/elcuartopoder.com.mx\/nw\/wp-json\/wp\/v2\/categories?post=132470"},{"taxonomy":"post_tag","embeddable":true,"href":"https:\/\/elcuartopoder.com.mx\/nw\/wp-json\/wp\/v2\/tags?post=132470"}],"curies":[{"name":"wp","href":"https:\/\/api.w.org\/{rel}","templated":true}]}}