{"id":132473,"date":"2024-09-13T13:54:40","date_gmt":"2024-09-13T18:54:40","guid":{"rendered":"http:\/\/elcuartopoder.com.mx\/nw\/?p=132473"},"modified":"2024-09-13T13:54:41","modified_gmt":"2024-09-13T18:54:41","slug":"el-fenomeno-migratorio-una-realidad-global-con-retos-locales","status":"publish","type":"post","link":"https:\/\/elcuartopoder.com.mx\/nw\/destacadas\/el-fenomeno-migratorio-una-realidad-global-con-retos-locales\/","title":{"rendered":"El fen\u00f3meno migratorio: una realidad global con retos locales"},"content":{"rendered":"\n<p class=\"wp-block-paragraph\">La migraci\u00f3n es una de las realidades m\u00e1s complejas y visibles de nuestro tiempo. En las \u00faltimas d\u00e9cadas, millones de personas han dejado sus hogares en busca de mejores oportunidades, huyendo de la violencia, la pobreza y los desastres naturales. M\u00e9xico, por su ubicaci\u00f3n geogr\u00e1fica, es un punto neur\u00e1lgico de esta traves\u00eda, convirti\u00e9ndose en un pa\u00eds de origen, tr\u00e1nsito, destino y retorno para miles de migrantes.<\/p>\n\n\n\n<p class=\"wp-block-paragraph\">De acuerdo con la Organizaci\u00f3n Internacional para las Migraciones (OIM), desde octubre de 2022 hasta noviembre de 2023, se han realizado 29 mil encuestas a migrantes en tr\u00e1nsito por M\u00e9xico y Am\u00e9rica Central. Los datos revelan que la mayor\u00eda de los migrantes son hombres (59%), aunque una porci\u00f3n significativa son mujeres (41%). La mayor\u00eda tiene entre 26 y 35 a\u00f1os, y el 76% no tiene la intenci\u00f3n de regresar a su pa\u00eds de origen, lo que indica que buscan una migraci\u00f3n definitiva.<\/p>\n\n\n\n<p class=\"wp-block-paragraph\">Uno de los aspectos m\u00e1s alarmantes de este fen\u00f3meno es la creciente vulnerabilidad a la que est\u00e1n expuestos los migrantes. Desde 2014, m\u00e1s de 8,332 migrantes han desaparecido en Norteam\u00e9rica, Centroam\u00e9rica, Sudam\u00e9rica y el Caribe, seg\u00fan reporta la OIM. Los principales peligros incluyen ahogamientos, accidentes de transporte, condiciones ambientales extremas, y la violencia. Estas cifras reflejan una cruda realidad: la traves\u00eda migratoria no es solo un camino hacia un nuevo comienzo, sino tambi\u00e9n un recorrido lleno de riesgos mortales.<\/p>\n\n\n\n<p class=\"wp-block-paragraph\">El tr\u00e1nsito irregular de migrantes se ha intensificado en M\u00e9xico, alcanzando su punto m\u00e1s alto entre julio y septiembre de 2023, cuando se registr\u00f3 el 51% del flujo total del a\u00f1o. La mayor\u00eda de los migrantes provienen de Venezuela, Honduras, Guatemala, Ecuador y Hait\u00ed, lo que refleja la magnitud y diversidad de los flujos migratorios que cruzan el pa\u00eds.<\/p>\n\n\n\n<p class=\"wp-block-paragraph\">Frente a esta situaci\u00f3n, el gobierno mexicano ha lanzado la \u00abEstrategia Nacional de Combate al Tr\u00e1fico Il\u00edcito de Personas Migrantes con Perspectiva de G\u00e9nero 2023-2025\u00bb. Esta estrategia busca combatir el tr\u00e1fico il\u00edcito de personas, promover la regularizaci\u00f3n de los migrantes, y proteger a quienes son v\u00edctimas de este delito. Sin embargo, la implementaci\u00f3n efectiva de estas pol\u00edticas depende de una coordinaci\u00f3n estrecha con actores internacionales y locales, as\u00ed como de un compromiso real con los derechos humanos y la dignidad de cada persona migrante.<\/p>\n\n\n\n<p class=\"wp-block-paragraph\">La migraci\u00f3n no es solo un fen\u00f3meno estad\u00edstico; es una realidad que toca vidas, historias, sue\u00f1os y esperanzas. Mientras el mundo se enfrenta a crisis econ\u00f3micas, clim\u00e1ticas y sociales, los flujos migratorios seguir\u00e1n siendo una constante. Es fundamental que todos los actores involucrados \u2013 gobiernos, sociedad civil y organizaciones internacionales \u2013 asuman su responsabilidad de abordar este desaf\u00edo con empat\u00eda, justicia y una visi\u00f3n a largo plazo que priorice la seguridad y el bienestar de las personas sobre las fronteras.<\/p>\n\n\n\n<p class=\"wp-block-paragraph\">La migraci\u00f3n es un derecho humano y una manifestaci\u00f3n de la resiliencia ante la adversidad. Es tiempo de construir puentes de cooperaci\u00f3n y solidaridad, en lugar de levantar muros de miedo e indiferencia.<\/p>\n\n\n\n<p class=\"wp-block-paragraph\">POR JORGE CU\u00c9LLAR MONTOYA<\/p>\n","protected":false},"excerpt":{"rendered":"<p>La migraci\u00f3n es una de las realidades m\u00e1s complejas y visibles de nuestro tiempo. En las \u00faltimas d\u00e9cadas, millones de personas han dejado sus hogares en busca de mejores oportunidades, huyendo de la violencia, la pobreza y los desastres naturales. M\u00e9xico, por su ubicaci\u00f3n geogr\u00e1fica, es un punto neur\u00e1lgico de esta traves\u00eda, convirti\u00e9ndose en un [&hellip;]<\/p>\n","protected":false},"author":2,"featured_media":132474,"comment_status":"open","ping_status":"open","sticky":false,"template":"","format":"standard","meta":{"footnotes":""},"categories":[59],"tags":[],"class_list":["post-132473","post","type-post","status-publish","format-standard","has-post-thumbnail","hentry","category-destacadas"],"_links":{"self":[{"href":"https:\/\/elcuartopoder.com.mx\/nw\/wp-json\/wp\/v2\/posts\/132473","targetHints":{"allow":["GET"]}}],"collection":[{"href":"https:\/\/elcuartopoder.com.mx\/nw\/wp-json\/wp\/v2\/posts"}],"about":[{"href":"https:\/\/elcuartopoder.com.mx\/nw\/wp-json\/wp\/v2\/types\/post"}],"author":[{"embeddable":true,"href":"https:\/\/elcuartopoder.com.mx\/nw\/wp-json\/wp\/v2\/users\/2"}],"replies":[{"embeddable":true,"href":"https:\/\/elcuartopoder.com.mx\/nw\/wp-json\/wp\/v2\/comments?post=132473"}],"version-history":[{"count":1,"href":"https:\/\/elcuartopoder.com.mx\/nw\/wp-json\/wp\/v2\/posts\/132473\/revisions"}],"predecessor-version":[{"id":132475,"href":"https:\/\/elcuartopoder.com.mx\/nw\/wp-json\/wp\/v2\/posts\/132473\/revisions\/132475"}],"wp:featuredmedia":[{"embeddable":true,"href":"https:\/\/elcuartopoder.com.mx\/nw\/wp-json\/wp\/v2\/media\/132474"}],"wp:attachment":[{"href":"https:\/\/elcuartopoder.com.mx\/nw\/wp-json\/wp\/v2\/media?parent=132473"}],"wp:term":[{"taxonomy":"category","embeddable":true,"href":"https:\/\/elcuartopoder.com.mx\/nw\/wp-json\/wp\/v2\/categories?post=132473"},{"taxonomy":"post_tag","embeddable":true,"href":"https:\/\/elcuartopoder.com.mx\/nw\/wp-json\/wp\/v2\/tags?post=132473"}],"curies":[{"name":"wp","href":"https:\/\/api.w.org\/{rel}","templated":true}]}}