{"id":132476,"date":"2024-09-13T14:00:26","date_gmt":"2024-09-13T19:00:26","guid":{"rendered":"http:\/\/elcuartopoder.com.mx\/nw\/?p=132476"},"modified":"2024-09-13T14:00:30","modified_gmt":"2024-09-13T19:00:30","slug":"acusan-a-movilidad-de-complicar-trabajo-con-las-plataformas-de-transporte","status":"publish","type":"post","link":"https:\/\/elcuartopoder.com.mx\/nw\/estatales\/acusan-a-movilidad-de-complicar-trabajo-con-las-plataformas-de-transporte\/","title":{"rendered":"Acusan a Movilidad de complicar trabajo con las plataformas de transporte"},"content":{"rendered":"\n<p class=\"wp-block-paragraph\">Operadores de plataforma de transporte privado en Canc\u00fan exigen cambios a la Ley de Movilidad de Quintana Roo, a pesar de que la empresa que los representa se ha negado a tramitar el permiso establecido en la legislaci\u00f3n.<\/p>\n\n\n\n<p class=\"wp-block-paragraph\">Omar Pantale\u00f3n, uno de los conductores, dijo que para trabajar en una plataforma&nbsp;<strong>deben pagar 4 mil 700 pesos por cada empresa<\/strong>&nbsp;en la que deseen trabajar, lo cual consideran excesivo.<\/p>\n\n\n\n<blockquote class=\"wp-block-quote is-layout-flow wp-block-quote-is-layout-flow\"><p>\u00abNos est\u00e1n solicitando permisos por cada plataforma que en la que trabajemos. El permiso asciende a 4 mil 700 pesos por aplicaci\u00f3n. Entonces, si nosotros queremos trabajar en dos aplicaciones, tenemos que sacar dos permisos con dos pagos, por lo que, aunque tengamos el permiso para trabajar en Didi y nos hacen una inspecci\u00f3n trabajando Indrive, es como si no tuvi\u00e9ramos permiso y nos sancionan\u00bb.<\/p><\/blockquote>\n\n\n\n<p class=\"wp-block-paragraph\">Reconoci\u00f3 que la gran mayor\u00eda de los conductores trabaja en varias plataformas, pero con un solo permiso, debido a que las&nbsp;<strong>empresas solo les solicitan que tengan seguro<\/strong>&nbsp;de cobertura amplia, licencia para manejar vigente y el carro en buenas condiciones, pueden operar.<\/p>\n\n\n\n<p class=\"wp-block-paragraph\">Eso ha ocasionado que, en los \u00faltimos d\u00edas, durante los operativos que ha llevado a cabo Imoveqroo, han sido sancionados al menos 12 conductores, a\u00f1adi\u00f3.<\/p>\n\n\n\n<p class=\"wp-block-paragraph\">Adem\u00e1s, dijo que los sancionados deben&nbsp;<strong>pagar una multa que ascienden a 70 mil pesos<\/strong>&nbsp;y las plataformas no se hacen responsables de los gastos, por lo que son los operadores los que asumen la responsabilidad.<\/p>\n\n\n\n<blockquote class=\"wp-block-quote is-layout-flow wp-block-quote-is-layout-flow\"><p>\u00abEstamos en contra de c\u00f3mo lo est\u00e1n haciendo, pero nosotros estamos dispuestos a alinearnos, a pasar revista con ellos, pero solicit\u00e1ndoles pr\u00f3rrogas y m\u00e1s flexibilidad para estas situaciones\u00bb,<\/p><\/blockquote>\n\n\n\n<p class=\"wp-block-paragraph\">coment\u00f3 el conductor, qui\u00e9n se\u00f1al\u00f3 que ya se entreg\u00f3 un pliego petitorio con el objetivo de que haya una mesa de di\u00e1logo entre las autoridades y los conductores de las plataformas.<\/p>\n\n\n\n<p class=\"wp-block-paragraph\">Mientras tanto, Pantale\u00f3n dijo que debido a que los operativos de Imoveqroo continuar\u00e1n, se&nbsp;<strong>sugiere a los conductores de plataforma que operen con cuidado<\/strong>&nbsp;y se mantengan en constante contacto con sus compa\u00f1eros.<\/p>\n\n\n\n<p class=\"wp-block-paragraph\">Antonio Valenzuela, operador afectado, indic\u00f3 que buscan dialogar con autoridades de esta dependencia debido a un permiso que se les est\u00e1 pidiendo para poder circular en la ciudad a los choferes de las plataformas digitales.<\/p>\n\n\n\n<p class=\"wp-block-paragraph\">Otro problema es que tambi\u00e9n est\u00e1n&nbsp;<strong>limitando el modelo de los veh\u00edculos<\/strong>, los cuales cuando mucho deben tener 5 a\u00f1os de antig\u00fcedad.<\/p>\n\n\n\n<p class=\"wp-block-paragraph\">Sin embargo, hay modelos 2016 o 2017 que est\u00e1n en excelentes condiciones para trabajar en las plataformas, pero las autoridades de Movilidad no lo permiten.<\/p>\n\n\n\n<p class=\"wp-block-paragraph\">Finalmente, Yolitzin Hern\u00e1ndez, otra de las operadoras de plataforma digital, explic\u00f3 que sus compa\u00f1eros acudieron al Imoveqroo y hasta hoy no tienen una respuesta.<\/p>\n\n\n\n<p class=\"wp-block-paragraph\"><em>(Con informaci\u00f3n de Enrique Huerta y Miguel S\u00e1nchez)<\/em><\/p>\n","protected":false},"excerpt":{"rendered":"<p>Operadores de plataforma de transporte privado en Canc\u00fan exigen cambios a la Ley de Movilidad de Quintana Roo, a pesar de que la empresa que los representa se ha negado a tramitar el permiso establecido en la legislaci\u00f3n. Omar Pantale\u00f3n, uno de los conductores, dijo que para trabajar en una plataforma&nbsp;deben pagar 4 mil 700 [&hellip;]<\/p>\n","protected":false},"author":2,"featured_media":132477,"comment_status":"open","ping_status":"open","sticky":false,"template":"","format":"standard","meta":{"footnotes":""},"categories":[60],"tags":[],"class_list":["post-132476","post","type-post","status-publish","format-standard","has-post-thumbnail","hentry","category-estatales"],"_links":{"self":[{"href":"https:\/\/elcuartopoder.com.mx\/nw\/wp-json\/wp\/v2\/posts\/132476","targetHints":{"allow":["GET"]}}],"collection":[{"href":"https:\/\/elcuartopoder.com.mx\/nw\/wp-json\/wp\/v2\/posts"}],"about":[{"href":"https:\/\/elcuartopoder.com.mx\/nw\/wp-json\/wp\/v2\/types\/post"}],"author":[{"embeddable":true,"href":"https:\/\/elcuartopoder.com.mx\/nw\/wp-json\/wp\/v2\/users\/2"}],"replies":[{"embeddable":true,"href":"https:\/\/elcuartopoder.com.mx\/nw\/wp-json\/wp\/v2\/comments?post=132476"}],"version-history":[{"count":1,"href":"https:\/\/elcuartopoder.com.mx\/nw\/wp-json\/wp\/v2\/posts\/132476\/revisions"}],"predecessor-version":[{"id":132478,"href":"https:\/\/elcuartopoder.com.mx\/nw\/wp-json\/wp\/v2\/posts\/132476\/revisions\/132478"}],"wp:featuredmedia":[{"embeddable":true,"href":"https:\/\/elcuartopoder.com.mx\/nw\/wp-json\/wp\/v2\/media\/132477"}],"wp:attachment":[{"href":"https:\/\/elcuartopoder.com.mx\/nw\/wp-json\/wp\/v2\/media?parent=132476"}],"wp:term":[{"taxonomy":"category","embeddable":true,"href":"https:\/\/elcuartopoder.com.mx\/nw\/wp-json\/wp\/v2\/categories?post=132476"},{"taxonomy":"post_tag","embeddable":true,"href":"https:\/\/elcuartopoder.com.mx\/nw\/wp-json\/wp\/v2\/tags?post=132476"}],"curies":[{"name":"wp","href":"https:\/\/api.w.org\/{rel}","templated":true}]}}