{"id":132490,"date":"2024-09-16T14:12:26","date_gmt":"2024-09-16T19:12:26","guid":{"rendered":"http:\/\/elcuartopoder.com.mx\/nw\/?p=132490"},"modified":"2024-09-16T14:12:27","modified_gmt":"2024-09-16T19:12:27","slug":"dos-infanticidios-en-veracruz-en-menos-de-una-semana","status":"publish","type":"post","link":"https:\/\/elcuartopoder.com.mx\/nw\/policiacas\/dos-infanticidios-en-veracruz-en-menos-de-una-semana\/","title":{"rendered":"Dos infanticidios en Veracruz en menos de una semana"},"content":{"rendered":"\n<p class=\"wp-block-paragraph\"><em>Xalapa, Ver.,<\/em>&nbsp;En la \u00faltima semana, el estado de Veracruz ha registrado dos infanticidios, de menores que previamente hab\u00edan sido reportados como desaparecidos por sus familiares.<\/p>\n\n\n\n<p class=\"wp-block-paragraph\">Este 14 de febrero fue localizado en el municipio de Banderilla el cuerpo de Isidro, ni\u00f1o de 7 a\u00f1os de edad, al cual sus seres queridos reportaron como privado de su libertad por personas que viajaban a bordo de un veh\u00edculo negro en la regi\u00f3n de Alto Lucero.<\/p>\n\n\n\n<p class=\"wp-block-paragraph\">Por este caso, hasta el momento, hay dos mujeres detenidas, presuntamente relacionadas con el secuestro y asesinato, las cuales ser\u00edan vecinas de la familia de Isidro.<\/p>\n\n\n\n<p class=\"wp-block-paragraph\">Mientras tanto en Orizaba, el d\u00eda 12 de septiembre fue reportada la localizaci\u00f3n sin vida de Jos\u00e9 Poleth P\u00e9rez Zepahua, ni\u00f1a de 11 a\u00f1os reportada como desaparecida desde el 8 de septiembre del presente a\u00f1o.<\/p>\n\n\n\n<p class=\"wp-block-paragraph\">Su cuerpo fue encontrado en las orillas del Paseo del R\u00edo, en Orizaba y de acuerdo a lo que ha trascendido, presenta signos de violencia.<\/p>\n\n\n\n<p class=\"wp-block-paragraph\">La sociedad en Orizaba ha exigido a las autoridades una respuesta ante esta situaci\u00f3n.<\/p>\n\n\n\n<p class=\"wp-block-paragraph\">En ese sentido el Sistema DIF estatal confirm\u00f3 que tiene conocimiento de los hechos y lamentaron los hechos, adem\u00e1s de est\u00e1 Ren\u00e9 contacto con las autoridades, para que si es necesario se de cooperaci\u00f3n entre las dependencias.<\/p>\n\n\n\n<p class=\"wp-block-paragraph\">\u201cSigue siendo una problem\u00e1tica, el \u00faltimo de la ni\u00f1a de Orizaba la directora en seguida me pregunt\u00f3 dato, (\u2026) la ni\u00f1a primero estaba no localizada, y despu\u00e9s localizada pero desafortunadamente sin vida\u201d, indic\u00f3 titular de la Procuradur\u00eda Estatal de Defensa del Menor, Ludgara Madrigal.<\/p>\n","protected":false},"excerpt":{"rendered":"<p>Xalapa, Ver.,&nbsp;En la \u00faltima semana, el estado de Veracruz ha registrado dos infanticidios, de menores que previamente hab\u00edan sido reportados como desaparecidos por sus familiares. Este 14 de febrero fue localizado en el municipio de Banderilla el cuerpo de Isidro, ni\u00f1o de 7 a\u00f1os de edad, al cual sus seres queridos reportaron como privado de [&hellip;]<\/p>\n","protected":false},"author":2,"featured_media":132491,"comment_status":"open","ping_status":"open","sticky":false,"template":"","format":"standard","meta":{"footnotes":""},"categories":[23],"tags":[],"class_list":["post-132490","post","type-post","status-publish","format-standard","has-post-thumbnail","hentry","category-policiacas"],"_links":{"self":[{"href":"https:\/\/elcuartopoder.com.mx\/nw\/wp-json\/wp\/v2\/posts\/132490","targetHints":{"allow":["GET"]}}],"collection":[{"href":"https:\/\/elcuartopoder.com.mx\/nw\/wp-json\/wp\/v2\/posts"}],"about":[{"href":"https:\/\/elcuartopoder.com.mx\/nw\/wp-json\/wp\/v2\/types\/post"}],"author":[{"embeddable":true,"href":"https:\/\/elcuartopoder.com.mx\/nw\/wp-json\/wp\/v2\/users\/2"}],"replies":[{"embeddable":true,"href":"https:\/\/elcuartopoder.com.mx\/nw\/wp-json\/wp\/v2\/comments?post=132490"}],"version-history":[{"count":1,"href":"https:\/\/elcuartopoder.com.mx\/nw\/wp-json\/wp\/v2\/posts\/132490\/revisions"}],"predecessor-version":[{"id":132492,"href":"https:\/\/elcuartopoder.com.mx\/nw\/wp-json\/wp\/v2\/posts\/132490\/revisions\/132492"}],"wp:featuredmedia":[{"embeddable":true,"href":"https:\/\/elcuartopoder.com.mx\/nw\/wp-json\/wp\/v2\/media\/132491"}],"wp:attachment":[{"href":"https:\/\/elcuartopoder.com.mx\/nw\/wp-json\/wp\/v2\/media?parent=132490"}],"wp:term":[{"taxonomy":"category","embeddable":true,"href":"https:\/\/elcuartopoder.com.mx\/nw\/wp-json\/wp\/v2\/categories?post=132490"},{"taxonomy":"post_tag","embeddable":true,"href":"https:\/\/elcuartopoder.com.mx\/nw\/wp-json\/wp\/v2\/tags?post=132490"}],"curies":[{"name":"wp","href":"https:\/\/api.w.org\/{rel}","templated":true}]}}