{"id":132496,"date":"2024-09-16T14:25:40","date_gmt":"2024-09-16T19:25:40","guid":{"rendered":"http:\/\/elcuartopoder.com.mx\/nw\/?p=132496"},"modified":"2024-09-16T14:25:45","modified_gmt":"2024-09-16T19:25:45","slug":"la-muerte-en-los-pulmones","status":"publish","type":"post","link":"https:\/\/elcuartopoder.com.mx\/nw\/entretenimiento\/salud\/la-muerte-en-los-pulmones\/","title":{"rendered":"La muerte en los pulmones"},"content":{"rendered":"\n<p class=\"wp-block-paragraph\">Informaci\u00f3n difundida por la OMS estima que hasta 8.1 millones en todo el mundo murieron a causa de la contaminaci\u00f3n atmosf\u00e9rica en 2021, por lo que el llamado en M\u00e9xico es trabajar en acciones para garantizar el derecho a respirar aire limpio.<\/p>\n\n\n\n<p class=\"wp-block-paragraph\">La\u00a0<strong>contaminaci\u00f3n atmosf\u00e9rica\u00a0<\/strong>es uno de los principales<strong>\u00a0riesgos ambientales para la salud,<\/strong>\u00a0de acuerdo con la Organizaci\u00f3n Mundial de la Salud (OMS), adem\u00e1s de causar la muerte prematura de millones de personas en todo el mundo. En\u00a0<strong>M\u00e9xico<\/strong>, la Constituci\u00f3n reconoce el<strong>\u00a0derecho a un medio ambiente sano<\/strong>, pero en la pr\u00e1ctica a\u00fan falta que autoridades locales y federales trabajen en coordinaci\u00f3n para, por ejemplo, implementar regulaciones y programas de acci\u00f3n que ayuden a mejorar la calidad del aire.<\/p>\n\n\n\n<p class=\"wp-block-paragraph\">\u201cEl Gobierno federal tiene una responsabilidad muy espec\u00edfica que tiene que ver con el marco regulatorio a nivel nacional, donde se rigen los par\u00e1metros de contaminaci\u00f3n permisibles en la atm\u00f3sfera, tambi\u00e9n toda la regulaci\u00f3n relacionada con las fuentes de emisiones de industrias, de veh\u00edculos, las estaciones de servicio, todo el tema del gas; y est\u00e1 el nivel local, con los municipios, las alcald\u00edas y los estados. [El trabajo] debe ser transversal, no s\u00f3lo es un tema de la Secretar\u00eda del Medio Ambiente, que desafortunadamente es quien menos dientes tiene en la implementaci\u00f3n de acciones y la generaci\u00f3n de incentivos para hacer cumplir las leyes y los dem\u00e1s programas enfocados en mejorar la calidad del aire\u201d, expuso\u00a0<strong>Stephan Brodziak<\/strong>, coordinador de la campa\u00f1a de Calidad del Aire del Poder del Consumidor.<\/p>\n\n\n\n<p class=\"wp-block-paragraph\">En entrevista para el programa<strong>\u00a0En Defensa del Consumidor<\/strong>, que se transmite por el\u00a0<strong>Estudio B<\/strong>\u00a0de\u00a0<strong>SinEmbargo<\/strong>, Brodziak record\u00f3 que desde la d\u00e9cada de los 90 en M\u00e9xico se han adoptado medidas importantes para reducir la contaminaci\u00f3n del aire, como en 1997, cuando se elimin\u00f3 el plomo en las gasolinas, pero la poblaci\u00f3n a\u00fan est\u00e1 expuesta a niveles altos de contaminantes.<\/p>\n\n\n\n<p class=\"wp-block-paragraph\">Una muestra de ellos es la\u00a0Ciudad de M\u00e9xico, que en 2021 tuvo en promedio 175 d\u00edas al a\u00f1o con mala calidad del aire y 49 con muy mala, un problema de contaminaci\u00f3n que no s\u00f3lo afecta a los capitalinos, sino tambi\u00e9n a los habitantes de la Zona Metropolitana del Valle de M\u00e9xico (ZMVM), que incluye al Estado de M\u00e9xico e Hidalgo.<\/p>\n\n\n\n<p class=\"wp-block-paragraph\">En el \u00faltimo\u00a0<strong>informe anual de calidad del aire en la Ciudad de M\u00e9xico<\/strong>\u00a0se registraron\u00a0 135 d\u00edas limpios (37 por ciento), en los cuales ning\u00fan contaminante alcanz\u00f3 la categor\u00eda de mala calidad del aire, pero los 230 d\u00edas restantes (63 por ciento), uno o m\u00e1s contaminantes superaron el valor de su norma, de los cuales, 175 d\u00edas se ubicaron en la categor\u00eda \u201cMala calidad del aire\u201d, 49 en \u201cMuy Mala\u201d y 6 d\u00edas en \u201cExtremadamente Mala\u201d.<\/p>\n\n\n\n<p class=\"wp-block-paragraph\">La mala calidad del aire causa enfermedades. En 2018, la OMS estimaba que alrededor de 7 millones de personas mueren por la exposici\u00f3n a part\u00edculas de aire contaminado, ya que estas penetran los pulmones y el sistema cardiovascular, \u201ccausando enfermedades como la apoplej\u00eda, el c\u00e1ncer pulmonar y otras infecciones y dolencias pulmonares y cardiacas\u201d.<\/p>\n\n\n\n<blockquote class=\"wp-block-quote is-layout-flow wp-block-quote-is-layout-flow\"><p>Pero para 2024, el informe&nbsp;<em>Estado del aire global&nbsp;<\/em>que elabor\u00f3 el Instituto de Efectos sobre la Salud de Estados Unidos, y tambi\u00e9n ha sido difundido por la OMS, encontr\u00f3 que&nbsp; las muertes por la contaminaci\u00f3n atmosf\u00e9rica crecieron hasta 8.1 millones en todo el mundo en 2021.<\/p><\/blockquote>\n\n\n\n<p class=\"wp-block-paragraph\">La poblaci\u00f3n m\u00e1s afectada son las infancias, as\u00ed como las mujeres embarazadas y personas de la tercera edad y quienes tienen enfermedades respiratorias.<\/p>\n\n\n\n<p class=\"wp-block-paragraph\">\u201cEn 2022 se calcul\u00f3 que cada a\u00f1o fallecen prematuramente 442 mil ni\u00f1os menores de 5 a\u00f1os por respirar aire contaminado. Los datos revelan tambi\u00e9n que la exposici\u00f3n de las embarazadas a la contaminaci\u00f3n atmosf\u00e9rica podr\u00eda reducir el peso de los reci\u00e9n nacidos, y cada vez son m\u00e1s las pruebas que relacionan este tipo de contaminaci\u00f3n con el c\u00e1ncer y las enfermedades metab\u00f3licas y del neurodesarrollo en los ni\u00f1os\u201d, alerta la&nbsp;<a href=\"https:\/\/www.who.int\/es\/news-room\/spotlight\/how-air-pollution-is-destroying-our-health\">OMS<\/a>.<\/p>\n\n\n\n<p class=\"wp-block-paragraph\">En M\u00e9xico, el Centro Mario Molina se\u00f1ala que la exposici\u00f3n a concentraciones excesivas de contaminantes atmosf\u00e9ricos est\u00e1 entre los 15 primeros factores de riesgos a la salud.<\/p>\n\n\n\n<p class=\"wp-block-paragraph\">En este contexto, Stephan Brodziak expuso que el llamado de organizaciones civiles se ha centrado a que autoridades como las Secretar\u00edas de Salud, de Econom\u00eda y Medio Ambiente trabajen en conjunto para mejorar las regulaciones de las grandes industrias y se implementen pol\u00edticas para garantizar el derecho a un medio ambiente sano.<\/p>\n\n\n\n<p class=\"wp-block-paragraph\">La organizaci\u00f3n El Poder del Consumidor reconoce que las normas mexicanas sobre calidad del aire est\u00e1n por encima de los l\u00edmites establecidos por la OMS, pero a\u00fan son menos estrictas en comparaci\u00f3n con Estados Unidos y pa\u00edses de Europa.<\/p>\n\n\n\n<p class=\"wp-block-paragraph\">A nivel internacional el tema tambi\u00e9n preocupa, pero fue hasta 2022 que la Asamblea General de la ONU adopt\u00f3 una resoluci\u00f3n que reconoce el derecho al acceso a un medio ambiente limpio como un derecho humano universal. Aunque la resoluci\u00f3n no es vinculante, ha sido le\u00edda como un llamado a los gobiernos a comprometerse y garantizar este derecho..<\/p>\n\n\n\n<p class=\"wp-block-paragraph\">En 2019, la Asamblea General de las Naciones Unidas design\u00f3 el 7 de septiembre como el \u201cD\u00eda Internacional del Aire Limpio por un cielo azul\u201d, que se celebr\u00f3 por vez primera en 2020.<\/p>\n\n\n\n<p class=\"wp-block-paragraph\">Este a\u00f1o, el tema del D\u00eda Internacional del Aire Limpio por un cielo azul es \u201cInvertir en #AireLimpioAhora\u201d, para enfatizar que el dise\u00f1o de las soluciones debe incluir a los grandes inversores.<\/p>\n\n\n\n<p class=\"wp-block-paragraph\">\u201cNo hemos logrado garantizar una calidad del aire buena para pues todos los las personas que vienen en el pa\u00eds, se estima que el\u00a067\u00a0por ciento de la poblaci\u00f3n en M\u00e9xico vive en lugares de mala calidad del aire.\u00a0El Estado deber\u00eda ser garante de este derecho, sin embargo, estamos bastante lejos en nuestro pa\u00eds de poder disfrutar de una calidad del aire que permita el desarrollo pleno de nuestras funciones\u201d, mencion\u00f3 Stephan Brodziak.<\/p>\n\n\n\n<p class=\"wp-block-paragraph\">Fuente: sinembargo<\/p>\n","protected":false},"excerpt":{"rendered":"<p>Informaci\u00f3n difundida por la OMS estima que hasta 8.1 millones en todo el mundo murieron a causa de la contaminaci\u00f3n atmosf\u00e9rica en 2021, por lo que el llamado en M\u00e9xico es trabajar en acciones para garantizar el derecho a respirar aire limpio. La\u00a0contaminaci\u00f3n atmosf\u00e9rica\u00a0es uno de los principales\u00a0riesgos ambientales para la salud,\u00a0de acuerdo con la [&hellip;]<\/p>\n","protected":false},"author":2,"featured_media":132497,"comment_status":"open","ping_status":"open","sticky":false,"template":"","format":"standard","meta":{"footnotes":""},"categories":[56],"tags":[],"class_list":["post-132496","post","type-post","status-publish","format-standard","has-post-thumbnail","hentry","category-salud"],"_links":{"self":[{"href":"https:\/\/elcuartopoder.com.mx\/nw\/wp-json\/wp\/v2\/posts\/132496","targetHints":{"allow":["GET"]}}],"collection":[{"href":"https:\/\/elcuartopoder.com.mx\/nw\/wp-json\/wp\/v2\/posts"}],"about":[{"href":"https:\/\/elcuartopoder.com.mx\/nw\/wp-json\/wp\/v2\/types\/post"}],"author":[{"embeddable":true,"href":"https:\/\/elcuartopoder.com.mx\/nw\/wp-json\/wp\/v2\/users\/2"}],"replies":[{"embeddable":true,"href":"https:\/\/elcuartopoder.com.mx\/nw\/wp-json\/wp\/v2\/comments?post=132496"}],"version-history":[{"count":1,"href":"https:\/\/elcuartopoder.com.mx\/nw\/wp-json\/wp\/v2\/posts\/132496\/revisions"}],"predecessor-version":[{"id":132498,"href":"https:\/\/elcuartopoder.com.mx\/nw\/wp-json\/wp\/v2\/posts\/132496\/revisions\/132498"}],"wp:featuredmedia":[{"embeddable":true,"href":"https:\/\/elcuartopoder.com.mx\/nw\/wp-json\/wp\/v2\/media\/132497"}],"wp:attachment":[{"href":"https:\/\/elcuartopoder.com.mx\/nw\/wp-json\/wp\/v2\/media?parent=132496"}],"wp:term":[{"taxonomy":"category","embeddable":true,"href":"https:\/\/elcuartopoder.com.mx\/nw\/wp-json\/wp\/v2\/categories?post=132496"},{"taxonomy":"post_tag","embeddable":true,"href":"https:\/\/elcuartopoder.com.mx\/nw\/wp-json\/wp\/v2\/tags?post=132496"}],"curies":[{"name":"wp","href":"https:\/\/api.w.org\/{rel}","templated":true}]}}