{"id":132536,"date":"2024-09-17T13:33:03","date_gmt":"2024-09-17T18:33:03","guid":{"rendered":"http:\/\/elcuartopoder.com.mx\/nw\/?p=132536"},"modified":"2024-09-17T13:33:07","modified_gmt":"2024-09-17T18:33:07","slug":"recelo-a-la-vacuna-de-la-viruela-del-mono-en-la-republica-del-congo-dicen-que-es-una-forma-de-acabar-con-las-poblaciones-negras-y-modificar-su-adn","status":"publish","type":"post","link":"https:\/\/elcuartopoder.com.mx\/nw\/varios\/recelo-a-la-vacuna-de-la-viruela-del-mono-en-la-republica-del-congo-dicen-que-es-una-forma-de-acabar-con-las-poblaciones-negras-y-modificar-su-adn\/","title":{"rendered":"Recelo a la vacuna de la viruela del mono en la Rep\u00fablica del Congo: \u00abDicen que es una forma de acabar con las poblaciones negras y modificar su ADN\u00bb"},"content":{"rendered":"\n<p class=\"wp-block-paragraph\">Rep\u00fablica Democr\u00e1tica del Congo,\u00a0uno de los epicentros de contagio de la viruela del mono\u00a0(mpox) en \u00c1frica, vive un momento de m\u00e1xima tensi\u00f3n ante la inminente campa\u00f1a de vacunaci\u00f3n contra esta enfermedad. Por el momento, en lo que va de a\u00f1o.<\/p>\n","protected":false},"excerpt":{"rendered":"<p>Rep\u00fablica Democr\u00e1tica del Congo,\u00a0uno de los epicentros de contagio de la viruela del mono\u00a0(mpox) en \u00c1frica, vive un momento de m\u00e1xima tensi\u00f3n ante la inminente campa\u00f1a de vacunaci\u00f3n contra esta enfermedad. Por el momento, en lo que va de a\u00f1o.<\/p>\n","protected":false},"author":2,"featured_media":132537,"comment_status":"open","ping_status":"open","sticky":false,"template":"","format":"standard","meta":{"footnotes":""},"categories":[64],"tags":[],"class_list":["post-132536","post","type-post","status-publish","format-standard","has-post-thumbnail","hentry","category-varios"],"_links":{"self":[{"href":"https:\/\/elcuartopoder.com.mx\/nw\/wp-json\/wp\/v2\/posts\/132536","targetHints":{"allow":["GET"]}}],"collection":[{"href":"https:\/\/elcuartopoder.com.mx\/nw\/wp-json\/wp\/v2\/posts"}],"about":[{"href":"https:\/\/elcuartopoder.com.mx\/nw\/wp-json\/wp\/v2\/types\/post"}],"author":[{"embeddable":true,"href":"https:\/\/elcuartopoder.com.mx\/nw\/wp-json\/wp\/v2\/users\/2"}],"replies":[{"embeddable":true,"href":"https:\/\/elcuartopoder.com.mx\/nw\/wp-json\/wp\/v2\/comments?post=132536"}],"version-history":[{"count":1,"href":"https:\/\/elcuartopoder.com.mx\/nw\/wp-json\/wp\/v2\/posts\/132536\/revisions"}],"predecessor-version":[{"id":132538,"href":"https:\/\/elcuartopoder.com.mx\/nw\/wp-json\/wp\/v2\/posts\/132536\/revisions\/132538"}],"wp:featuredmedia":[{"embeddable":true,"href":"https:\/\/elcuartopoder.com.mx\/nw\/wp-json\/wp\/v2\/media\/132537"}],"wp:attachment":[{"href":"https:\/\/elcuartopoder.com.mx\/nw\/wp-json\/wp\/v2\/media?parent=132536"}],"wp:term":[{"taxonomy":"category","embeddable":true,"href":"https:\/\/elcuartopoder.com.mx\/nw\/wp-json\/wp\/v2\/categories?post=132536"},{"taxonomy":"post_tag","embeddable":true,"href":"https:\/\/elcuartopoder.com.mx\/nw\/wp-json\/wp\/v2\/tags?post=132536"}],"curies":[{"name":"wp","href":"https:\/\/api.w.org\/{rel}","templated":true}]}}