{"id":132570,"date":"2024-09-18T10:14:33","date_gmt":"2024-09-18T15:14:33","guid":{"rendered":"http:\/\/elcuartopoder.com.mx\/nw\/?p=132570"},"modified":"2024-09-18T10:14:35","modified_gmt":"2024-09-18T15:14:35","slug":"algo-sobre-la-4t","status":"publish","type":"post","link":"https:\/\/elcuartopoder.com.mx\/nw\/politica\/algo-sobre-la-4t\/","title":{"rendered":"Algo sobre la #4T"},"content":{"rendered":"\n<p class=\"wp-block-paragraph\">En 2013 el presidente de Morena, Mart\u00ed Batres, public\u00f3 un balance del neoliberalismo en M\u00e9xico (y faltaban cinco a\u00f1os) para entender contra qu\u00e9 nac\u00eda Morena: el neoliberalismo implicaba la polarizaci\u00f3n so cial, el empobrecimiento de los pobres; el desmantelamiento de los derechos sociales, la seguridad social y el sistema educativo; el nacimiento de \u201cuna oligarqu\u00eda econ\u00f3mica con poder pol\u00edtico e ideol\u00f3gico superior al de los \u00f3rganos formales del Estado\u201d; el crecimiento de la corrupci\u00f3n y la delincuencia; el estancamiento econ\u00f3mico.<\/p>\n\n\n\n<p class=\"wp-block-paragraph\">Las cifras oficiales de hace 11 a\u00f1os mostraban el desastre: en 2013, apenas 19.3 por ciento de la poblaci\u00f3n pod\u00eda considerarse no pobre: 11.7 millones de mexicanos viv\u00edan en la extrema pobreza; 51.9 en la pobreza y otros 32.2 millones en situaci\u00f3n de carencia. Y los datos del consumo popular, los ingresos reales, los abismos crecientes entre los m\u00e1s ricos y los m\u00e1s pobres.<\/p>\n\n\n\n<p class=\"wp-block-paragraph\">Fue para revertirlo que fuerzas de la izquierda social, as\u00ed como nacionalistas no necesariamente de izquierda, constituimos Morena en 2012, en que el PRD traicion\u00f3 a sus votantes y se sum\u00f3 abiertamente al pacto neoliberal, que sobrerrepresent\u00f3 durante seis a\u00f1os a las derechas. En 2018 Morena gan\u00f3 las elecciones y llev\u00f3 a AMLO a la Presidencia con un programa centrado en dos ejes: combatir la pobreza y frenar la corrupci\u00f3n. El resultado fue que seg\u00fan una instituci\u00f3n a la que nadie podr\u00e1 acusar de izquierdista (el Banco Mundial) de 2018 a 2023 la pobreza pas\u00f3 de 34.3 millones de personas a 24.7 millones. Seg\u00fan la misma fuente, \u201cen tiempos de Calder\u00f3n\u2026 un rico ganaba en promedio 35 veces m\u00e1s que un pobre, ahora la diferencia ha disminuido a 15 veces\u201d. \u00bfPor qu\u00e9 se lograron esas dos cosas? AMLO lo explica, en su m\u00e1s reciente libro:<\/p>\n\n\n\n<p class=\"wp-block-paragraph\">\u201cNuestra estrategia econ\u00f3mica se inspira en el pensamiento l\u00f3gico y eficaz de los magonistas de mejorar los ingresos de las mayor\u00edas para fortalecer el mercado interno e impulsar con ello la prosperidad de las actividades productivas del pa\u00eds. Atendemos a los pobres por convicci\u00f3n y por humanismo, pero tambi\u00e9n lo hacemos porque si destinamos los recursos a los menos favorecidos habremos de lograr una m\u00e1s r\u00e1pida reactivaci\u00f3n de la econom\u00eda para salir de la crisis\u2026\u201d<\/p>\n\n\n\n<p class=\"wp-block-paragraph\">Tres fueron las t\u00e1cticas claves: el aumento del salario m\u00ednimo en m\u00e1s de 100 por ciento; por ejemplo, el de los maestros en casi 40. Las infraestructuras, que reactivaron la econom\u00eda y el empleo. Y los programas de apoyo directo a la poblaci\u00f3n: por lo menos uno de esos programas llega a 30 de los 35 millones de hogares del pa\u00eds. Vale la pena hacer un recuento de los m\u00e1s significativos:<\/p>\n\n\n\n<p class=\"wp-block-paragraph\">1) M\u00e1s de 12 millones de adultos mayores reciben una pensi\u00f3n de 6 mil pesos bimestrales; 2) un mill\u00f3n 482 mil personas con discapacidad son apoyadas con 3 mil 100 pesos cada dos meses; 3) se otorgaron casi 11 millones de becas para estudiantes de educaci\u00f3n b\u00e1sica, m\u00e1s de 5 millones a estudiantes de bachillerato y un mill\u00f3n a 32 mil 895 alumnos universitarios de familias pobres. Adem\u00e1s, se apoya cada a\u00f1o a 262 mil madres solteras para que sus hijos no abandonen la escuela; 4) se crearon 202 universidades p\u00fablicas, donde estudian becados 56 mil 464 alumnos; 5) J\u00f3venes Construyendo el Futuro, programa que beca por un a\u00f1o a j\u00f3venes en su primer empleo, benefici\u00f3 a 3 millones de personas e indirectamente a las peque\u00f1as y medianas empresas que los contrataron; 6) querr\u00eda detenerme en el programa Sembrando Vida, pero no cabr\u00eda aqu\u00ed, s\u00f3lo dos datos: 442 mil trabajadores del campo beneficiados y mil 200 millones de \u00e1rboles sembrados (habr\u00e1 que darle continuidad y revisi\u00f3n constantes).<\/p>\n\n\n\n<p class=\"wp-block-paragraph\">Pero no s\u00f3lo se trata de los est\u00edmulos econ\u00f3micos directos, sino de transformaciones en muchos aspectos de la vida. Por ejemplo, el Programa de Mejoramiento Urbano, que construy\u00f3 m\u00e1s de mil 200 espacios p\u00fablicos (parques, centros culturales, mercados, plazas) en las poblaciones y barrios marginados. Quien dirigi\u00f3 el programa, el arquitecto Rom\u00e1n Meyer Falc\u00f3n, cuenta: \u201cTrabajar en las zonas m\u00e1s pobres y marginadas cambia la cara de los barrios, pero m\u00e1s all\u00e1 de la transformaci\u00f3n f\u00edsica, est\u00e1 el impacto positivo en la vida cotidiana de la gente. Ahora viven en entornos mejor iluminados, m\u00e1s seguros, con espacios deportivos, culturales, educativos y recreativos, lo que durante d\u00e9cadas se les neg\u00f3 por la ausencia y desinter\u00e9s del gobierno.<\/p>\n\n\n\n<p class=\"wp-block-paragraph\">\u201cCon las casi mil 300 obras que hemos construido en 200 municipios las comunidades se fortalecen, unidas en torno a una identidad com\u00fan que se genera en el espacio p\u00fablico. \u00c9sa es la transformaci\u00f3n del territorio.\u201d (Comunicaci\u00f3n personal con el autor).<\/p>\n\n\n\n<p class=\"wp-block-paragraph\">Dej\u00e9moslo aqu\u00ed, aunque, para terminar, \u00bfqu\u00e9 le falt\u00f3 al gobierno de AMLO? Suscribo buena parte de lo que escribi\u00f3 Abraham Nuncio (https:\/\/acortar.link\/KonQ5G), y hablar\u00eda tambi\u00e9n de la inseguridad y la violencia, que no pudieron ser eliminadas aunque se revirti\u00f3 su escalada; de la pol\u00edtica migratoria (ambas, transferencias a territorio mexicano de las enfermedades del imperio vecino) y otros temas. Hay tarea para rato, pero veo que la inteligencia de la doctora Claudia Sheinbaum y la prudencia de AMLO evitar\u00e1n que se repita en M\u00e9xico uno de los grandes problemas de los pa\u00edses hermanos: las rivalidades que surgieron entre Lula y Dilma, Cristina y Alberto, Evo y Lucho (no digo Len\u00edn Moreno, porque \u00e9se es solamente un traidor)\u2026 El segundo piso tiene una clara dirigente en la presidenta Claudia Sheinbaum y un programa claro, as\u00ed como tareas de urgente resoluci\u00f3n. A meter el hombro. Y s\u00ed, yo s\u00ed voy a extra\u00f1ar a AMLO.<\/p>\n","protected":false},"excerpt":{"rendered":"<p>En 2013 el presidente de Morena, Mart\u00ed Batres, public\u00f3 un balance del neoliberalismo en M\u00e9xico (y faltaban cinco a\u00f1os) para entender contra qu\u00e9 nac\u00eda Morena: el neoliberalismo implicaba la polarizaci\u00f3n so cial, el empobrecimiento de los pobres; el desmantelamiento de los derechos sociales, la seguridad social y el sistema educativo; el nacimiento de \u201cuna oligarqu\u00eda [&hellip;]<\/p>\n","protected":false},"author":2,"featured_media":132571,"comment_status":"open","ping_status":"open","sticky":false,"template":"","format":"standard","meta":{"footnotes":""},"categories":[61],"tags":[],"class_list":["post-132570","post","type-post","status-publish","format-standard","has-post-thumbnail","hentry","category-politica"],"_links":{"self":[{"href":"https:\/\/elcuartopoder.com.mx\/nw\/wp-json\/wp\/v2\/posts\/132570","targetHints":{"allow":["GET"]}}],"collection":[{"href":"https:\/\/elcuartopoder.com.mx\/nw\/wp-json\/wp\/v2\/posts"}],"about":[{"href":"https:\/\/elcuartopoder.com.mx\/nw\/wp-json\/wp\/v2\/types\/post"}],"author":[{"embeddable":true,"href":"https:\/\/elcuartopoder.com.mx\/nw\/wp-json\/wp\/v2\/users\/2"}],"replies":[{"embeddable":true,"href":"https:\/\/elcuartopoder.com.mx\/nw\/wp-json\/wp\/v2\/comments?post=132570"}],"version-history":[{"count":1,"href":"https:\/\/elcuartopoder.com.mx\/nw\/wp-json\/wp\/v2\/posts\/132570\/revisions"}],"predecessor-version":[{"id":132572,"href":"https:\/\/elcuartopoder.com.mx\/nw\/wp-json\/wp\/v2\/posts\/132570\/revisions\/132572"}],"wp:featuredmedia":[{"embeddable":true,"href":"https:\/\/elcuartopoder.com.mx\/nw\/wp-json\/wp\/v2\/media\/132571"}],"wp:attachment":[{"href":"https:\/\/elcuartopoder.com.mx\/nw\/wp-json\/wp\/v2\/media?parent=132570"}],"wp:term":[{"taxonomy":"category","embeddable":true,"href":"https:\/\/elcuartopoder.com.mx\/nw\/wp-json\/wp\/v2\/categories?post=132570"},{"taxonomy":"post_tag","embeddable":true,"href":"https:\/\/elcuartopoder.com.mx\/nw\/wp-json\/wp\/v2\/tags?post=132570"}],"curies":[{"name":"wp","href":"https:\/\/api.w.org\/{rel}","templated":true}]}}